{"id":29226,"date":"2024-10-04T10:30:49","date_gmt":"2024-10-04T08:30:49","guid":{"rendered":"https:\/\/bergers-schlagerparadies.de\/?p=29226"},"modified":"2024-10-04T10:30:07","modified_gmt":"2024-10-04T08:30:07","slug":"petra-susann-herbstgefluester-%c2%b7-bergers-schlagerparadies","status":"publish","type":"post","link":"https:\/\/bergers-schlagerparadies.de\/?p=29226","title":{"rendered":"Petra Susann &#8211; Herbstgefl\u00fcster \u00b7 Berger\u00b4s Schlagerparadies"},"content":{"rendered":"<p><img loading=\"lazy\" decoding=\"async\" class=\"size-medium wp-image-29227 alignleft\" src=\"https:\/\/bergers-schlagerparadies.de\/wp-content\/uploads\/2024\/09\/Petra-Susann-Herbstgefluester-300x300.jpeg\" alt=\"\" width=\"300\" height=\"300\" srcset=\"https:\/\/bergers-schlagerparadies.de\/wp-content\/uploads\/2024\/09\/Petra-Susann-Herbstgefluester-300x300.jpeg 300w, https:\/\/bergers-schlagerparadies.de\/wp-content\/uploads\/2024\/09\/Petra-Susann-Herbstgefluester-1024x1024.jpeg 1024w, https:\/\/bergers-schlagerparadies.de\/wp-content\/uploads\/2024\/09\/Petra-Susann-Herbstgefluester-150x150.jpeg 150w, https:\/\/bergers-schlagerparadies.de\/wp-content\/uploads\/2024\/09\/Petra-Susann-Herbstgefluester-768x768.jpeg 768w, https:\/\/bergers-schlagerparadies.de\/wp-content\/uploads\/2024\/09\/Petra-Susann-Herbstgefluester-1536x1536.jpeg 1536w, https:\/\/bergers-schlagerparadies.de\/wp-content\/uploads\/2024\/09\/Petra-Susann-Herbstgefluester-2048x2048.jpeg 2048w, https:\/\/bergers-schlagerparadies.de\/wp-content\/uploads\/2024\/09\/Petra-Susann-Herbstgefluester-1200x1200.jpeg 1200w, https:\/\/bergers-schlagerparadies.de\/wp-content\/uploads\/2024\/09\/Petra-Susann-Herbstgefluester-1188x1188.jpeg 1188w, https:\/\/bergers-schlagerparadies.de\/wp-content\/uploads\/2024\/09\/Petra-Susann-Herbstgefluester-100x100.jpeg 100w\" sizes=\"auto, (max-width: 300px) 100vw, 300px\" \/>Petra Susann ist eine M\u00fcnchner S\u00e4ngerin und Gitarristin, die mit \u201eHerbstgefl\u00fcster\u201c ihre erste selbstkomponierte Single auf Deutsch ver\u00f6ffentlicht.<\/p>\n<p>Der eing\u00e4ngige und leicht melancholische Song mit seinem poetischen Text l\u00e4dt zum Tr\u00e4umen und zum Mitsingen ein. Die gef\u00fchlvolle Stimme der sympathischen S\u00e4ngerin unterstreicht den besonderen Zauber des Titels, ihr melodisches Gitarrenspiel gibt \u201eHerbstgefl\u00fcster\u201c seine eigene, unverwechselbare Note. Ein Ohrwurm, der ber\u00fchrt und hervorragend in diese Jahreszeit passt.<\/p>\n<p>In der Vergangenheit war die vielseitige K\u00fcnstlerin auch Teil des Frauenduos \u201eClare\u201c, mit dem sie Singer-Songwriter Pop mit Harmoniegesang, viel Gitarren, Streichern und anspruchsvollen Texten auf englisch ver\u00f6ffentlichte. Zudem schreibt und produziert Petra Susann unter ihrem Nachnamen \u201eEichst\u00e4dt\u201c ihre eigenen instrumentalen Klangwelten, die f\u00fcr eine positive und entspannte Stimmung sorgen.<\/p>\n<p><span style=\"color: #800000;\"><strong>Quelle: Fiesta Records<\/strong><\/span><\/p>\n<p><span style=\"color: #800000;\"><strong>Dieser Song ist ab dem 04.10.2024 auf allen Download- und Streaming-Portalen erh\u00e4ltlich.\u00a0<\/strong><\/span><\/p>\n<p><span style=\"color: #800000;\"><strong>Airdate (f\u00fcr Radiosender): 04.10.2024<\/strong><\/span><\/p>\n","protected":false},"excerpt":{"rendered":"<p>Petra Susann ist eine M\u00fcnchner S\u00e4ngerin und Gitarristin, die mit \u201eHerbstgefl\u00fcster\u201c ihre erste selbstkomponierte Single auf Deutsch ver\u00f6ffentlicht. Der eing\u00e4ngige und leicht melancholische Song mit seinem poetischen Text l\u00e4dt zum Tr\u00e4umen und zum Mitsingen ein. Die gef\u00fchlvolle Stimme der sympathischen S\u00e4ngerin unterstreicht den besonderen Zauber des Titels, ihr melodisches Gitarrenspiel gibt \u201eHerbstgefl\u00fcster\u201c seine eigene, unverwechselbare Note. Ein Ohrwurm, der ber\u00fchrt und hervorragend in diese Jahreszeit passt. In der Vergangenheit war die vielseitige K\u00fcnstlerin auch Teil des Frauenduos \u201eClare\u201c, mit dem sie Singer-Songwriter Pop mit Harmoniegesang, viel Gitarren, Streichern und anspruchsvollen Texten auf englisch ver\u00f6ffentlichte. Zudem schreibt und produziert Petra Susann unter ihrem Nachnamen \u201eEichst\u00e4dt\u201c ihre&#8230;<\/p>\n","protected":false},"author":1,"featured_media":29227,"comment_status":"open","ping_status":"open","sticky":false,"template":"","format":"standard","meta":{"footnotes":""},"categories":[2],"tags":[3038],"class_list":["post-29226","post","type-post","status-publish","format-standard","has-post-thumbnail","hentry","category-schlager","tag-petra-susann","wpcat-2-id"],"_links":{"self":[{"href":"https:\/\/bergers-schlagerparadies.de\/index.php?rest_route=\/wp\/v2\/posts\/29226","targetHints":{"allow":["GET"]}}],"collection":[{"href":"https:\/\/bergers-schlagerparadies.de\/index.php?rest_route=\/wp\/v2\/posts"}],"about":[{"href":"https:\/\/bergers-schlagerparadies.de\/index.php?rest_route=\/wp\/v2\/types\/post"}],"author":[{"embeddable":true,"href":"https:\/\/bergers-schlagerparadies.de\/index.php?rest_route=\/wp\/v2\/users\/1"}],"replies":[{"embeddable":true,"href":"https:\/\/bergers-schlagerparadies.de\/index.php?rest_route=%2Fwp%2Fv2%2Fcomments&post=29226"}],"version-history":[{"count":2,"href":"https:\/\/bergers-schlagerparadies.de\/index.php?rest_route=\/wp\/v2\/posts\/29226\/revisions"}],"predecessor-version":[{"id":29411,"href":"https:\/\/bergers-schlagerparadies.de\/index.php?rest_route=\/wp\/v2\/posts\/29226\/revisions\/29411"}],"wp:featuredmedia":[{"embeddable":true,"href":"https:\/\/bergers-schlagerparadies.de\/index.php?rest_route=\/wp\/v2\/media\/29227"}],"wp:attachment":[{"href":"https:\/\/bergers-schlagerparadies.de\/index.php?rest_route=%2Fwp%2Fv2%2Fmedia&parent=29226"}],"wp:term":[{"taxonomy":"category","embeddable":true,"href":"https:\/\/bergers-schlagerparadies.de\/index.php?rest_route=%2Fwp%2Fv2%2Fcategories&post=29226"},{"taxonomy":"post_tag","embeddable":true,"href":"https:\/\/bergers-schlagerparadies.de\/index.php?rest_route=%2Fwp%2Fv2%2Ftags&post=29226"}],"curies":[{"name":"wp","href":"https:\/\/api.w.org\/{rel}","templated":true}]}}