{"id":29195,"date":"2024-09-27T09:20:19","date_gmt":"2024-09-27T07:20:19","guid":{"rendered":"https:\/\/bergers-schlagerparadies.de\/?p=29195"},"modified":"2024-09-27T09:20:19","modified_gmt":"2024-09-27T07:20:19","slug":"revolverheld-alles-immer-besser-%c2%b7-bergers-schlagerparadies","status":"publish","type":"post","link":"https:\/\/bergers-schlagerparadies.de\/?p=29195","title":{"rendered":"Revolverheld &#8211; Alles immer besser \u00b7 Berger\u00b4s Schlagerparadies"},"content":{"rendered":"<p><img loading=\"lazy\" decoding=\"async\" class=\"size-medium wp-image-29196 alignleft\" src=\"https:\/\/bergers-schlagerparadies.de\/wp-content\/uploads\/2024\/09\/Revolverheld-Alles-immer-besser-300x300.jpeg\" alt=\"\" width=\"300\" height=\"300\" srcset=\"https:\/\/bergers-schlagerparadies.de\/wp-content\/uploads\/2024\/09\/Revolverheld-Alles-immer-besser-300x300.jpeg 300w, https:\/\/bergers-schlagerparadies.de\/wp-content\/uploads\/2024\/09\/Revolverheld-Alles-immer-besser-1024x1024.jpeg 1024w, https:\/\/bergers-schlagerparadies.de\/wp-content\/uploads\/2024\/09\/Revolverheld-Alles-immer-besser-150x150.jpeg 150w, https:\/\/bergers-schlagerparadies.de\/wp-content\/uploads\/2024\/09\/Revolverheld-Alles-immer-besser-768x768.jpeg 768w, https:\/\/bergers-schlagerparadies.de\/wp-content\/uploads\/2024\/09\/Revolverheld-Alles-immer-besser-1536x1536.jpeg 1536w, https:\/\/bergers-schlagerparadies.de\/wp-content\/uploads\/2024\/09\/Revolverheld-Alles-immer-besser-1200x1200.jpeg 1200w, https:\/\/bergers-schlagerparadies.de\/wp-content\/uploads\/2024\/09\/Revolverheld-Alles-immer-besser-1188x1188.jpeg 1188w, https:\/\/bergers-schlagerparadies.de\/wp-content\/uploads\/2024\/09\/Revolverheld-Alles-immer-besser-100x100.jpeg 100w, https:\/\/bergers-schlagerparadies.de\/wp-content\/uploads\/2024\/09\/Revolverheld-Alles-immer-besser.jpeg 2000w\" sizes=\"auto, (max-width: 300px) 100vw, 300px\" \/>Die Band Revolverheld bringt ihre neue Single \u201eAlles immer besser\u201c am 27.09.2024 auf den Markt. Der Titel wird nicht nur als neuer Song der Band ver\u00f6ffentlicht, sondern dient auch als Titelsong zur neuen Sat.1 Vorabendserie \u201eF\u00fcr alle F\u00e4lle Familie\u201c, die diese Woche startet. Besonders bemerkenswert: Die Hauptrolle in der Serie spielt Anna Wolfers, die Ehefrau von Revolverheld-Frontmann Johannes Strate.<\/p>\n<p>Der Song kn\u00fcpft musikalisch und thematisch an bekannte Titel der Band aus den letzten Jahren an. Revolverheld zeigt sich nach beinahe 20 Jahren Bandgeschichte einmal mehr als pr\u00e4gende Gr\u00f6\u00dfe der deutschsprachigen Pop- und Rockmusik, die mit eing\u00e4ngigen Melodien und authentischen Texten \u00fcberzeugt.<\/p>\n<p>Erst im Fr\u00fchjahr hatte die Band das Album \u201eRH1\u201c ver\u00f6ffentlicht, das mit einem untypisch h\u00e4rteren Sound ausschlie\u00dflich auf Tour und nicht im Handel erh\u00e4ltlich war. Anschlie\u00dfend schufen sie mit \u201eEinfach machen\u201c den offiziellen Song f\u00fcr die ARD-Olympia-Berichterstattung. Mit \u201eAlles immer besser\u201c legen sie nun eine weitere Single vor, die durch die Verkn\u00fcpfung zur Serie eine besondere Relevanz erh\u00e4lt.<\/p>\n<p><span style=\"color: #800000;\"><strong>Quelle: Embassy of Music<\/strong><\/span><\/p>\n<p><span style=\"color: #800000;\"><strong>Dieser Song ist ab dem 27.09.2024 auf allen Download- und Streaming-Portalen erh\u00e4ltlich.\u00a0<\/strong><\/span><\/p>\n<p><span style=\"color: #800000;\"><strong>Airdate (f\u00fcr Radiosender): 27.09.2024<\/strong><\/span><\/p>\n","protected":false},"excerpt":{"rendered":"<p>Die Band Revolverheld bringt ihre neue Single \u201eAlles immer besser\u201c am 27.09.2024 auf den Markt. Der Titel wird nicht nur als neuer Song der Band ver\u00f6ffentlicht, sondern dient auch als Titelsong zur neuen Sat.1 Vorabendserie \u201eF\u00fcr alle F\u00e4lle Familie\u201c, die diese Woche startet. Besonders bemerkenswert: Die Hauptrolle in der Serie spielt Anna Wolfers, die Ehefrau von Revolverheld-Frontmann Johannes Strate. Der Song kn\u00fcpft musikalisch und thematisch an bekannte Titel der Band aus den letzten Jahren an. Revolverheld zeigt sich nach beinahe 20 Jahren Bandgeschichte einmal mehr als pr\u00e4gende Gr\u00f6\u00dfe der deutschsprachigen Pop- und Rockmusik, die mit eing\u00e4ngigen Melodien und authentischen Texten \u00fcberzeugt. Erst im Fr\u00fchjahr hatte&#8230;<\/p>\n","protected":false},"author":1,"featured_media":29196,"comment_status":"open","ping_status":"open","sticky":false,"template":"","format":"standard","meta":{"footnotes":""},"categories":[2],"tags":[201],"class_list":["post-29195","post","type-post","status-publish","format-standard","has-post-thumbnail","hentry","category-schlager","tag-revolverheld","wpcat-2-id"],"_links":{"self":[{"href":"https:\/\/bergers-schlagerparadies.de\/index.php?rest_route=\/wp\/v2\/posts\/29195","targetHints":{"allow":["GET"]}}],"collection":[{"href":"https:\/\/bergers-schlagerparadies.de\/index.php?rest_route=\/wp\/v2\/posts"}],"about":[{"href":"https:\/\/bergers-schlagerparadies.de\/index.php?rest_route=\/wp\/v2\/types\/post"}],"author":[{"embeddable":true,"href":"https:\/\/bergers-schlagerparadies.de\/index.php?rest_route=\/wp\/v2\/users\/1"}],"replies":[{"embeddable":true,"href":"https:\/\/bergers-schlagerparadies.de\/index.php?rest_route=%2Fwp%2Fv2%2Fcomments&post=29195"}],"version-history":[{"count":1,"href":"https:\/\/bergers-schlagerparadies.de\/index.php?rest_route=\/wp\/v2\/posts\/29195\/revisions"}],"predecessor-version":[{"id":29198,"href":"https:\/\/bergers-schlagerparadies.de\/index.php?rest_route=\/wp\/v2\/posts\/29195\/revisions\/29198"}],"wp:featuredmedia":[{"embeddable":true,"href":"https:\/\/bergers-schlagerparadies.de\/index.php?rest_route=\/wp\/v2\/media\/29196"}],"wp:attachment":[{"href":"https:\/\/bergers-schlagerparadies.de\/index.php?rest_route=%2Fwp%2Fv2%2Fmedia&parent=29195"}],"wp:term":[{"taxonomy":"category","embeddable":true,"href":"https:\/\/bergers-schlagerparadies.de\/index.php?rest_route=%2Fwp%2Fv2%2Fcategories&post=29195"},{"taxonomy":"post_tag","embeddable":true,"href":"https:\/\/bergers-schlagerparadies.de\/index.php?rest_route=%2Fwp%2Fv2%2Ftags&post=29195"}],"curies":[{"name":"wp","href":"https:\/\/api.w.org\/{rel}","templated":true}]}}