{"id":29074,"date":"2024-09-20T15:48:47","date_gmt":"2024-09-20T13:48:47","guid":{"rendered":"https:\/\/bergers-schlagerparadies.de\/?p=29074"},"modified":"2024-09-20T15:48:47","modified_gmt":"2024-09-20T13:48:47","slug":"hans-van-der-velde-a-sailor-%c2%b7-bergers-schlagerparadies","status":"publish","type":"post","link":"https:\/\/bergers-schlagerparadies.de\/?p=29074","title":{"rendered":"Hans van der Velde &#8211; A Sailor \u00b7 Berger\u00b4s Schlagerparadies"},"content":{"rendered":"<p><img loading=\"lazy\" decoding=\"async\" class=\"size-medium wp-image-29075 alignleft\" src=\"https:\/\/bergers-schlagerparadies.de\/wp-content\/uploads\/2024\/09\/Hans-van-der-Velde-A-Sailor-300x300.jpg\" alt=\"\" width=\"300\" height=\"300\" srcset=\"https:\/\/bergers-schlagerparadies.de\/wp-content\/uploads\/2024\/09\/Hans-van-der-Velde-A-Sailor-300x300.jpg 300w, https:\/\/bergers-schlagerparadies.de\/wp-content\/uploads\/2024\/09\/Hans-van-der-Velde-A-Sailor-1024x1024.jpg 1024w, https:\/\/bergers-schlagerparadies.de\/wp-content\/uploads\/2024\/09\/Hans-van-der-Velde-A-Sailor-150x150.jpg 150w, https:\/\/bergers-schlagerparadies.de\/wp-content\/uploads\/2024\/09\/Hans-van-der-Velde-A-Sailor-768x768.jpg 768w, https:\/\/bergers-schlagerparadies.de\/wp-content\/uploads\/2024\/09\/Hans-van-der-Velde-A-Sailor-1536x1536.jpg 1536w, https:\/\/bergers-schlagerparadies.de\/wp-content\/uploads\/2024\/09\/Hans-van-der-Velde-A-Sailor-2048x2048.jpg 2048w, https:\/\/bergers-schlagerparadies.de\/wp-content\/uploads\/2024\/09\/Hans-van-der-Velde-A-Sailor-1200x1200.jpg 1200w, https:\/\/bergers-schlagerparadies.de\/wp-content\/uploads\/2024\/09\/Hans-van-der-Velde-A-Sailor-1188x1188.jpg 1188w, https:\/\/bergers-schlagerparadies.de\/wp-content\/uploads\/2024\/09\/Hans-van-der-Velde-A-Sailor-100x100.jpg 100w\" sizes=\"auto, (max-width: 300px) 100vw, 300px\" \/>Nach seinen erfolgreichen Titeln \u201eGood Old Country Songs\u201c, dem Duett \u201eStorm\u201c mit S\u00e4ngerin Lonneke und \u201eJetzt ist alles anders\u201c kehrt Hans van der Velde mit einem neuen Song zur\u00fcck. Seine neueste Single \u201eA Sailor\u201c ist ein stimmungsvoller Country-Titel, der die H\u00f6rer auf eine musikalische Reise mitnimmt.<\/p>\n<p>Der Song \u201eA Sailor\u201c, komponiert von Tim Hemme, mit Texten von Hilde Vos und Backingvocals von Cassandra Kamp, wurde im renommierten Studio \u201eHet Atelier\u201c bei Frans Vollink aufgenommen. Diese Produktion tr\u00e4gt die Handschrift von Hevo Production und vereint erstklassige Musik mit emotionalen Texten, die von der Sehnsucht eines Seemanns erz\u00e4hlen.<\/p>\n<p>Hans van der Velde, der vor 40 Jahren als Neil Diamond-Interpret begann und seitdem mit vielseitiger Musik in mehreren Sprachen begeistert, bleibt auch in \u201eA Sailor\u201c seinem Motto treu: \u201emach es einfach, dann bist du schon verr\u00fcckt genug\u201c. Mit modernisiertem Equipment und einem umfangreichen Repertoire zeigt er erneut sein K\u00f6nnen und seine Leidenschaft f\u00fcr die Musik.<\/p>\n<p>\u201eA Sailor\u201c ist ab sofort auf allen g\u00e4ngigen Musikplattformen verf\u00fcgbar und verspricht, Fans von Hans van der Velde und Liebhaber des Country-Genres gleicherma\u00dfen zu begeistern.<\/p>\n<p><span style=\"color: #800000;\"><strong>Quelle: Fiesta Records<\/strong><\/span><\/p>\n<p><span style=\"color: #800000;\"><strong>Dieser Song ist ab dem 20.09.2024 auf allen Download- und Streaming-Portalen erh\u00e4ltlich.\u00a0<\/strong><\/span><\/p>\n<p><span style=\"color: #800000;\"><strong>Airdate (f\u00fcr Radiosender): 20.09.2024<\/strong><\/span><\/p>\n<p>&nbsp;<\/p>\n","protected":false},"excerpt":{"rendered":"<p>Nach seinen erfolgreichen Titeln \u201eGood Old Country Songs\u201c, dem Duett \u201eStorm\u201c mit S\u00e4ngerin Lonneke und \u201eJetzt ist alles anders\u201c kehrt Hans van der Velde mit einem neuen Song zur\u00fcck. Seine neueste Single \u201eA Sailor\u201c ist ein stimmungsvoller Country-Titel, der die H\u00f6rer auf eine musikalische Reise mitnimmt. Der Song \u201eA Sailor\u201c, komponiert von Tim Hemme, mit Texten von Hilde Vos und Backingvocals von Cassandra Kamp, wurde im renommierten Studio \u201eHet Atelier\u201c bei Frans Vollink aufgenommen. Diese Produktion tr\u00e4gt die Handschrift von Hevo Production und vereint erstklassige Musik mit emotionalen Texten, die von der Sehnsucht eines Seemanns erz\u00e4hlen. Hans van der Velde, der vor 40 Jahren als&#8230;<\/p>\n","protected":false},"author":1,"featured_media":29075,"comment_status":"open","ping_status":"open","sticky":false,"template":"","format":"standard","meta":{"footnotes":""},"categories":[2],"tags":[3019],"class_list":["post-29074","post","type-post","status-publish","format-standard","has-post-thumbnail","hentry","category-schlager","tag-hans-van-der-velde","wpcat-2-id"],"_links":{"self":[{"href":"https:\/\/bergers-schlagerparadies.de\/index.php?rest_route=\/wp\/v2\/posts\/29074","targetHints":{"allow":["GET"]}}],"collection":[{"href":"https:\/\/bergers-schlagerparadies.de\/index.php?rest_route=\/wp\/v2\/posts"}],"about":[{"href":"https:\/\/bergers-schlagerparadies.de\/index.php?rest_route=\/wp\/v2\/types\/post"}],"author":[{"embeddable":true,"href":"https:\/\/bergers-schlagerparadies.de\/index.php?rest_route=\/wp\/v2\/users\/1"}],"replies":[{"embeddable":true,"href":"https:\/\/bergers-schlagerparadies.de\/index.php?rest_route=%2Fwp%2Fv2%2Fcomments&post=29074"}],"version-history":[{"count":1,"href":"https:\/\/bergers-schlagerparadies.de\/index.php?rest_route=\/wp\/v2\/posts\/29074\/revisions"}],"predecessor-version":[{"id":29076,"href":"https:\/\/bergers-schlagerparadies.de\/index.php?rest_route=\/wp\/v2\/posts\/29074\/revisions\/29076"}],"wp:featuredmedia":[{"embeddable":true,"href":"https:\/\/bergers-schlagerparadies.de\/index.php?rest_route=\/wp\/v2\/media\/29075"}],"wp:attachment":[{"href":"https:\/\/bergers-schlagerparadies.de\/index.php?rest_route=%2Fwp%2Fv2%2Fmedia&parent=29074"}],"wp:term":[{"taxonomy":"category","embeddable":true,"href":"https:\/\/bergers-schlagerparadies.de\/index.php?rest_route=%2Fwp%2Fv2%2Fcategories&post=29074"},{"taxonomy":"post_tag","embeddable":true,"href":"https:\/\/bergers-schlagerparadies.de\/index.php?rest_route=%2Fwp%2Fv2%2Ftags&post=29074"}],"curies":[{"name":"wp","href":"https:\/\/api.w.org\/{rel}","templated":true}]}}