{"id":29043,"date":"2024-09-20T11:33:54","date_gmt":"2024-09-20T09:33:54","guid":{"rendered":"https:\/\/bergers-schlagerparadies.de\/?p=29043"},"modified":"2024-09-20T11:33:54","modified_gmt":"2024-09-20T09:33:54","slug":"giovanni-zarrella-mi-piace-%c2%b7-bergers-schlagerparadies","status":"publish","type":"post","link":"https:\/\/bergers-schlagerparadies.de\/?p=29043","title":{"rendered":"Giovanni Zarrella &#8211; Mi Piace \u00b7 Berger\u00b4s Schlagerparadies"},"content":{"rendered":"<p><img loading=\"lazy\" decoding=\"async\" class=\"size-medium wp-image-29044 alignleft\" src=\"https:\/\/bergers-schlagerparadies.de\/wp-content\/uploads\/2024\/09\/Giovanni-Zarrella-Mi-Piace-300x300.jpeg\" alt=\"\" width=\"300\" height=\"300\" srcset=\"https:\/\/bergers-schlagerparadies.de\/wp-content\/uploads\/2024\/09\/Giovanni-Zarrella-Mi-Piace-300x300.jpeg 300w, https:\/\/bergers-schlagerparadies.de\/wp-content\/uploads\/2024\/09\/Giovanni-Zarrella-Mi-Piace-1024x1024.jpeg 1024w, https:\/\/bergers-schlagerparadies.de\/wp-content\/uploads\/2024\/09\/Giovanni-Zarrella-Mi-Piace-150x150.jpeg 150w, https:\/\/bergers-schlagerparadies.de\/wp-content\/uploads\/2024\/09\/Giovanni-Zarrella-Mi-Piace-768x767.jpeg 768w, https:\/\/bergers-schlagerparadies.de\/wp-content\/uploads\/2024\/09\/Giovanni-Zarrella-Mi-Piace-1188x1187.jpeg 1188w, https:\/\/bergers-schlagerparadies.de\/wp-content\/uploads\/2024\/09\/Giovanni-Zarrella-Mi-Piace-100x100.jpeg 100w, https:\/\/bergers-schlagerparadies.de\/wp-content\/uploads\/2024\/09\/Giovanni-Zarrella-Mi-Piace.jpeg 1200w\" sizes=\"auto, (max-width: 300px) 100vw, 300px\" \/>\u2022Giovanni Zarrella ist ein Mitte 40-j\u00e4hriger Musiker und TV-Moderator mit deutsch-italienischen Wurzeln. Geboren wurde er in Hechingen, Baden-W\u00fcrttemberg.<br \/>\n\u2022Er wuchs zweisprachig deutsch-italienisch auf. Bereits in jungen Jahren nahm er Klavier und Orgelunterricht, mit 15 Gesangsunterricht. Mit 16 Jahren gr\u00fcndete er seine erste Band Brotherhood.<br \/>\n\u2022In den fr\u00fchen 1990er Jahren lebte er mit seiner Familie in Italien. Er besitzt die italienische Staatsb\u00fcrgerschaft.<br \/>\n\u2022Von 2001 bis zur Aufl\u00f6sung 2006 war er Mitglied der Band Bro\u2019Sis, die aus der TV-Castingshow Popstars hervorging und mit der er gro\u00dfe Erfolge feierte, 4 Mio verkaufte Alben; u.a. #1 in DE und AT, 2-fach Platin und 2-fach Gold f\u00fcr das Deb\u00fct-Album \u201cNever Forget (Where You Come From)\u201d.<br \/>\n\u2022Nach dem Ende von Bro\u2019Sis war Zarrella in verschiedenen TV-Shows und Serien pr\u00e4sent. Einem gr\u00f6\u00dferen TV-Publikum bekannt wurde er Mitte der 2000er durch die TV-Reality-Formate mit seiner Partnerin Jana Ina Zarrella.<br \/>\n\u2022Seit 2021 hat er mit der \u201cGiovanni Zarrella Show\u201d seine eigene TV-Musikshow im ZDF &#8211; heute die gr\u00f6\u00dfte Samstagabendshow im deutschen Fernsehen.<br \/>\n\u20222023 eroberte er als Coach bei \u201eThe Voice of Germany\u201c die Herzen des jungen Publikums.<br \/>\n\u2022Parallel zu seiner Karriere als TV-Moderator baute er ab 2006 seine Karriere als Solomusiker aus. Seine erste Solosingle erschien im selben Jahr.<br \/>\n\u2022Seit November 2023 steht er bei Warner Music Central Europe unter Vertrag und hat damit die n\u00e4chste Phase seiner Ausnahmekarriere eingeleitet: eigene Songs und internationale Releases.<br \/>\n\u2022Mit der Ver\u00f6ffentlichung seiner ersten beiden Singles unter neuer Labelflagge hat Giovanni Zarrella nicht nur ein neues Kapitel seiner Karriere aufgeschlagen, sondern auch ein gewaltiges \u00f6ffentliches Echo hervorgerufen.<br \/>\n\u2022Am 20. September folgt mit \u201eMi Piace\u201c seine dritte Single, mit der er den neu eingeschlagenen Weg konsequent und mit gro\u00dfer Leichtigkeit und Leidenschaft fortsetzt.<br \/>\n\u2022Mit \u201eMi Piace\u201c legt der mehrfach mit Doppel-Platin- und Gold-Awards ausgezeichnete Solok\u00fcnstler, Moderator und Entertainer zum Ende der Sonnenmonate, erneut einen hochmodern klingenden Italo-Pop-Song vor, der beweist, dass Sommer nicht nur eine Jahreszeit, sondern vielmehr ein Gef\u00fchl ist.<br \/>\n\u2022Seine zweite Single \u201eFantastico\u201c ist am 7. Juni erschienen. Der aufregende Popsong \u00fcber eine nicht nur meteorologisch gesehen hei\u00dfe Sommernacht unter der Italo-Disco-Kugel performt seit Release stark: \u00dcber 115.000 Creations auf TikTok aus ganz Europa mit \u00fcber 210 Mio Views sind eine klare Ansage der Italodisco-affinen Community. Der Song stieg in die Top 200 der deutschen Airplay-Charts ein, wurde europaweit im Radio gespielt und hat nicht nur Jan B\u00f6hmermann und Klaas Heufer-Umlauf zu echten Fans gemacht, die in ihren Podcasts von &#8222;Fantastico&#8220; schw\u00e4rmten.<br \/>\n\u2022Dar\u00fcber hinaus wurde der Song zum Release in rund 20 Playlisten der DSPs gefeatured.<br \/>\n\u2022Der K\u00fcnstler selbst sagt \u00fcber den Song: &#8222;FANTASTICO ist der Inbegriff meines neuen Sounds. Mit keinem anderen Song l\u00e4sst sich diese neue Reise besser beschreiben.&#8220;<br \/>\n\u2022\u00dcber seinen musikalischen Neustart berichteten Medien wie WAZ, NRZ, Bild am Sonntag, Der Westen, ZEIT Online, Stern u.v.m.<br \/>\n\u2022Seit M\u00e4rz war Giovanni dar\u00fcber hinaus in unterschiedlichsten, reichweitenstarken TV-Formaten zu sehen, darunter seiner eigenen ZDF-Show &#8222;Die Giovanni Zarrella Show&#8220;, dem SAT.1 Fr\u00fchst\u00fcckfernsehen, dem ZDF Morgenmagazin, ZDF \u201eDas aktuelle Sportstudio\u201c, Late Night Berlin, RTL \u201eExklusiv\u201c, RTL \u201eExplosiv\u201c u.v.m.<\/p>\n<p><span style=\"color: #800000;\"><strong>Quelle: Warner Music Central Europe<\/strong><\/span><\/p>\n<p><span style=\"color: #800000;\"><strong>Dieser Song ist ab dem 20.09.2024 auf allen Download- und Streaming-Portalen erh\u00e4ltlich.\u00a0<\/strong><\/span><\/p>\n<p><span style=\"color: #800000;\"><strong>Airdate (f\u00fcr Radiosender): 20.09.2024<\/strong><\/span><\/p>\n","protected":false},"excerpt":{"rendered":"<p>\u2022Giovanni Zarrella ist ein Mitte 40-j\u00e4hriger Musiker und TV-Moderator mit deutsch-italienischen Wurzeln. Geboren wurde er in Hechingen, Baden-W\u00fcrttemberg. \u2022Er wuchs zweisprachig deutsch-italienisch auf. Bereits in jungen Jahren nahm er Klavier und Orgelunterricht, mit 15 Gesangsunterricht. Mit 16 Jahren gr\u00fcndete er seine erste Band Brotherhood. \u2022In den fr\u00fchen 1990er Jahren lebte er mit seiner Familie in Italien. Er besitzt die italienische Staatsb\u00fcrgerschaft. \u2022Von 2001 bis zur Aufl\u00f6sung 2006 war er Mitglied der Band Bro\u2019Sis, die aus der TV-Castingshow Popstars hervorging und mit der er gro\u00dfe Erfolge feierte, 4 Mio verkaufte Alben; u.a. #1 in DE und AT, 2-fach Platin und 2-fach Gold f\u00fcr das Deb\u00fct-Album \u201cNever&#8230;<\/p>\n","protected":false},"author":1,"featured_media":29044,"comment_status":"open","ping_status":"open","sticky":false,"template":"","format":"standard","meta":{"footnotes":""},"categories":[2],"tags":[323],"class_list":["post-29043","post","type-post","status-publish","format-standard","has-post-thumbnail","hentry","category-schlager","tag-giovanni-zarrella","wpcat-2-id"],"_links":{"self":[{"href":"https:\/\/bergers-schlagerparadies.de\/index.php?rest_route=\/wp\/v2\/posts\/29043","targetHints":{"allow":["GET"]}}],"collection":[{"href":"https:\/\/bergers-schlagerparadies.de\/index.php?rest_route=\/wp\/v2\/posts"}],"about":[{"href":"https:\/\/bergers-schlagerparadies.de\/index.php?rest_route=\/wp\/v2\/types\/post"}],"author":[{"embeddable":true,"href":"https:\/\/bergers-schlagerparadies.de\/index.php?rest_route=\/wp\/v2\/users\/1"}],"replies":[{"embeddable":true,"href":"https:\/\/bergers-schlagerparadies.de\/index.php?rest_route=%2Fwp%2Fv2%2Fcomments&post=29043"}],"version-history":[{"count":1,"href":"https:\/\/bergers-schlagerparadies.de\/index.php?rest_route=\/wp\/v2\/posts\/29043\/revisions"}],"predecessor-version":[{"id":29045,"href":"https:\/\/bergers-schlagerparadies.de\/index.php?rest_route=\/wp\/v2\/posts\/29043\/revisions\/29045"}],"wp:featuredmedia":[{"embeddable":true,"href":"https:\/\/bergers-schlagerparadies.de\/index.php?rest_route=\/wp\/v2\/media\/29044"}],"wp:attachment":[{"href":"https:\/\/bergers-schlagerparadies.de\/index.php?rest_route=%2Fwp%2Fv2%2Fmedia&parent=29043"}],"wp:term":[{"taxonomy":"category","embeddable":true,"href":"https:\/\/bergers-schlagerparadies.de\/index.php?rest_route=%2Fwp%2Fv2%2Fcategories&post=29043"},{"taxonomy":"post_tag","embeddable":true,"href":"https:\/\/bergers-schlagerparadies.de\/index.php?rest_route=%2Fwp%2Fv2%2Ftags&post=29043"}],"curies":[{"name":"wp","href":"https:\/\/api.w.org\/{rel}","templated":true}]}}