{"id":29014,"date":"2024-09-23T10:30:49","date_gmt":"2024-09-23T08:30:49","guid":{"rendered":"https:\/\/bergers-schlagerparadies.de\/?p=29014"},"modified":"2024-09-23T22:01:42","modified_gmt":"2024-09-23T20:01:42","slug":"sarah-ann-ich-bin-keine-diva-%c2%b7-bergers-schlagerparadies","status":"publish","type":"post","link":"https:\/\/bergers-schlagerparadies.de\/?p=29014","title":{"rendered":"Sarah-ANN &#8211; Ich bin keine Diva \u00b7 Berger\u00b4s Schlagerparadies"},"content":{"rendered":"<p><img loading=\"lazy\" decoding=\"async\" class=\"size-medium wp-image-29015 alignleft\" src=\"https:\/\/bergers-schlagerparadies.de\/wp-content\/uploads\/2024\/09\/Sarah-ANN-Ich-bin-keine-Diva-300x300.jpeg\" alt=\"\" width=\"300\" height=\"300\" srcset=\"https:\/\/bergers-schlagerparadies.de\/wp-content\/uploads\/2024\/09\/Sarah-ANN-Ich-bin-keine-Diva-300x300.jpeg 300w, https:\/\/bergers-schlagerparadies.de\/wp-content\/uploads\/2024\/09\/Sarah-ANN-Ich-bin-keine-Diva-1024x1024.jpeg 1024w, https:\/\/bergers-schlagerparadies.de\/wp-content\/uploads\/2024\/09\/Sarah-ANN-Ich-bin-keine-Diva-150x150.jpeg 150w, https:\/\/bergers-schlagerparadies.de\/wp-content\/uploads\/2024\/09\/Sarah-ANN-Ich-bin-keine-Diva-768x768.jpeg 768w, https:\/\/bergers-schlagerparadies.de\/wp-content\/uploads\/2024\/09\/Sarah-ANN-Ich-bin-keine-Diva-1536x1536.jpeg 1536w, https:\/\/bergers-schlagerparadies.de\/wp-content\/uploads\/2024\/09\/Sarah-ANN-Ich-bin-keine-Diva-2048x2048.jpeg 2048w, https:\/\/bergers-schlagerparadies.de\/wp-content\/uploads\/2024\/09\/Sarah-ANN-Ich-bin-keine-Diva-1200x1200.jpeg 1200w, https:\/\/bergers-schlagerparadies.de\/wp-content\/uploads\/2024\/09\/Sarah-ANN-Ich-bin-keine-Diva-1188x1188.jpeg 1188w, https:\/\/bergers-schlagerparadies.de\/wp-content\/uploads\/2024\/09\/Sarah-ANN-Ich-bin-keine-Diva-100x100.jpeg 100w\" sizes=\"auto, (max-width: 300px) 100vw, 300px\" \/>Sarah-Ann nimmt uns mit dieser Auskopplung aus ihrem ganz pers\u00f6nlichen Album \u201eMein Leben\u201c mit, auf die wundervolle Reise einer starken Frau, die bereits das Vollsortiment an \u201eups\u201c und \u201edowns\u201c gesehen hat! Mit Augenzwinkern und voller positiver Energie fesselt dieser Song die Zuh\u00f6rer, die sich in so mancher Zeile selbst wiederfinden k\u00f6nnen.<\/p>\n<p>Selbstbewusst wei\u00df die in Vorarlberg lebende Sarah-Ann, was sie will, was sie kann und was sie nicht ist. Sie ist keine Diva, denn dieser Titel geht an ihr Auto\u2026 Doch sie will den Einen, der auch mit ihren Ecken und Kanten umzugehen wei\u00df, auch wenn aus M\u00fccken schon mal Elefanten werden, weil man die besser sehen kann. Ausdrucksstark, authentisch und ehrlich.<\/p>\n<p>Der moderne, \u00fcberraschende Sound geht dabei eine fantastische Symbiose mit der einzigartigen Stimmgewalt von Sarah-Ann ein, der man beim Zuh\u00f6ren jedes Wort abnimmt. Eingefasst in die wundersch\u00f6ne Melodie von Uwe Haselsteiner, wird jedes Wort des Textes von Thorsten Schmidt zu einer Botschaft des Vertrauens in die eigene St\u00e4rke. Perfekt in Szene gesetzt durch die gro\u00dfartige Produktion von Peter Werba. Tanzbar und doch ein Hinh\u00f6rer, fr\u00f6hlich und doch tiefgr\u00fcndig.<\/p>\n<p>Dies erkannte auch die Jury des angesehenen Schlagerwettbewerbes \u201eStauferkrone\u201c! Hier wurde \u201eIch bin keine Diva\u201c nach brillanter Live-Darbietung von Sarah-Ann f\u00fcr den \u201eBesten Text\u201c ausgezeichnet. Ein wahrlich ausgezeichneter Song.<\/p>\n<p><span style=\"color: #800000;\"><strong>Quelle: Fiesta Records \/ Herzrausch Musik<\/strong><\/span><\/p>\n<p><span style=\"color: #800000;\"><strong>Dieser Song ist ab dem 27.09.2024 auf allen Download- und Streaming-Portalen erh\u00e4ltlich.\u00a0<\/strong><\/span><\/p>\n<p><span style=\"color: #800000;\"><strong>Airdate (f\u00fcr Radiosender): 23.09.2024<\/strong><\/span><\/p>\n","protected":false},"excerpt":{"rendered":"<p>Sarah-Ann nimmt uns mit dieser Auskopplung aus ihrem ganz pers\u00f6nlichen Album \u201eMein Leben\u201c mit, auf die wundervolle Reise einer starken Frau, die bereits das Vollsortiment an \u201eups\u201c und \u201edowns\u201c gesehen hat! Mit Augenzwinkern und voller positiver Energie fesselt dieser Song die Zuh\u00f6rer, die sich in so mancher Zeile selbst wiederfinden k\u00f6nnen. Selbstbewusst wei\u00df die in Vorarlberg lebende Sarah-Ann, was sie will, was sie kann und was sie nicht ist. Sie ist keine Diva, denn dieser Titel geht an ihr Auto\u2026 Doch sie will den Einen, der auch mit ihren Ecken und Kanten umzugehen wei\u00df, auch wenn aus M\u00fccken schon mal Elefanten werden, weil man die&#8230;<\/p>\n","protected":false},"author":1,"featured_media":29015,"comment_status":"open","ping_status":"open","sticky":false,"template":"","format":"standard","meta":{"footnotes":""},"categories":[2],"tags":[1468],"class_list":["post-29014","post","type-post","status-publish","format-standard","has-post-thumbnail","hentry","category-schlager","tag-sarah-ann","wpcat-2-id"],"_links":{"self":[{"href":"https:\/\/bergers-schlagerparadies.de\/index.php?rest_route=\/wp\/v2\/posts\/29014","targetHints":{"allow":["GET"]}}],"collection":[{"href":"https:\/\/bergers-schlagerparadies.de\/index.php?rest_route=\/wp\/v2\/posts"}],"about":[{"href":"https:\/\/bergers-schlagerparadies.de\/index.php?rest_route=\/wp\/v2\/types\/post"}],"author":[{"embeddable":true,"href":"https:\/\/bergers-schlagerparadies.de\/index.php?rest_route=\/wp\/v2\/users\/1"}],"replies":[{"embeddable":true,"href":"https:\/\/bergers-schlagerparadies.de\/index.php?rest_route=%2Fwp%2Fv2%2Fcomments&post=29014"}],"version-history":[{"count":2,"href":"https:\/\/bergers-schlagerparadies.de\/index.php?rest_route=\/wp\/v2\/posts\/29014\/revisions"}],"predecessor-version":[{"id":29121,"href":"https:\/\/bergers-schlagerparadies.de\/index.php?rest_route=\/wp\/v2\/posts\/29014\/revisions\/29121"}],"wp:featuredmedia":[{"embeddable":true,"href":"https:\/\/bergers-schlagerparadies.de\/index.php?rest_route=\/wp\/v2\/media\/29015"}],"wp:attachment":[{"href":"https:\/\/bergers-schlagerparadies.de\/index.php?rest_route=%2Fwp%2Fv2%2Fmedia&parent=29014"}],"wp:term":[{"taxonomy":"category","embeddable":true,"href":"https:\/\/bergers-schlagerparadies.de\/index.php?rest_route=%2Fwp%2Fv2%2Fcategories&post=29014"},{"taxonomy":"post_tag","embeddable":true,"href":"https:\/\/bergers-schlagerparadies.de\/index.php?rest_route=%2Fwp%2Fv2%2Ftags&post=29014"}],"curies":[{"name":"wp","href":"https:\/\/api.w.org\/{rel}","templated":true}]}}