{"id":28999,"date":"2024-09-23T10:30:16","date_gmt":"2024-09-23T08:30:16","guid":{"rendered":"https:\/\/bergers-schlagerparadies.de\/?p=28999"},"modified":"2024-09-26T22:02:18","modified_gmt":"2024-09-26T20:02:18","slug":"michael-ruester-cafe-de-la-luna-%c2%b7-bergers-schlagerparadies","status":"publish","type":"post","link":"https:\/\/bergers-schlagerparadies.de\/?p=28999","title":{"rendered":"Michael R\u00fcster &#8211; Caf\u00e9 de la Luna \u00b7 Berger\u00b4s Schlagerparadies"},"content":{"rendered":"<p><img loading=\"lazy\" decoding=\"async\" class=\"size-medium wp-image-29000 alignleft\" src=\"https:\/\/bergers-schlagerparadies.de\/wp-content\/uploads\/2024\/09\/Michael-Ruester-Cafe-de-la-Luna-300x300.jpeg\" alt=\"\" width=\"300\" height=\"300\" srcset=\"https:\/\/bergers-schlagerparadies.de\/wp-content\/uploads\/2024\/09\/Michael-Ruester-Cafe-de-la-Luna-300x300.jpeg 300w, https:\/\/bergers-schlagerparadies.de\/wp-content\/uploads\/2024\/09\/Michael-Ruester-Cafe-de-la-Luna-1024x1024.jpeg 1024w, https:\/\/bergers-schlagerparadies.de\/wp-content\/uploads\/2024\/09\/Michael-Ruester-Cafe-de-la-Luna-150x150.jpeg 150w, https:\/\/bergers-schlagerparadies.de\/wp-content\/uploads\/2024\/09\/Michael-Ruester-Cafe-de-la-Luna-768x768.jpeg 768w, https:\/\/bergers-schlagerparadies.de\/wp-content\/uploads\/2024\/09\/Michael-Ruester-Cafe-de-la-Luna-1536x1536.jpeg 1536w, https:\/\/bergers-schlagerparadies.de\/wp-content\/uploads\/2024\/09\/Michael-Ruester-Cafe-de-la-Luna-2048x2048.jpeg 2048w, https:\/\/bergers-schlagerparadies.de\/wp-content\/uploads\/2024\/09\/Michael-Ruester-Cafe-de-la-Luna-1200x1200.jpeg 1200w, https:\/\/bergers-schlagerparadies.de\/wp-content\/uploads\/2024\/09\/Michael-Ruester-Cafe-de-la-Luna-1188x1188.jpeg 1188w, https:\/\/bergers-schlagerparadies.de\/wp-content\/uploads\/2024\/09\/Michael-Ruester-Cafe-de-la-Luna-100x100.jpeg 100w\" sizes=\"auto, (max-width: 300px) 100vw, 300px\" \/>Die Deb\u00fct-Single \u201eCaf\u00e9 de la Luna\u201c von Michael R\u00fcster steht in den Startl\u00f6chern.<br \/>\nDer eing\u00e4ngige Disco-Fox-Song wurde von J\u00f6rg Lamster geschrieben und komponiert und reiht sich nahtlos in die Tradition des deutschen Popschlagers ein, der sowohl zum Tanzen einl\u00e4dt als auch romantische Gef\u00fchle weckt.<\/p>\n<p>Mit seinem mitrei\u00dfenden Rhythmus und einer Melodie, die im Ohr bleibt, pr\u00e4sentiert \u201eCaf\u00e9 de la Luna\u201c die Vielseitigkeit von Michael R\u00fcster und seinen starken Gesang. Das Thema des Songs \u2013 die Liebe in einem idyllischen Caf\u00e9 zu finden &#8211; spricht besonders Fans von romantischen Schlagern an.<\/p>\n<p>Produziert wurde der Titel von J\u00f6rg Lamster, der nicht nur als Komponist, sondern auch als erfahrener Musikproduzent bekannt ist. Die Kombination aus Michael R\u00fcsters Gesangstalent und J\u00f6rg Lamsters musikalischem Gesp\u00fcr hat das Potenzial, den Song zu einem Hit in der Disco-Fox-Szene zu machen.<\/p>\n<p>Mit dieser ersten Ver\u00f6ffentlichung zeigt Michael R\u00fcster, dass er die F\u00e4higkeit besitzt, musikalisch die Herzen zu erobern und die Tanzfl\u00e4chen zu f\u00fcllen.<\/p>\n<p><span style=\"color: #800000;\"><strong>Quelle: Fiesta Records<\/strong><\/span><\/p>\n<p><span style=\"color: #800000;\"><strong>Dieser Song ist ab dem 27.09.2024 auf allen Download- und Streaming-Portalen erh\u00e4ltlich.\u00a0<\/strong><\/span><\/p>\n<p><span style=\"color: #800000;\"><strong>Airdate (f\u00fcr Radiosender): 25.09.2024<\/strong><\/span><\/p>\n","protected":false},"excerpt":{"rendered":"<p>Die Deb\u00fct-Single \u201eCaf\u00e9 de la Luna\u201c von Michael R\u00fcster steht in den Startl\u00f6chern. Der eing\u00e4ngige Disco-Fox-Song wurde von J\u00f6rg Lamster geschrieben und komponiert und reiht sich nahtlos in die Tradition des deutschen Popschlagers ein, der sowohl zum Tanzen einl\u00e4dt als auch romantische Gef\u00fchle weckt. Mit seinem mitrei\u00dfenden Rhythmus und einer Melodie, die im Ohr bleibt, pr\u00e4sentiert \u201eCaf\u00e9 de la Luna\u201c die Vielseitigkeit von Michael R\u00fcster und seinen starken Gesang. Das Thema des Songs \u2013 die Liebe in einem idyllischen Caf\u00e9 zu finden &#8211; spricht besonders Fans von romantischen Schlagern an. Produziert wurde der Titel von J\u00f6rg Lamster, der nicht nur als Komponist, sondern auch als&#8230;<\/p>\n","protected":false},"author":1,"featured_media":29000,"comment_status":"open","ping_status":"open","sticky":false,"template":"","format":"standard","meta":{"footnotes":""},"categories":[2],"tags":[3013],"class_list":["post-28999","post","type-post","status-publish","format-standard","has-post-thumbnail","hentry","category-schlager","tag-michael-ruester","wpcat-2-id"],"_links":{"self":[{"href":"https:\/\/bergers-schlagerparadies.de\/index.php?rest_route=\/wp\/v2\/posts\/28999","targetHints":{"allow":["GET"]}}],"collection":[{"href":"https:\/\/bergers-schlagerparadies.de\/index.php?rest_route=\/wp\/v2\/posts"}],"about":[{"href":"https:\/\/bergers-schlagerparadies.de\/index.php?rest_route=\/wp\/v2\/types\/post"}],"author":[{"embeddable":true,"href":"https:\/\/bergers-schlagerparadies.de\/index.php?rest_route=\/wp\/v2\/users\/1"}],"replies":[{"embeddable":true,"href":"https:\/\/bergers-schlagerparadies.de\/index.php?rest_route=%2Fwp%2Fv2%2Fcomments&post=28999"}],"version-history":[{"count":2,"href":"https:\/\/bergers-schlagerparadies.de\/index.php?rest_route=\/wp\/v2\/posts\/28999\/revisions"}],"predecessor-version":[{"id":29179,"href":"https:\/\/bergers-schlagerparadies.de\/index.php?rest_route=\/wp\/v2\/posts\/28999\/revisions\/29179"}],"wp:featuredmedia":[{"embeddable":true,"href":"https:\/\/bergers-schlagerparadies.de\/index.php?rest_route=\/wp\/v2\/media\/29000"}],"wp:attachment":[{"href":"https:\/\/bergers-schlagerparadies.de\/index.php?rest_route=%2Fwp%2Fv2%2Fmedia&parent=28999"}],"wp:term":[{"taxonomy":"category","embeddable":true,"href":"https:\/\/bergers-schlagerparadies.de\/index.php?rest_route=%2Fwp%2Fv2%2Fcategories&post=28999"},{"taxonomy":"post_tag","embeddable":true,"href":"https:\/\/bergers-schlagerparadies.de\/index.php?rest_route=%2Fwp%2Fv2%2Ftags&post=28999"}],"curies":[{"name":"wp","href":"https:\/\/api.w.org\/{rel}","templated":true}]}}