{"id":28980,"date":"2024-09-23T10:30:10","date_gmt":"2024-09-23T08:30:10","guid":{"rendered":"https:\/\/bergers-schlagerparadies.de\/?p=28980"},"modified":"2024-09-24T22:01:24","modified_gmt":"2024-09-24T20:01:24","slug":"ben-berg-die-schoensten-drei-worte-der-welt-%c2%b7-bergers-schlagerparadies","status":"publish","type":"post","link":"https:\/\/bergers-schlagerparadies.de\/?p=28980","title":{"rendered":"Ben Berg &#8211; Die sch\u00f6nsten drei Worte der Welt \u00b7 Berger\u00b4s Schlagerparadies"},"content":{"rendered":"<p><img loading=\"lazy\" decoding=\"async\" class=\"size-medium wp-image-28981 alignleft\" src=\"https:\/\/bergers-schlagerparadies.de\/wp-content\/uploads\/2024\/09\/Ben-Berg-Die-schoensten-drei-Worte-der-Welt-300x300.jpeg\" alt=\"\" width=\"300\" height=\"300\" srcset=\"https:\/\/bergers-schlagerparadies.de\/wp-content\/uploads\/2024\/09\/Ben-Berg-Die-schoensten-drei-Worte-der-Welt-300x300.jpeg 300w, https:\/\/bergers-schlagerparadies.de\/wp-content\/uploads\/2024\/09\/Ben-Berg-Die-schoensten-drei-Worte-der-Welt-1024x1024.jpeg 1024w, https:\/\/bergers-schlagerparadies.de\/wp-content\/uploads\/2024\/09\/Ben-Berg-Die-schoensten-drei-Worte-der-Welt-150x150.jpeg 150w, https:\/\/bergers-schlagerparadies.de\/wp-content\/uploads\/2024\/09\/Ben-Berg-Die-schoensten-drei-Worte-der-Welt-768x768.jpeg 768w, https:\/\/bergers-schlagerparadies.de\/wp-content\/uploads\/2024\/09\/Ben-Berg-Die-schoensten-drei-Worte-der-Welt-1536x1536.jpeg 1536w, https:\/\/bergers-schlagerparadies.de\/wp-content\/uploads\/2024\/09\/Ben-Berg-Die-schoensten-drei-Worte-der-Welt-2048x2048.jpeg 2048w, https:\/\/bergers-schlagerparadies.de\/wp-content\/uploads\/2024\/09\/Ben-Berg-Die-schoensten-drei-Worte-der-Welt-1200x1200.jpeg 1200w, https:\/\/bergers-schlagerparadies.de\/wp-content\/uploads\/2024\/09\/Ben-Berg-Die-schoensten-drei-Worte-der-Welt-1188x1188.jpeg 1188w, https:\/\/bergers-schlagerparadies.de\/wp-content\/uploads\/2024\/09\/Ben-Berg-Die-schoensten-drei-Worte-der-Welt-100x100.jpeg 100w\" sizes=\"auto, (max-width: 300px) 100vw, 300px\" \/>\u00abDie sch\u00f6nsten 3 Worte der Welt\u00bb: Auch f\u00fcr einen Mann aus dem Kanton Wallis in der Schweiz sind das \u00abIch liebe dich\u00bb. Und nicht etwa \u00abBerge, K\u00e4se, Weisswein\u00bb. \u00abDie Sch\u00f6nsten 3 Worte der Welt\u00bb heisst die neue Single des neuen Sterns am Schlagerhimmel, der gerade eben hoch \u00fcber den Schweizer Alpen aufsteigt: Ben Berg ist ein Vollblut-Entertainer wie er im Buche steht.<\/p>\n<p>Geboren in den Bergen hat er schon als Kind erlebt, wie eindrucksvoll die Sonne mit ihrem Licht ganze Landschaften zum Strahlen bringen kann. Kurzum: Vom ersten Tag an war alles angerichtet f\u00fcr grosse Emotionen im Leben des kleinen Ben.<\/p>\n<p>\u00abMusikverr\u00fcckt\u00bb: So nannten sie in der Schule. Mit 12 nahm Ben Berg das erste Mal Gesangsunterricht. Zwar folgte nach der Schule die gut schweizerische Berufslehre. Wobei sp\u00e4testens bei der Berufswahl klar war: Diesen jungen Mann kann niemand nirgendwo festmachen. Er liess sich zum Zugbegleiter ausbilden, der sich auf nach Europa machte, kaum hatte er die Bahntrassen der Schweiz abgearbeitet.<\/p>\n<p>Nat\u00fcrlich zog Ben Berg nicht als Bahn-Angestellter durch die Party- und Konzertlokale im Alpenraum, sondern als Profi-DJ. 2011 besann er sich auf seine St\u00e4rken als S\u00e4nger; er ging als Solos\u00e4nger auf Tour, um 2014 Ben Berg &amp; Band zu gr\u00fcnden. Nach mehr als 400 absolvierten Liveshows und einem Mini-Album in Walliser Mundart im Jahr 2023 ist die Zeit jetzt reif f\u00fcr die erste Single, die bei Fiesta Records in Deutschland, \u00d6sterreich und der Schweiz erscheint.<\/p>\n<p>\u00abDie sch\u00f6nsten 3 Worte\u00bb wurde von Matthias Terriet geschrieben und von Uwe Altenried komponiert \u2013 zwei absoluten Topshots der Szene: Terriet arbeitet unter anderem f\u00fcr K\u00fcnstlerinnen wie Maite Kelly oder Marianne Rosenberg. Altenried war lange Jahre Keyborder, Komponist und musikalischer Leiter der Klostertaler.<\/p>\n<p>Die Single ist der Vorbote auf das neue, 12 Tracks starke Album von Ben Berg \u00abNoch lange nicht genug\u00bb, das am 8 November erscheint \u2013 p\u00fcnktlich zur grossen \u00ab10 Jahre Ben Berg\u00bb-Schlagerparty, die am 9. November in Thun, BE, steigt.<\/p>\n<p><span style=\"color: #800000;\"><strong>Quelle: Fiesta Records<\/strong><\/span><\/p>\n<p><span style=\"color: #800000;\"><strong>Dieser Song ist ab dem 27.09.2024 auf allen Download- und Streaming-Portalen erh\u00e4ltlich.\u00a0<\/strong><\/span><\/p>\n<p><span style=\"color: #800000;\"><strong>Airdate (f\u00fcr Radiosender): 24.09.2024<\/strong><\/span><\/p>\n","protected":false},"excerpt":{"rendered":"<p>\u00abDie sch\u00f6nsten 3 Worte der Welt\u00bb: Auch f\u00fcr einen Mann aus dem Kanton Wallis in der Schweiz sind das \u00abIch liebe dich\u00bb. Und nicht etwa \u00abBerge, K\u00e4se, Weisswein\u00bb. \u00abDie Sch\u00f6nsten 3 Worte der Welt\u00bb heisst die neue Single des neuen Sterns am Schlagerhimmel, der gerade eben hoch \u00fcber den Schweizer Alpen aufsteigt: Ben Berg ist ein Vollblut-Entertainer wie er im Buche steht. Geboren in den Bergen hat er schon als Kind erlebt, wie eindrucksvoll die Sonne mit ihrem Licht ganze Landschaften zum Strahlen bringen kann. Kurzum: Vom ersten Tag an war alles angerichtet f\u00fcr grosse Emotionen im Leben des kleinen Ben. \u00abMusikverr\u00fcckt\u00bb: So nannten sie&#8230;<\/p>\n","protected":false},"author":1,"featured_media":28981,"comment_status":"open","ping_status":"open","sticky":false,"template":"","format":"standard","meta":{"footnotes":""},"categories":[2],"tags":[3011],"class_list":["post-28980","post","type-post","status-publish","format-standard","has-post-thumbnail","hentry","category-schlager","tag-ben-berg","wpcat-2-id"],"_links":{"self":[{"href":"https:\/\/bergers-schlagerparadies.de\/index.php?rest_route=\/wp\/v2\/posts\/28980","targetHints":{"allow":["GET"]}}],"collection":[{"href":"https:\/\/bergers-schlagerparadies.de\/index.php?rest_route=\/wp\/v2\/posts"}],"about":[{"href":"https:\/\/bergers-schlagerparadies.de\/index.php?rest_route=\/wp\/v2\/types\/post"}],"author":[{"embeddable":true,"href":"https:\/\/bergers-schlagerparadies.de\/index.php?rest_route=\/wp\/v2\/users\/1"}],"replies":[{"embeddable":true,"href":"https:\/\/bergers-schlagerparadies.de\/index.php?rest_route=%2Fwp%2Fv2%2Fcomments&post=28980"}],"version-history":[{"count":2,"href":"https:\/\/bergers-schlagerparadies.de\/index.php?rest_route=\/wp\/v2\/posts\/28980\/revisions"}],"predecessor-version":[{"id":29151,"href":"https:\/\/bergers-schlagerparadies.de\/index.php?rest_route=\/wp\/v2\/posts\/28980\/revisions\/29151"}],"wp:featuredmedia":[{"embeddable":true,"href":"https:\/\/bergers-schlagerparadies.de\/index.php?rest_route=\/wp\/v2\/media\/28981"}],"wp:attachment":[{"href":"https:\/\/bergers-schlagerparadies.de\/index.php?rest_route=%2Fwp%2Fv2%2Fmedia&parent=28980"}],"wp:term":[{"taxonomy":"category","embeddable":true,"href":"https:\/\/bergers-schlagerparadies.de\/index.php?rest_route=%2Fwp%2Fv2%2Fcategories&post=28980"},{"taxonomy":"post_tag","embeddable":true,"href":"https:\/\/bergers-schlagerparadies.de\/index.php?rest_route=%2Fwp%2Fv2%2Ftags&post=28980"}],"curies":[{"name":"wp","href":"https:\/\/api.w.org\/{rel}","templated":true}]}}