{"id":28969,"date":"2024-09-19T21:26:22","date_gmt":"2024-09-19T19:26:22","guid":{"rendered":"https:\/\/bergers-schlagerparadies.de\/?p=28969"},"modified":"2024-09-20T11:43:03","modified_gmt":"2024-09-20T09:43:03","slug":"marc-pircher-du-kannst-mich-mal-%c2%b7-bergers-schlagerparadies","status":"publish","type":"post","link":"https:\/\/bergers-schlagerparadies.de\/?p=28969","title":{"rendered":"Marc Pircher &#8211; Du kannst mich mal &#8230; \u00b7 Berger\u00b4s Schlagerparadies"},"content":{"rendered":"<p><img loading=\"lazy\" decoding=\"async\" class=\"size-medium wp-image-29048 alignleft\" src=\"https:\/\/bergers-schlagerparadies.de\/wp-content\/uploads\/2024\/09\/Marc-Pircher-Du-kannst-mich-mal--300x300.jpeg\" alt=\"\" width=\"300\" height=\"300\" srcset=\"https:\/\/bergers-schlagerparadies.de\/wp-content\/uploads\/2024\/09\/Marc-Pircher-Du-kannst-mich-mal--300x300.jpeg 300w, https:\/\/bergers-schlagerparadies.de\/wp-content\/uploads\/2024\/09\/Marc-Pircher-Du-kannst-mich-mal--1024x1024.jpeg 1024w, https:\/\/bergers-schlagerparadies.de\/wp-content\/uploads\/2024\/09\/Marc-Pircher-Du-kannst-mich-mal--150x150.jpeg 150w, https:\/\/bergers-schlagerparadies.de\/wp-content\/uploads\/2024\/09\/Marc-Pircher-Du-kannst-mich-mal--768x768.jpeg 768w, https:\/\/bergers-schlagerparadies.de\/wp-content\/uploads\/2024\/09\/Marc-Pircher-Du-kannst-mich-mal--1188x1188.jpeg 1188w, https:\/\/bergers-schlagerparadies.de\/wp-content\/uploads\/2024\/09\/Marc-Pircher-Du-kannst-mich-mal--100x100.jpeg 100w, https:\/\/bergers-schlagerparadies.de\/wp-content\/uploads\/2024\/09\/Marc-Pircher-Du-kannst-mich-mal-.jpeg 1200w\" sizes=\"auto, (max-width: 300px) 100vw, 300px\" \/>\u00dcber 30 Jahre Marc Pircher ist \u00fcber 30 Jahre Erfolg<br \/>\nZu seinem 20 j\u00e4hrigen Jubil\u00e4um seines Mega Hits \u201eSieben S\u00fcnden\u201c hat Marc das gleichnamige Album ver\u00f6ffentlicht.<br \/>\nDu kannst mich mal \u2026 k\u00fcssen ist der Wunschtraum vieler und Marc erz\u00e4hlt die Geschichten aus dem wahren Leben \u00fcber die Eroberung ihres Herzens<br \/>\nDie aktuelle Singleauskopplung \u201eDU KANNST MICH MAL \u2026\u201c ist im typischen Marc Pircher Sound produziert. Partystimmung pur!<br \/>\nDieser Song verspricht schon jetzt Ohrwurmqualit\u00e4ten<\/p>\n<p><span style=\"color: #800000;\"><strong>Quelle: HERA music &amp; media GmbH<\/strong><\/span><\/p>\n<p><span style=\"color: #800000;\"><strong>Dieser Song ist ab dem 20.09.2024 auf allen Download- und Streaming-Portalen erh\u00e4ltlich.\u00a0<\/strong><\/span><\/p>\n<p><span style=\"color: #800000;\"><strong>Airdate (f\u00fcr Radiosender): 20.09.2024<\/strong><\/span><\/p>\n","protected":false},"excerpt":{"rendered":"<p>\u00dcber 30 Jahre Marc Pircher ist \u00fcber 30 Jahre Erfolg Zu seinem 20 j\u00e4hrigen Jubil\u00e4um seines Mega Hits \u201eSieben S\u00fcnden\u201c hat Marc das gleichnamige Album ver\u00f6ffentlicht. Du kannst mich mal \u2026 k\u00fcssen ist der Wunschtraum vieler und Marc erz\u00e4hlt die Geschichten aus dem wahren Leben \u00fcber die Eroberung ihres Herzens Die aktuelle Singleauskopplung \u201eDU KANNST MICH MAL \u2026\u201c ist im typischen Marc Pircher Sound produziert. Partystimmung pur! Dieser Song verspricht schon jetzt Ohrwurmqualit\u00e4ten Quelle: HERA music &amp; media GmbH Dieser Song ist ab dem 20.09.2024 auf allen Download- und Streaming-Portalen erh\u00e4ltlich.\u00a0 Airdate (f\u00fcr Radiosender): 20.09.2024<\/p>\n","protected":false},"author":1,"featured_media":29048,"comment_status":"open","ping_status":"open","sticky":false,"template":"","format":"standard","meta":{"footnotes":""},"categories":[2],"tags":[513],"class_list":["post-28969","post","type-post","status-publish","format-standard","has-post-thumbnail","hentry","category-schlager","tag-marc-pircher","wpcat-2-id"],"_links":{"self":[{"href":"https:\/\/bergers-schlagerparadies.de\/index.php?rest_route=\/wp\/v2\/posts\/28969","targetHints":{"allow":["GET"]}}],"collection":[{"href":"https:\/\/bergers-schlagerparadies.de\/index.php?rest_route=\/wp\/v2\/posts"}],"about":[{"href":"https:\/\/bergers-schlagerparadies.de\/index.php?rest_route=\/wp\/v2\/types\/post"}],"author":[{"embeddable":true,"href":"https:\/\/bergers-schlagerparadies.de\/index.php?rest_route=\/wp\/v2\/users\/1"}],"replies":[{"embeddable":true,"href":"https:\/\/bergers-schlagerparadies.de\/index.php?rest_route=%2Fwp%2Fv2%2Fcomments&post=28969"}],"version-history":[{"count":3,"href":"https:\/\/bergers-schlagerparadies.de\/index.php?rest_route=\/wp\/v2\/posts\/28969\/revisions"}],"predecessor-version":[{"id":29049,"href":"https:\/\/bergers-schlagerparadies.de\/index.php?rest_route=\/wp\/v2\/posts\/28969\/revisions\/29049"}],"wp:featuredmedia":[{"embeddable":true,"href":"https:\/\/bergers-schlagerparadies.de\/index.php?rest_route=\/wp\/v2\/media\/29048"}],"wp:attachment":[{"href":"https:\/\/bergers-schlagerparadies.de\/index.php?rest_route=%2Fwp%2Fv2%2Fmedia&parent=28969"}],"wp:term":[{"taxonomy":"category","embeddable":true,"href":"https:\/\/bergers-schlagerparadies.de\/index.php?rest_route=%2Fwp%2Fv2%2Fcategories&post=28969"},{"taxonomy":"post_tag","embeddable":true,"href":"https:\/\/bergers-schlagerparadies.de\/index.php?rest_route=%2Fwp%2Fv2%2Ftags&post=28969"}],"curies":[{"name":"wp","href":"https:\/\/api.w.org\/{rel}","templated":true}]}}