{"id":28803,"date":"2024-09-13T12:12:56","date_gmt":"2024-09-13T10:12:56","guid":{"rendered":"https:\/\/bergers-schlagerparadies.de\/?p=28803"},"modified":"2024-09-13T12:12:56","modified_gmt":"2024-09-13T10:12:56","slug":"patrick-lindner-na-dann-geh-doch-%c2%b7-bergers-schlagerparadies","status":"publish","type":"post","link":"https:\/\/bergers-schlagerparadies.de\/?p=28803","title":{"rendered":"Patrick Lindner &#8211; Na dann geh doch \u00b7 Berger\u00b4s Schlagerparadies"},"content":{"rendered":"<p><img loading=\"lazy\" decoding=\"async\" class=\"size-medium wp-image-28804 alignleft\" src=\"https:\/\/bergers-schlagerparadies.de\/wp-content\/uploads\/2024\/09\/Patrick-Lindner-Na-dann-geh-doch-300x300.jpeg\" alt=\"\" width=\"300\" height=\"300\" srcset=\"https:\/\/bergers-schlagerparadies.de\/wp-content\/uploads\/2024\/09\/Patrick-Lindner-Na-dann-geh-doch-300x300.jpeg 300w, https:\/\/bergers-schlagerparadies.de\/wp-content\/uploads\/2024\/09\/Patrick-Lindner-Na-dann-geh-doch-1024x1024.jpeg 1024w, https:\/\/bergers-schlagerparadies.de\/wp-content\/uploads\/2024\/09\/Patrick-Lindner-Na-dann-geh-doch-150x150.jpeg 150w, https:\/\/bergers-schlagerparadies.de\/wp-content\/uploads\/2024\/09\/Patrick-Lindner-Na-dann-geh-doch-768x768.jpeg 768w, https:\/\/bergers-schlagerparadies.de\/wp-content\/uploads\/2024\/09\/Patrick-Lindner-Na-dann-geh-doch-1200x1200.jpeg 1200w, https:\/\/bergers-schlagerparadies.de\/wp-content\/uploads\/2024\/09\/Patrick-Lindner-Na-dann-geh-doch-1188x1188.jpeg 1188w, https:\/\/bergers-schlagerparadies.de\/wp-content\/uploads\/2024\/09\/Patrick-Lindner-Na-dann-geh-doch-100x100.jpeg 100w, https:\/\/bergers-schlagerparadies.de\/wp-content\/uploads\/2024\/09\/Patrick-Lindner-Na-dann-geh-doch.jpeg 1400w\" sizes=\"auto, (max-width: 300px) 100vw, 300px\" \/>Patrick Lindner pr\u00e4sentiert weitere Single aus seinem aktuellen Jubil\u00e4umsalbum: \u201eNa dann geh doch\u201c<\/p>\n<p>++ Das Video zur neuen Fokussingle feiert am 13. September Premiere ++<\/p>\n<p>Flankiert von Hashtags wie #dankbar, #kultur und #heimatliebe freute sich Patrick Lindner zuletzt \u00fcber eine ganz besondere Ehre, als ihm nach all den vielen Musik-Awards auch der Bayerische Verdienstorden (f\u00fcr sein soziales Engagement) verliehen wurde. P\u00fcnktlich zum gro\u00dfen Sommerendspurt geht\u2019s nun auch musikalisch weiter: \u201eNa dann geh doch\u201c ist die neueste Auskopplung des M\u00fcnchners, der in diesem Jahr sein 35. Jubil\u00e4um zelebriert und daher zuletzt auch im \u201eZDF Fernsehgarten\u201c zum Durchfeiern animiert hatte \u2013 mit der Vorg\u00e4ngersingle \u201eHeute bleiben wir wach\u201c.<\/p>\n<p>Zugleich Er\u00f6ffnungstitel des aktuellen Jubil\u00e4umsalbums \u201eAll meine Farben\u201c, umkreist die neue Single eine dieser genialen Zeilen, deren Twist mit wenigen Worten eine ganze Welt auf den Kopf stellt: \u201eNa dann geh doch\u201c \u2013 das klingt zun\u00e4chst wie ein vertonter Laufpass inklusive Achselzucken, ist aber genau genommen eine liebevolle Einladung (\u00e0 la \u201eNa dann geh doch\u2026 mit mir heute Nacht wieder aus\u201c), eine Liebeserkl\u00e4rung, die in den Strophen auch mit Streichern, im euphorischen Refrain mit strahlenden Synthies und richtig satten Dance-Sounds daherkommt.<\/p>\n<p>\u201eHaben wir uns entliebt oder nicht?\u201c, stellt Lindner die Gef\u00fchle tats\u00e4chlich noch einmal in Frage, wischt jeden Anflug von Traurigkeit dann aber gleich wieder weg und zieht Hand in Hand los in die Nacht, die von einem Sternschnuppenregen erhellt ist: \u201eNa dann geh doch \u2013 mit mir bis ans Ende der Welt\u201c, w\u00fcnscht sich der M\u00fcnchner, der in den Strophen auch nachdenkliche Zeilen \u00fcber die Verg\u00e4nglichkeit von Tr\u00e4umen ins Spiel bringt. Das \u201eEnde der Welt\u201c, das er als n\u00e4chste Destination vorschl\u00e4gt, illustriert Lindner auch im dazugeh\u00f6rigen Clip vor dem gewaltigen Horizont auf hoher See, wo er auch demn\u00e4chst wieder (auf der \u201eMein Schiff\u201c 6) indirekt an seine Zeit als Teil der Traumschiff-Crew ankn\u00fcpfen wird. Eingerahmt von wundersch\u00f6nen Bildern, f\u00fchrt die visuelle Reise vom Ufer bis auf sonnengetr\u00e4nkte Gipfel, die es zu erklimmen gilt \u2013 nat\u00fcrlich zu zweit\u2026<\/p>\n<p>Auf dem dazugeh\u00f6rigen Album \u201eAll meine Farben\u201c (erh\u00e4ltlich seit Januar 2024), mit dem Patrick Lindner sein 35-j\u00e4hriges B\u00fchnenjubil\u00e4um zelebriert, befinden sich auch die hunderttausendfach gestreamten Singlehits \u201e(All) Deine Farben\u201c (Airplay #1!), \u201eHat Dir jemand schon gesagt\u201c und \u201eLieben kann man nicht allein\u201c. Abgerundet wird das Jubil\u00e4umsalbum, das auch als limitierte Fanbox erh\u00e4ltlich ist.<\/p>\n<p>Seit 1989 erfolgreich als Musiker, kennt man Patrick Lindner seit vielen, vielen Jahren auch als Koch, als Moderator, der auf mehrere Dutzend eigene Shows f\u00fcr ZDF und ARD zur\u00fcckblicken kann (u.a. \u201eSo ein Tag mit guten Freunden\u201c, \u201ePatrick Lindner pers\u00f6nlich\u201c, \u201ePatrick Lindner Show\u201c), sowie als Primetime-Schauspieler (u. a. \u201eTraumschiff\u201c, \u201eSOKO\u201c) und Operetten-Star (\u201eIm Wei\u00dfen R\u00f6ssl\u201c).<\/p>\n<p><span style=\"color: #800000;\"><strong>Quelle: Telamo<\/strong><\/span><\/p>\n<p><span style=\"color: #800000;\"><strong>Dieser Song ist ab dem 13.09.2024 auf allen Download- und Streaming-Portalen erh\u00e4ltlich.\u00a0<\/strong><\/span><\/p>\n<p><span style=\"color: #800000;\"><strong>Airdate (f\u00fcr Radiosender): 13.09.2024<\/strong><\/span><\/p>\n","protected":false},"excerpt":{"rendered":"<p>Patrick Lindner pr\u00e4sentiert weitere Single aus seinem aktuellen Jubil\u00e4umsalbum: \u201eNa dann geh doch\u201c ++ Das Video zur neuen Fokussingle feiert am 13. September Premiere ++ Flankiert von Hashtags wie #dankbar, #kultur und #heimatliebe freute sich Patrick Lindner zuletzt \u00fcber eine ganz besondere Ehre, als ihm nach all den vielen Musik-Awards auch der Bayerische Verdienstorden (f\u00fcr sein soziales Engagement) verliehen wurde. P\u00fcnktlich zum gro\u00dfen Sommerendspurt geht\u2019s nun auch musikalisch weiter: \u201eNa dann geh doch\u201c ist die neueste Auskopplung des M\u00fcnchners, der in diesem Jahr sein 35. Jubil\u00e4um zelebriert und daher zuletzt auch im \u201eZDF Fernsehgarten\u201c zum Durchfeiern animiert hatte \u2013 mit der Vorg\u00e4ngersingle \u201eHeute bleiben wir&#8230;<\/p>\n","protected":false},"author":1,"featured_media":28804,"comment_status":"open","ping_status":"open","sticky":false,"template":"","format":"standard","meta":{"footnotes":""},"categories":[2],"tags":[869],"class_list":["post-28803","post","type-post","status-publish","format-standard","has-post-thumbnail","hentry","category-schlager","tag-patrick-lindner","wpcat-2-id"],"_links":{"self":[{"href":"https:\/\/bergers-schlagerparadies.de\/index.php?rest_route=\/wp\/v2\/posts\/28803","targetHints":{"allow":["GET"]}}],"collection":[{"href":"https:\/\/bergers-schlagerparadies.de\/index.php?rest_route=\/wp\/v2\/posts"}],"about":[{"href":"https:\/\/bergers-schlagerparadies.de\/index.php?rest_route=\/wp\/v2\/types\/post"}],"author":[{"embeddable":true,"href":"https:\/\/bergers-schlagerparadies.de\/index.php?rest_route=\/wp\/v2\/users\/1"}],"replies":[{"embeddable":true,"href":"https:\/\/bergers-schlagerparadies.de\/index.php?rest_route=%2Fwp%2Fv2%2Fcomments&post=28803"}],"version-history":[{"count":1,"href":"https:\/\/bergers-schlagerparadies.de\/index.php?rest_route=\/wp\/v2\/posts\/28803\/revisions"}],"predecessor-version":[{"id":28805,"href":"https:\/\/bergers-schlagerparadies.de\/index.php?rest_route=\/wp\/v2\/posts\/28803\/revisions\/28805"}],"wp:featuredmedia":[{"embeddable":true,"href":"https:\/\/bergers-schlagerparadies.de\/index.php?rest_route=\/wp\/v2\/media\/28804"}],"wp:attachment":[{"href":"https:\/\/bergers-schlagerparadies.de\/index.php?rest_route=%2Fwp%2Fv2%2Fmedia&parent=28803"}],"wp:term":[{"taxonomy":"category","embeddable":true,"href":"https:\/\/bergers-schlagerparadies.de\/index.php?rest_route=%2Fwp%2Fv2%2Fcategories&post=28803"},{"taxonomy":"post_tag","embeddable":true,"href":"https:\/\/bergers-schlagerparadies.de\/index.php?rest_route=%2Fwp%2Fv2%2Ftags&post=28803"}],"curies":[{"name":"wp","href":"https:\/\/api.w.org\/{rel}","templated":true}]}}