{"id":28735,"date":"2024-09-16T10:30:03","date_gmt":"2024-09-16T08:30:03","guid":{"rendered":"https:\/\/bergers-schlagerparadies.de\/?p=28735"},"modified":"2024-09-19T20:46:43","modified_gmt":"2024-09-19T18:46:43","slug":"blondi-alles-auf-rot-%c2%b7-bergers-schlagerparadies","status":"publish","type":"post","link":"https:\/\/bergers-schlagerparadies.de\/?p=28735","title":{"rendered":"Blondi &#8211; Alles auf rot \u00b7 Berger\u00b4s Schlagerparadies"},"content":{"rendered":"<p><img loading=\"lazy\" decoding=\"async\" class=\"size-medium wp-image-28736 alignleft\" src=\"https:\/\/bergers-schlagerparadies.de\/wp-content\/uploads\/2024\/09\/Blondi-Alles-auf-rot-300x300.jpeg\" alt=\"\" width=\"300\" height=\"300\" srcset=\"https:\/\/bergers-schlagerparadies.de\/wp-content\/uploads\/2024\/09\/Blondi-Alles-auf-rot-300x300.jpeg 300w, https:\/\/bergers-schlagerparadies.de\/wp-content\/uploads\/2024\/09\/Blondi-Alles-auf-rot-1024x1024.jpeg 1024w, https:\/\/bergers-schlagerparadies.de\/wp-content\/uploads\/2024\/09\/Blondi-Alles-auf-rot-150x150.jpeg 150w, https:\/\/bergers-schlagerparadies.de\/wp-content\/uploads\/2024\/09\/Blondi-Alles-auf-rot-768x768.jpeg 768w, https:\/\/bergers-schlagerparadies.de\/wp-content\/uploads\/2024\/09\/Blondi-Alles-auf-rot-1536x1536.jpeg 1536w, https:\/\/bergers-schlagerparadies.de\/wp-content\/uploads\/2024\/09\/Blondi-Alles-auf-rot-2048x2048.jpeg 2048w, https:\/\/bergers-schlagerparadies.de\/wp-content\/uploads\/2024\/09\/Blondi-Alles-auf-rot-1200x1200.jpeg 1200w, https:\/\/bergers-schlagerparadies.de\/wp-content\/uploads\/2024\/09\/Blondi-Alles-auf-rot-1188x1188.jpeg 1188w, https:\/\/bergers-schlagerparadies.de\/wp-content\/uploads\/2024\/09\/Blondi-Alles-auf-rot-100x100.jpeg 100w\" sizes=\"auto, (max-width: 300px) 100vw, 300px\" \/>Mit seiner neuesten Single \u201eAlles auf Rot\u201c wagt sich Blondi in neue musikalische Gefilde und bringt gemeinsam mit Stephan Weidenbr\u00fcck einen modernen Sound mit kraftvollen Housebeats auf den Markt. Der Song verspricht einiges und zeigt Blondi von einer innovativen Seite.<\/p>\n<p>F\u00fcr den satten, energiegeladenen Klang sorgt kein Geringerer als DJ KC (alias Kai Soffel, u.a. Radio Frankfurt), der das Mastering \u00fcbernommen hat. DJ KC, bekannt als erfolgreicher Songwriter und Produzent, verleiht der Nummer den letzten Feinschliff und macht sie zu einem echten Ohrwurm.<\/p>\n<p>Parallel zur Single-Ver\u00f6ffentlichung pr\u00e4sentiert Blondi ein spektakul\u00e4res Musikvideo, das an einigen au\u00dfergew\u00f6hnlichen Locations gedreht wurde. Unter der Regie von Siegfried Thiel (ST Filmwerk) \u00fcberzeugt das Video mit einem perfekt ausgearbeiteten Script und weckt gro\u00dfe Erwartungen.<\/p>\n<p>Ein weiteres Highlight: Blondi wird den Song live auf der \u201eBig Stage\u201c beim Oktoberfest in Santa Pon\u00e7a, Mallorca, zwischen dem 17. und 28. Oktober 2024 performen. Das gesamte Team ist gespannt, wie \u201eAlles auf Rot\u201c mit seinem aktuellen Sound beim Publikum ankommen wird.<\/p>\n<p>\u201eAlles auf Rot\u201c ist nicht nur eine kraftvolle Nummer, sondern auch ein echter Ohrwurm \u2013 und wir setzen drauf!<\/p>\n<p><span style=\"color: #800000;\"><strong>Quelle: Fiesta Records<\/strong><\/span><\/p>\n<p><span style=\"color: #800000;\"><strong>Dieser Song ist ab dem 20.09.2024 auf allen Download- und Streaming-Portalen erh\u00e4ltlich.\u00a0<\/strong><\/span><\/p>\n<p><span style=\"color: #800000;\"><strong>Airdate (f\u00fcr Radiosender): 19.09.2024<\/strong><\/span><\/p>\n","protected":false},"excerpt":{"rendered":"<p>Mit seiner neuesten Single \u201eAlles auf Rot\u201c wagt sich Blondi in neue musikalische Gefilde und bringt gemeinsam mit Stephan Weidenbr\u00fcck einen modernen Sound mit kraftvollen Housebeats auf den Markt. Der Song verspricht einiges und zeigt Blondi von einer innovativen Seite. F\u00fcr den satten, energiegeladenen Klang sorgt kein Geringerer als DJ KC (alias Kai Soffel, u.a. Radio Frankfurt), der das Mastering \u00fcbernommen hat. DJ KC, bekannt als erfolgreicher Songwriter und Produzent, verleiht der Nummer den letzten Feinschliff und macht sie zu einem echten Ohrwurm. Parallel zur Single-Ver\u00f6ffentlichung pr\u00e4sentiert Blondi ein spektakul\u00e4res Musikvideo, das an einigen au\u00dfergew\u00f6hnlichen Locations gedreht wurde. Unter der Regie von Siegfried Thiel (ST&#8230;<\/p>\n","protected":false},"author":1,"featured_media":28736,"comment_status":"open","ping_status":"open","sticky":false,"template":"","format":"standard","meta":{"footnotes":""},"categories":[2],"tags":[2985],"class_list":["post-28735","post","type-post","status-publish","format-standard","has-post-thumbnail","hentry","category-schlager","tag-blondi","wpcat-2-id"],"_links":{"self":[{"href":"https:\/\/bergers-schlagerparadies.de\/index.php?rest_route=\/wp\/v2\/posts\/28735","targetHints":{"allow":["GET"]}}],"collection":[{"href":"https:\/\/bergers-schlagerparadies.de\/index.php?rest_route=\/wp\/v2\/posts"}],"about":[{"href":"https:\/\/bergers-schlagerparadies.de\/index.php?rest_route=\/wp\/v2\/types\/post"}],"author":[{"embeddable":true,"href":"https:\/\/bergers-schlagerparadies.de\/index.php?rest_route=\/wp\/v2\/users\/1"}],"replies":[{"embeddable":true,"href":"https:\/\/bergers-schlagerparadies.de\/index.php?rest_route=%2Fwp%2Fv2%2Fcomments&post=28735"}],"version-history":[{"count":2,"href":"https:\/\/bergers-schlagerparadies.de\/index.php?rest_route=\/wp\/v2\/posts\/28735\/revisions"}],"predecessor-version":[{"id":28959,"href":"https:\/\/bergers-schlagerparadies.de\/index.php?rest_route=\/wp\/v2\/posts\/28735\/revisions\/28959"}],"wp:featuredmedia":[{"embeddable":true,"href":"https:\/\/bergers-schlagerparadies.de\/index.php?rest_route=\/wp\/v2\/media\/28736"}],"wp:attachment":[{"href":"https:\/\/bergers-schlagerparadies.de\/index.php?rest_route=%2Fwp%2Fv2%2Fmedia&parent=28735"}],"wp:term":[{"taxonomy":"category","embeddable":true,"href":"https:\/\/bergers-schlagerparadies.de\/index.php?rest_route=%2Fwp%2Fv2%2Fcategories&post=28735"},{"taxonomy":"post_tag","embeddable":true,"href":"https:\/\/bergers-schlagerparadies.de\/index.php?rest_route=%2Fwp%2Fv2%2Ftags&post=28735"}],"curies":[{"name":"wp","href":"https:\/\/api.w.org\/{rel}","templated":true}]}}