{"id":28716,"date":"2024-09-12T17:47:38","date_gmt":"2024-09-12T15:47:38","guid":{"rendered":"https:\/\/bergers-schlagerparadies.de\/?p=28716"},"modified":"2024-09-12T17:47:38","modified_gmt":"2024-09-12T15:47:38","slug":"anina-buchs-ich-zaehl-die-stunden-%c2%b7-bergers-schlagerparadies","status":"publish","type":"post","link":"https:\/\/bergers-schlagerparadies.de\/?p=28716","title":{"rendered":"Anina Buchs &#8211; Ich z\u00e4hl die Stunden \u00b7 Berger\u00b4s Schlagerparadies"},"content":{"rendered":"<p><img loading=\"lazy\" decoding=\"async\" class=\"size-medium wp-image-28717 alignleft\" src=\"https:\/\/bergers-schlagerparadies.de\/wp-content\/uploads\/2024\/09\/Anina-Buchs-Ich-zaehl-die-Stunden-300x300.jpg\" alt=\"\" width=\"300\" height=\"300\" srcset=\"https:\/\/bergers-schlagerparadies.de\/wp-content\/uploads\/2024\/09\/Anina-Buchs-Ich-zaehl-die-Stunden-300x300.jpg 300w, https:\/\/bergers-schlagerparadies.de\/wp-content\/uploads\/2024\/09\/Anina-Buchs-Ich-zaehl-die-Stunden-1024x1024.jpg 1024w, https:\/\/bergers-schlagerparadies.de\/wp-content\/uploads\/2024\/09\/Anina-Buchs-Ich-zaehl-die-Stunden-150x150.jpg 150w, https:\/\/bergers-schlagerparadies.de\/wp-content\/uploads\/2024\/09\/Anina-Buchs-Ich-zaehl-die-Stunden-768x768.jpg 768w, https:\/\/bergers-schlagerparadies.de\/wp-content\/uploads\/2024\/09\/Anina-Buchs-Ich-zaehl-die-Stunden-1536x1536.jpg 1536w, https:\/\/bergers-schlagerparadies.de\/wp-content\/uploads\/2024\/09\/Anina-Buchs-Ich-zaehl-die-Stunden-2048x2048.jpg 2048w, https:\/\/bergers-schlagerparadies.de\/wp-content\/uploads\/2024\/09\/Anina-Buchs-Ich-zaehl-die-Stunden-1200x1200.jpg 1200w, https:\/\/bergers-schlagerparadies.de\/wp-content\/uploads\/2024\/09\/Anina-Buchs-Ich-zaehl-die-Stunden-1188x1188.jpg 1188w, https:\/\/bergers-schlagerparadies.de\/wp-content\/uploads\/2024\/09\/Anina-Buchs-Ich-zaehl-die-Stunden-100x100.jpg 100w\" sizes=\"auto, (max-width: 300px) 100vw, 300px\" \/>Mit ihrer neuesten Single \u201eIch z\u00e4hl die Stunden\u201c begeistert die sympathische Schlagers\u00e4ngerin Anina Buchs erneut ihre Fans. Aufgewachsen im idyllischen Greyerzerland in den Voralpen der Schweiz, hat Anina schon fr\u00fch ihre Leidenschaft f\u00fcr Musik entdeckt. Bereits mit zehn Jahren stand sie beim Open Air Plasselb auf der B\u00fchne, nachdem sie den Sing-Contest in D\u00fcdingen gewonnen hatte.<\/p>\n<p>Bekannt f\u00fcr ihre positive Ausstrahlung und mitrei\u00dfende B\u00fchnenpr\u00e4senz, ist Anina ein fester Bestandteil der Schlagerwelt. Ob auf gro\u00dfen Events, Dorf- und Stadtfesten oder bei privaten Feiern \u2013 Anina Buchs verzaubert ihr Publikum \u00fcberall. Ihre Auftritte sind nicht nur in der deutschen Schweiz, sondern auch in der franz\u00f6sischen Schweiz beliebt.<\/p>\n<p>Mit \u201eIch z\u00e4hl die Stunden\u201c, produziert von Martin Isenegger und ver\u00f6ffentlicht bei Fiesta Records, liefert Anina einen weiteren mitrei\u00dfenden Song, der pure Freude und Energie verspr\u00fcht. Schon mit ihren bisherigen Alben \u201eSingen ist toll\u201c und \u201eIch liebe das Leben\u201c hat sie bewiesen, dass sie es versteht, die positive Kraft des Schlagers auf ihre H\u00f6rer zu \u00fcbertragen.<\/p>\n<p>Freut euch auf \u201eIch z\u00e4hl die Stunden\u201c und lasst euch von Anina Buchs\u2018 Musik in eine Welt voller Lebensfreude und Leidenschaft entf\u00fchren.<\/p>\n<p><span style=\"color: #800000;\"><strong>Quelle: Fiesta Records<\/strong><\/span><\/p>\n<p><span style=\"color: #800000;\"><strong>Dieser Song ist ab dem 13.09.2024 auf allen Download- und Streaming-Portalen erh\u00e4ltlich.\u00a0<\/strong><\/span><\/p>\n<p><span style=\"color: #800000;\"><strong>Airdate (f\u00fcr Radiosender): 12.09.2024<\/strong><\/span><\/p>\n","protected":false},"excerpt":{"rendered":"<p>Mit ihrer neuesten Single \u201eIch z\u00e4hl die Stunden\u201c begeistert die sympathische Schlagers\u00e4ngerin Anina Buchs erneut ihre Fans. Aufgewachsen im idyllischen Greyerzerland in den Voralpen der Schweiz, hat Anina schon fr\u00fch ihre Leidenschaft f\u00fcr Musik entdeckt. Bereits mit zehn Jahren stand sie beim Open Air Plasselb auf der B\u00fchne, nachdem sie den Sing-Contest in D\u00fcdingen gewonnen hatte. Bekannt f\u00fcr ihre positive Ausstrahlung und mitrei\u00dfende B\u00fchnenpr\u00e4senz, ist Anina ein fester Bestandteil der Schlagerwelt. Ob auf gro\u00dfen Events, Dorf- und Stadtfesten oder bei privaten Feiern \u2013 Anina Buchs verzaubert ihr Publikum \u00fcberall. Ihre Auftritte sind nicht nur in der deutschen Schweiz, sondern auch in der franz\u00f6sischen Schweiz beliebt&#8230;.<\/p>\n","protected":false},"author":1,"featured_media":28717,"comment_status":"open","ping_status":"open","sticky":false,"template":"","format":"standard","meta":{"footnotes":""},"categories":[2],"tags":[2983],"class_list":["post-28716","post","type-post","status-publish","format-standard","has-post-thumbnail","hentry","category-schlager","tag-anina-buchs","wpcat-2-id"],"_links":{"self":[{"href":"https:\/\/bergers-schlagerparadies.de\/index.php?rest_route=\/wp\/v2\/posts\/28716","targetHints":{"allow":["GET"]}}],"collection":[{"href":"https:\/\/bergers-schlagerparadies.de\/index.php?rest_route=\/wp\/v2\/posts"}],"about":[{"href":"https:\/\/bergers-schlagerparadies.de\/index.php?rest_route=\/wp\/v2\/types\/post"}],"author":[{"embeddable":true,"href":"https:\/\/bergers-schlagerparadies.de\/index.php?rest_route=\/wp\/v2\/users\/1"}],"replies":[{"embeddable":true,"href":"https:\/\/bergers-schlagerparadies.de\/index.php?rest_route=%2Fwp%2Fv2%2Fcomments&post=28716"}],"version-history":[{"count":1,"href":"https:\/\/bergers-schlagerparadies.de\/index.php?rest_route=\/wp\/v2\/posts\/28716\/revisions"}],"predecessor-version":[{"id":28718,"href":"https:\/\/bergers-schlagerparadies.de\/index.php?rest_route=\/wp\/v2\/posts\/28716\/revisions\/28718"}],"wp:featuredmedia":[{"embeddable":true,"href":"https:\/\/bergers-schlagerparadies.de\/index.php?rest_route=\/wp\/v2\/media\/28717"}],"wp:attachment":[{"href":"https:\/\/bergers-schlagerparadies.de\/index.php?rest_route=%2Fwp%2Fv2%2Fmedia&parent=28716"}],"wp:term":[{"taxonomy":"category","embeddable":true,"href":"https:\/\/bergers-schlagerparadies.de\/index.php?rest_route=%2Fwp%2Fv2%2Fcategories&post=28716"},{"taxonomy":"post_tag","embeddable":true,"href":"https:\/\/bergers-schlagerparadies.de\/index.php?rest_route=%2Fwp%2Fv2%2Ftags&post=28716"}],"curies":[{"name":"wp","href":"https:\/\/api.w.org\/{rel}","templated":true}]}}