{"id":28697,"date":"2024-09-16T10:30:07","date_gmt":"2024-09-16T08:30:07","guid":{"rendered":"https:\/\/bergers-schlagerparadies.de\/?p=28697"},"modified":"2024-09-12T11:11:13","modified_gmt":"2024-09-12T09:11:13","slug":"adiama-perfektes-chaos-%c2%b7-bergers-schlagerparadies","status":"publish","type":"post","link":"https:\/\/bergers-schlagerparadies.de\/?p=28697","title":{"rendered":"ADIAMA &#8211; Perfektes Chaos \u00b7 Berger\u00b4s Schlagerparadies"},"content":{"rendered":"<p><img loading=\"lazy\" decoding=\"async\" class=\"size-medium wp-image-28698 alignleft\" src=\"https:\/\/bergers-schlagerparadies.de\/wp-content\/uploads\/2024\/09\/ADIAMA-Perfektes-Chaos-300x300.jpeg\" alt=\"\" width=\"300\" height=\"300\" srcset=\"https:\/\/bergers-schlagerparadies.de\/wp-content\/uploads\/2024\/09\/ADIAMA-Perfektes-Chaos-300x300.jpeg 300w, https:\/\/bergers-schlagerparadies.de\/wp-content\/uploads\/2024\/09\/ADIAMA-Perfektes-Chaos-1024x1024.jpeg 1024w, https:\/\/bergers-schlagerparadies.de\/wp-content\/uploads\/2024\/09\/ADIAMA-Perfektes-Chaos-150x150.jpeg 150w, https:\/\/bergers-schlagerparadies.de\/wp-content\/uploads\/2024\/09\/ADIAMA-Perfektes-Chaos-768x768.jpeg 768w, https:\/\/bergers-schlagerparadies.de\/wp-content\/uploads\/2024\/09\/ADIAMA-Perfektes-Chaos-1536x1536.jpeg 1536w, https:\/\/bergers-schlagerparadies.de\/wp-content\/uploads\/2024\/09\/ADIAMA-Perfektes-Chaos-2048x2048.jpeg 2048w, https:\/\/bergers-schlagerparadies.de\/wp-content\/uploads\/2024\/09\/ADIAMA-Perfektes-Chaos-1200x1200.jpeg 1200w, https:\/\/bergers-schlagerparadies.de\/wp-content\/uploads\/2024\/09\/ADIAMA-Perfektes-Chaos-1188x1188.jpeg 1188w, https:\/\/bergers-schlagerparadies.de\/wp-content\/uploads\/2024\/09\/ADIAMA-Perfektes-Chaos-100x100.jpeg 100w\" sizes=\"auto, (max-width: 300px) 100vw, 300px\" \/>Schlagers\u00e4ngerin ADIAMA meldet sich mit ihrer mitrei\u00dfenden neuen Single \u201ePerfektes Chaos\u201c am 13. September 2024 zur\u00fcck und verspricht, ein weiteres Highlight in ihrer erfolgreichen Musikkarriere zu werden.<\/p>\n<p>Mit \u201ePerfektes Chaos\u201c bringt ADIAMA ihre charakteristische Energie und Leidenschaft erneut auf die B\u00fchne und vereint packende Melodien mit tiefgr\u00fcndigen Texten. Der Song thematisiert die turbulenten und widerspr\u00fcchlichen Gef\u00fchle, die viele in sich tragen und die ADIAMA in eine universell nachvollziehbare Geschichte verwandelt.<br \/>\nEinmal mehr spricht sie die Herzen ihrer Fans mit ihren ehrlichen Lyrics an.<br \/>\nDer energiegeladene Song, der aus der Feder der S\u00e4nger Daniel Sommer und Sebastian Wurth stammt, verspricht, die Schlagerwelt im Sturm zu erobern und hebt die Qualit\u00e4t der Songs auf ein neues Level.<br \/>\n\u201eIch freue mich sehr, meine neue Single mit der Welt zu teilen.<br \/>\n\u201aPerfektes Chaos\u2018 ist ein Lied, das f\u00fcr viele von uns spricht \u2013 es geht um die H\u00f6hen und Tiefen, die wir alle durchleben.<br \/>\nIch hoffe, dass sich die H\u00f6rer in dem Song wiederfinden und ihn genauso lieben werden wie ich\u201c, so ADIAMA \u00fcber ihre neueste Ver\u00f6ffentlichung.<br \/>\n\u201ePerfektes Chaos\u201c wird ab dem 13. September auf allen g\u00e4ngigen Streaming-Plattformen verf\u00fcgbar sein und darf in keiner Playlist fehlen.<\/p>\n<p><span style=\"color: #800000;\"><strong>Quelle: Mirabella<\/strong><\/span><\/p>\n<p><span style=\"color: #800000;\"><strong>Dieser Song ist ab dem 13.09.2024 auf allen Download- und Streaming-Portalen erh\u00e4ltlich.\u00a0<\/strong><\/span><\/p>\n<p><span style=\"color: #800000;\"><strong>Airdate (f\u00fcr Radiosender): 13.09.2024<\/strong><\/span><\/p>\n","protected":false},"excerpt":{"rendered":"<p>Schlagers\u00e4ngerin ADIAMA meldet sich mit ihrer mitrei\u00dfenden neuen Single \u201ePerfektes Chaos\u201c am 13. September 2024 zur\u00fcck und verspricht, ein weiteres Highlight in ihrer erfolgreichen Musikkarriere zu werden. Mit \u201ePerfektes Chaos\u201c bringt ADIAMA ihre charakteristische Energie und Leidenschaft erneut auf die B\u00fchne und vereint packende Melodien mit tiefgr\u00fcndigen Texten. Der Song thematisiert die turbulenten und widerspr\u00fcchlichen Gef\u00fchle, die viele in sich tragen und die ADIAMA in eine universell nachvollziehbare Geschichte verwandelt. Einmal mehr spricht sie die Herzen ihrer Fans mit ihren ehrlichen Lyrics an. Der energiegeladene Song, der aus der Feder der S\u00e4nger Daniel Sommer und Sebastian Wurth stammt, verspricht, die Schlagerwelt im Sturm zu erobern&#8230;<\/p>\n","protected":false},"author":1,"featured_media":28698,"comment_status":"open","ping_status":"open","sticky":false,"template":"","format":"standard","meta":{"footnotes":""},"categories":[2],"tags":[1378],"class_list":["post-28697","post","type-post","status-publish","format-standard","has-post-thumbnail","hentry","category-schlager","tag-adiama","wpcat-2-id"],"_links":{"self":[{"href":"https:\/\/bergers-schlagerparadies.de\/index.php?rest_route=\/wp\/v2\/posts\/28697","targetHints":{"allow":["GET"]}}],"collection":[{"href":"https:\/\/bergers-schlagerparadies.de\/index.php?rest_route=\/wp\/v2\/posts"}],"about":[{"href":"https:\/\/bergers-schlagerparadies.de\/index.php?rest_route=\/wp\/v2\/types\/post"}],"author":[{"embeddable":true,"href":"https:\/\/bergers-schlagerparadies.de\/index.php?rest_route=\/wp\/v2\/users\/1"}],"replies":[{"embeddable":true,"href":"https:\/\/bergers-schlagerparadies.de\/index.php?rest_route=%2Fwp%2Fv2%2Fcomments&post=28697"}],"version-history":[{"count":1,"href":"https:\/\/bergers-schlagerparadies.de\/index.php?rest_route=\/wp\/v2\/posts\/28697\/revisions"}],"predecessor-version":[{"id":28699,"href":"https:\/\/bergers-schlagerparadies.de\/index.php?rest_route=\/wp\/v2\/posts\/28697\/revisions\/28699"}],"wp:featuredmedia":[{"embeddable":true,"href":"https:\/\/bergers-schlagerparadies.de\/index.php?rest_route=\/wp\/v2\/media\/28698"}],"wp:attachment":[{"href":"https:\/\/bergers-schlagerparadies.de\/index.php?rest_route=%2Fwp%2Fv2%2Fmedia&parent=28697"}],"wp:term":[{"taxonomy":"category","embeddable":true,"href":"https:\/\/bergers-schlagerparadies.de\/index.php?rest_route=%2Fwp%2Fv2%2Fcategories&post=28697"},{"taxonomy":"post_tag","embeddable":true,"href":"https:\/\/bergers-schlagerparadies.de\/index.php?rest_route=%2Fwp%2Fv2%2Ftags&post=28697"}],"curies":[{"name":"wp","href":"https:\/\/api.w.org\/{rel}","templated":true}]}}