{"id":28688,"date":"2024-09-11T16:49:16","date_gmt":"2024-09-11T14:49:16","guid":{"rendered":"https:\/\/bergers-schlagerparadies.de\/?p=28688"},"modified":"2024-09-11T16:49:16","modified_gmt":"2024-09-11T14:49:16","slug":"jana-sammer-das-sind-wir-remix-%c2%b7-bergers-schlagerparadies","status":"publish","type":"post","link":"https:\/\/bergers-schlagerparadies.de\/?p=28688","title":{"rendered":"Jana Sammer &#8211; Das sind wir (Remix) \u00b7 Berger\u00b4s Schlagerparadies"},"content":{"rendered":"<p><img loading=\"lazy\" decoding=\"async\" class=\"size-medium wp-image-28689 alignleft\" src=\"https:\/\/bergers-schlagerparadies.de\/wp-content\/uploads\/2024\/09\/Jana-Sammer-Das-sind-wir-Remix-300x300.jpg\" alt=\"\" width=\"300\" height=\"300\" srcset=\"https:\/\/bergers-schlagerparadies.de\/wp-content\/uploads\/2024\/09\/Jana-Sammer-Das-sind-wir-Remix-300x300.jpg 300w, https:\/\/bergers-schlagerparadies.de\/wp-content\/uploads\/2024\/09\/Jana-Sammer-Das-sind-wir-Remix-1024x1024.jpg 1024w, https:\/\/bergers-schlagerparadies.de\/wp-content\/uploads\/2024\/09\/Jana-Sammer-Das-sind-wir-Remix-150x150.jpg 150w, https:\/\/bergers-schlagerparadies.de\/wp-content\/uploads\/2024\/09\/Jana-Sammer-Das-sind-wir-Remix-768x768.jpg 768w, https:\/\/bergers-schlagerparadies.de\/wp-content\/uploads\/2024\/09\/Jana-Sammer-Das-sind-wir-Remix-1536x1536.jpg 1536w, https:\/\/bergers-schlagerparadies.de\/wp-content\/uploads\/2024\/09\/Jana-Sammer-Das-sind-wir-Remix-2048x2048.jpg 2048w, https:\/\/bergers-schlagerparadies.de\/wp-content\/uploads\/2024\/09\/Jana-Sammer-Das-sind-wir-Remix-1200x1200.jpg 1200w, https:\/\/bergers-schlagerparadies.de\/wp-content\/uploads\/2024\/09\/Jana-Sammer-Das-sind-wir-Remix-1188x1188.jpg 1188w, https:\/\/bergers-schlagerparadies.de\/wp-content\/uploads\/2024\/09\/Jana-Sammer-Das-sind-wir-Remix-100x100.jpg 100w\" sizes=\"auto, (max-width: 300px) 100vw, 300px\" \/>\u201eDas sind wir\u201c hei\u00dft der aktuelle Song von JANA SAMMER, der in diesem Sommer am 7.6.24 an den Start ging.<br \/>\nDer Song thematisiert das \u201eWir\u201c-Gef\u00fchl \u2013 ob in der Liebe, Freundschaft oder im Team, das \u201eWir\u201c steht f\u00fcr Lebensfreude und Zusammenhalt. Der powervollen S\u00e4ngerin JANA SAMMER gelang es mit ihrer charismatischen und gef\u00fchlvollen Stimme, unterst\u00fctzt von modernen Sounds, innerhalb k\u00fcrzester Zeit, die Schlagerfans zum Mitsingen und Tanzen anzufeuern und das \u201eWir\u201c-Gef\u00fchl leben zu lassen.<\/p>\n<p>Da der Song mit seinem Ohrwurmcharakter so viel Potential hat, auch die angesagte DJ Szene zu , hat sich das Team zu einem Remix entschieden, der Jana Sammers Hit \u201eDas sind wir\u201c mit angesagten Beats und coolen Sounds zu einer Extraportion Tanzfieber verschmelzen l\u00e4sst und jedes Tanzbein auf die Tanzfl\u00e4chen holt.<\/p>\n<p>&nbsp;<\/p>\n<p>&nbsp;<\/p>\n<p>&nbsp;<\/p>\n<p><span style=\"color: #800000;\"><strong>Quelle: Fiesta Records<\/strong><\/span><\/p>\n<p><span style=\"color: #800000;\"><strong>Dieser Song ist ab dem 13.09.2024 auf allen Download- und Streaming-Portalen erh\u00e4ltlich.\u00a0<\/strong><\/span><\/p>\n<p><span style=\"color: #800000;\"><strong>Airdate (f\u00fcr Radiosender): 11.09.2024<\/strong><\/span><\/p>\n","protected":false},"excerpt":{"rendered":"<p>\u201eDas sind wir\u201c hei\u00dft der aktuelle Song von JANA SAMMER, der in diesem Sommer am 7.6.24 an den Start ging. Der Song thematisiert das \u201eWir\u201c-Gef\u00fchl \u2013 ob in der Liebe, Freundschaft oder im Team, das \u201eWir\u201c steht f\u00fcr Lebensfreude und Zusammenhalt. Der powervollen S\u00e4ngerin JANA SAMMER gelang es mit ihrer charismatischen und gef\u00fchlvollen Stimme, unterst\u00fctzt von modernen Sounds, innerhalb k\u00fcrzester Zeit, die Schlagerfans zum Mitsingen und Tanzen anzufeuern und das \u201eWir\u201c-Gef\u00fchl leben zu lassen. Da der Song mit seinem Ohrwurmcharakter so viel Potential hat, auch die angesagte DJ Szene zu , hat sich das Team zu einem Remix entschieden, der Jana Sammers Hit \u201eDas sind&#8230;<\/p>\n","protected":false},"author":1,"featured_media":28689,"comment_status":"open","ping_status":"open","sticky":false,"template":"","format":"standard","meta":{"footnotes":""},"categories":[2],"tags":[906],"class_list":["post-28688","post","type-post","status-publish","format-standard","has-post-thumbnail","hentry","category-schlager","tag-jana-sammer","wpcat-2-id"],"_links":{"self":[{"href":"https:\/\/bergers-schlagerparadies.de\/index.php?rest_route=\/wp\/v2\/posts\/28688","targetHints":{"allow":["GET"]}}],"collection":[{"href":"https:\/\/bergers-schlagerparadies.de\/index.php?rest_route=\/wp\/v2\/posts"}],"about":[{"href":"https:\/\/bergers-schlagerparadies.de\/index.php?rest_route=\/wp\/v2\/types\/post"}],"author":[{"embeddable":true,"href":"https:\/\/bergers-schlagerparadies.de\/index.php?rest_route=\/wp\/v2\/users\/1"}],"replies":[{"embeddable":true,"href":"https:\/\/bergers-schlagerparadies.de\/index.php?rest_route=%2Fwp%2Fv2%2Fcomments&post=28688"}],"version-history":[{"count":1,"href":"https:\/\/bergers-schlagerparadies.de\/index.php?rest_route=\/wp\/v2\/posts\/28688\/revisions"}],"predecessor-version":[{"id":28690,"href":"https:\/\/bergers-schlagerparadies.de\/index.php?rest_route=\/wp\/v2\/posts\/28688\/revisions\/28690"}],"wp:featuredmedia":[{"embeddable":true,"href":"https:\/\/bergers-schlagerparadies.de\/index.php?rest_route=\/wp\/v2\/media\/28689"}],"wp:attachment":[{"href":"https:\/\/bergers-schlagerparadies.de\/index.php?rest_route=%2Fwp%2Fv2%2Fmedia&parent=28688"}],"wp:term":[{"taxonomy":"category","embeddable":true,"href":"https:\/\/bergers-schlagerparadies.de\/index.php?rest_route=%2Fwp%2Fv2%2Fcategories&post=28688"},{"taxonomy":"post_tag","embeddable":true,"href":"https:\/\/bergers-schlagerparadies.de\/index.php?rest_route=%2Fwp%2Fv2%2Ftags&post=28688"}],"curies":[{"name":"wp","href":"https:\/\/api.w.org\/{rel}","templated":true}]}}