{"id":28681,"date":"2024-09-11T16:33:45","date_gmt":"2024-09-11T14:33:45","guid":{"rendered":"https:\/\/bergers-schlagerparadies.de\/?p=28681"},"modified":"2024-09-11T16:33:45","modified_gmt":"2024-09-11T14:33:45","slug":"kurt-christ-komm-steht-wieder-auf-%c2%b7-bergers-schlagerparadies","status":"publish","type":"post","link":"https:\/\/bergers-schlagerparadies.de\/?p=28681","title":{"rendered":"Kurt Christ &#8211; Komm steht wieder auf \u00b7 Berger\u00b4s Schlagerparadies"},"content":{"rendered":"<p><img loading=\"lazy\" decoding=\"async\" class=\"size-medium wp-image-28682 alignleft\" src=\"https:\/\/bergers-schlagerparadies.de\/wp-content\/uploads\/2024\/09\/Kurt-Christ-Komm-steht-wieder-auf-300x300.jpg\" alt=\"\" width=\"300\" height=\"300\" srcset=\"https:\/\/bergers-schlagerparadies.de\/wp-content\/uploads\/2024\/09\/Kurt-Christ-Komm-steht-wieder-auf-300x300.jpg 300w, https:\/\/bergers-schlagerparadies.de\/wp-content\/uploads\/2024\/09\/Kurt-Christ-Komm-steht-wieder-auf-1024x1024.jpg 1024w, https:\/\/bergers-schlagerparadies.de\/wp-content\/uploads\/2024\/09\/Kurt-Christ-Komm-steht-wieder-auf-150x150.jpg 150w, https:\/\/bergers-schlagerparadies.de\/wp-content\/uploads\/2024\/09\/Kurt-Christ-Komm-steht-wieder-auf-768x768.jpg 768w, https:\/\/bergers-schlagerparadies.de\/wp-content\/uploads\/2024\/09\/Kurt-Christ-Komm-steht-wieder-auf-1536x1536.jpg 1536w, https:\/\/bergers-schlagerparadies.de\/wp-content\/uploads\/2024\/09\/Kurt-Christ-Komm-steht-wieder-auf-2048x2048.jpg 2048w, https:\/\/bergers-schlagerparadies.de\/wp-content\/uploads\/2024\/09\/Kurt-Christ-Komm-steht-wieder-auf-1200x1200.jpg 1200w, https:\/\/bergers-schlagerparadies.de\/wp-content\/uploads\/2024\/09\/Kurt-Christ-Komm-steht-wieder-auf-1188x1188.jpg 1188w, https:\/\/bergers-schlagerparadies.de\/wp-content\/uploads\/2024\/09\/Kurt-Christ-Komm-steht-wieder-auf-100x100.jpg 100w\" sizes=\"auto, (max-width: 300px) 100vw, 300px\" \/>Der Aachener Interpret Kurt Christ meldet sich nach seinem gro\u00dfen Erfolg mit der Single \u201eDie Glocke\u201c, die 2023 \u00fcber Fiesta Records ver\u00f6ffentlicht wurde, mit einem weiteren vielversprechenden Titel zur\u00fcck: \u201eKomm steh wieder auf\u201c. Dieser schwungvolle Song l\u00e4dt zum Mitsingen und Mitfeiern ein und verspricht, erneut die Herzen seiner Fans zu erobern.<\/p>\n<p>F\u00fcr \u201eKomm steh wieder auf\u201c konnten Kurt Christ und Produzent Hans Haas auf die Komposition des weltbekannten Hits \u201eTo Whom It Concerns\u201c von Chris Andrews aus den 1970er Jahren zur\u00fcckgreifen.<\/p>\n<p>Mit \u201eKomm steh wieder auf\u201c pr\u00e4sentiert Kurt Christ einen energiegeladenen Titel, der nicht nur nostalgische Gef\u00fchle weckt, sondern auch frischen Wind in die Schlagerlandschaft bringt. Der Song verbindet den Charme eines Klassikers mit moderner Produktion und l\u00e4dt das Publikum ein, sich von der mitrei\u00dfenden Melodie und den positiven Texten tragen zu lassen.<\/p>\n<p>Die Single verspricht, auf vielen Veranstaltungen und in den Playlists der Schlagerfans einen festen Platz einzunehmen.<\/p>\n<p>&nbsp;<\/p>\n<p><span style=\"color: #800000;\"><strong>Quelle: Fiesta Records<\/strong><\/span><\/p>\n<p><span style=\"color: #800000;\"><strong>Dieser Song ist ab dem 13.09.2024 auf allen Download- und Streaming-Portalen erh\u00e4ltlich.\u00a0<\/strong><\/span><\/p>\n<p><span style=\"color: #800000;\"><strong>Airdate (f\u00fcr Radiosender): 11.09.2024<\/strong><\/span><\/p>\n","protected":false},"excerpt":{"rendered":"<p>Der Aachener Interpret Kurt Christ meldet sich nach seinem gro\u00dfen Erfolg mit der Single \u201eDie Glocke\u201c, die 2023 \u00fcber Fiesta Records ver\u00f6ffentlicht wurde, mit einem weiteren vielversprechenden Titel zur\u00fcck: \u201eKomm steh wieder auf\u201c. Dieser schwungvolle Song l\u00e4dt zum Mitsingen und Mitfeiern ein und verspricht, erneut die Herzen seiner Fans zu erobern. F\u00fcr \u201eKomm steh wieder auf\u201c konnten Kurt Christ und Produzent Hans Haas auf die Komposition des weltbekannten Hits \u201eTo Whom It Concerns\u201c von Chris Andrews aus den 1970er Jahren zur\u00fcckgreifen. Mit \u201eKomm steh wieder auf\u201c pr\u00e4sentiert Kurt Christ einen energiegeladenen Titel, der nicht nur nostalgische Gef\u00fchle weckt, sondern auch frischen Wind in die Schlagerlandschaft&#8230;<\/p>\n","protected":false},"author":1,"featured_media":28682,"comment_status":"open","ping_status":"open","sticky":false,"template":"","format":"standard","meta":{"footnotes":""},"categories":[2],"tags":[2979],"class_list":["post-28681","post","type-post","status-publish","format-standard","has-post-thumbnail","hentry","category-schlager","tag-kurt-christ","wpcat-2-id"],"_links":{"self":[{"href":"https:\/\/bergers-schlagerparadies.de\/index.php?rest_route=\/wp\/v2\/posts\/28681","targetHints":{"allow":["GET"]}}],"collection":[{"href":"https:\/\/bergers-schlagerparadies.de\/index.php?rest_route=\/wp\/v2\/posts"}],"about":[{"href":"https:\/\/bergers-schlagerparadies.de\/index.php?rest_route=\/wp\/v2\/types\/post"}],"author":[{"embeddable":true,"href":"https:\/\/bergers-schlagerparadies.de\/index.php?rest_route=\/wp\/v2\/users\/1"}],"replies":[{"embeddable":true,"href":"https:\/\/bergers-schlagerparadies.de\/index.php?rest_route=%2Fwp%2Fv2%2Fcomments&post=28681"}],"version-history":[{"count":1,"href":"https:\/\/bergers-schlagerparadies.de\/index.php?rest_route=\/wp\/v2\/posts\/28681\/revisions"}],"predecessor-version":[{"id":28683,"href":"https:\/\/bergers-schlagerparadies.de\/index.php?rest_route=\/wp\/v2\/posts\/28681\/revisions\/28683"}],"wp:featuredmedia":[{"embeddable":true,"href":"https:\/\/bergers-schlagerparadies.de\/index.php?rest_route=\/wp\/v2\/media\/28682"}],"wp:attachment":[{"href":"https:\/\/bergers-schlagerparadies.de\/index.php?rest_route=%2Fwp%2Fv2%2Fmedia&parent=28681"}],"wp:term":[{"taxonomy":"category","embeddable":true,"href":"https:\/\/bergers-schlagerparadies.de\/index.php?rest_route=%2Fwp%2Fv2%2Fcategories&post=28681"},{"taxonomy":"post_tag","embeddable":true,"href":"https:\/\/bergers-schlagerparadies.de\/index.php?rest_route=%2Fwp%2Fv2%2Ftags&post=28681"}],"curies":[{"name":"wp","href":"https:\/\/api.w.org\/{rel}","templated":true}]}}