{"id":28636,"date":"2024-09-10T14:21:54","date_gmt":"2024-09-10T12:21:54","guid":{"rendered":"https:\/\/bergers-schlagerparadies.de\/?p=28636"},"modified":"2024-09-10T14:21:54","modified_gmt":"2024-09-10T12:21:54","slug":"priscilla-ophof-in-de-wolken-%c2%b7-bergers-schlagerparadies","status":"publish","type":"post","link":"https:\/\/bergers-schlagerparadies.de\/?p=28636","title":{"rendered":"Priscilla Ophof &#8211; In De Wolken \u00b7 Berger\u00b4s Schlagerparadies"},"content":{"rendered":"<div dir=\"auto\"><img loading=\"lazy\" decoding=\"async\" class=\"size-medium wp-image-28637 alignleft\" src=\"https:\/\/bergers-schlagerparadies.de\/wp-content\/uploads\/2024\/09\/Priscilla-Ophof-In-De-Wolken-300x300.jpg\" alt=\"\" width=\"300\" height=\"300\" srcset=\"https:\/\/bergers-schlagerparadies.de\/wp-content\/uploads\/2024\/09\/Priscilla-Ophof-In-De-Wolken-300x300.jpg 300w, https:\/\/bergers-schlagerparadies.de\/wp-content\/uploads\/2024\/09\/Priscilla-Ophof-In-De-Wolken-150x150.jpg 150w, https:\/\/bergers-schlagerparadies.de\/wp-content\/uploads\/2024\/09\/Priscilla-Ophof-In-De-Wolken-100x100.jpg 100w, https:\/\/bergers-schlagerparadies.de\/wp-content\/uploads\/2024\/09\/Priscilla-Ophof-In-De-Wolken.jpg 526w\" sizes=\"auto, (max-width: 300px) 100vw, 300px\" \/>Unfassbar stolz, dass ich schon ein kleines St\u00fcck mit euch teilen darf!<\/div>\n<div dir=\"auto\">In the Clouds erscheint am 13. September!<\/div>\n<div dir=\"auto\">Toll oder Priscilla hat unseren Stolz aus Deventer gehoben.<\/div>\n<div dir=\"auto\">Letzten Sonntag hat SBS Shownieuws einen weiteren Anruf gemacht, weil es zu wenige Volkss\u00e4nger gibt, naja meiner Meinung nach h\u00f6ren sie dort nie niederl\u00e4ndisch sprachige Sender und leben seit zwei Jahren unter einem Stein. Weil man nicht viele bessere Volkss\u00e4nger als Priscilla Ophof mit so einer einzigartigen Stimme finden wird, darum rufe ich alle Priscilla Fans auf, eine Mail an show@talpanetwork.com zu schicken.<\/div>\n<div dir=\"auto\"><\/div>\n<div dir=\"auto\"><span style=\"color: #800000;\"><strong>&#8212;&#8212;&#8212;&#8212;&#8212;&#8212;&#8212;&#8212;&#8212;&#8212;&#8212;&#8212;&#8212;&#8212;&#8212;&#8212;&#8212;&#8212;&#8212;&#8212;&#8212;&#8212;&#8212;&#8212;&#8212;&#8212;&#8212;&#8212;&#8212;&#8212;&#8212;&#8212;&#8212;&#8212;&#8212;&#8212;<\/strong><\/span><\/div>\n<div dir=\"auto\"><\/div>\n<div dir=\"auto\">\n<div dir=\"auto\">Onwijs trots dat ik alvast een klein stukje met jullie kan delen!<\/div>\n<div dir=\"auto\">In de wolken komt 13 september uit!<\/div>\n<div dir=\"auto\">Geweldig toch, priscilla ophof onze trots uit deventer.<\/div>\n<div dir=\"auto\">Afgelopen zondag deed sbs shownieuws nog een oproep omdat er te weinig volks zangeressen zijn ,nou volgens mij luisteren ze daar nooit nedelandstalige zenders en hebben ze de laatste twee jaar onder een steen geleeft.want veel betere volkszangeressen als Priscilla Ophof vind je niet met zo&#8217;n uniek stemgeluid, daarom roep ik alle fans van priscilla op om te mailen naar show@talpanetwork.com<\/div>\n<\/div>\n<div dir=\"auto\"><\/div>\n<div dir=\"auto\">\n<p><span style=\"color: #800000;\"><strong>Quelle:\u00a0<\/strong><\/span><\/p>\n<p><span style=\"color: #800000;\"><strong>Dieser Song ist ab dem 13.09.2024 auf allen Download- und Streaming-Portalen erh\u00e4ltlich.\u00a0<\/strong><\/span><\/p>\n<p><span style=\"color: #800000;\"><strong>Airdate (f\u00fcr Radiosender): 13.09.2024<\/strong><\/span><\/p>\n<\/div>\n","protected":false},"excerpt":{"rendered":"<p>Unfassbar stolz, dass ich schon ein kleines St\u00fcck mit euch teilen darf! In the Clouds erscheint am 13. September! Toll oder Priscilla hat unseren Stolz aus Deventer gehoben. Letzten Sonntag hat SBS Shownieuws einen weiteren Anruf gemacht, weil es zu wenige Volkss\u00e4nger gibt, naja meiner Meinung nach h\u00f6ren sie dort nie niederl\u00e4ndisch sprachige Sender und leben seit zwei Jahren unter einem Stein. Weil man nicht viele bessere Volkss\u00e4nger als Priscilla Ophof mit so einer einzigartigen Stimme finden wird, darum rufe ich alle Priscilla Fans auf, eine Mail an show@talpanetwork.com zu schicken. &#8212;&#8212;&#8212;&#8212;&#8212;&#8212;&#8212;&#8212;&#8212;&#8212;&#8212;&#8212;&#8212;&#8212;&#8212;&#8212;&#8212;&#8212;&#8212;&#8212;&#8212;&#8212;&#8212;&#8212;&#8212;&#8212;&#8212;&#8212;&#8212;&#8212;&#8212;&#8212;&#8212;&#8212;&#8212;&#8212; Onwijs trots dat ik alvast een klein stukje met jullie kan delen! In&#8230;<\/p>\n","protected":false},"author":1,"featured_media":28637,"comment_status":"open","ping_status":"open","sticky":false,"template":"","format":"standard","meta":{"footnotes":""},"categories":[2],"tags":[2972],"class_list":["post-28636","post","type-post","status-publish","format-standard","has-post-thumbnail","hentry","category-schlager","tag-priscilla-ophof","wpcat-2-id"],"_links":{"self":[{"href":"https:\/\/bergers-schlagerparadies.de\/index.php?rest_route=\/wp\/v2\/posts\/28636","targetHints":{"allow":["GET"]}}],"collection":[{"href":"https:\/\/bergers-schlagerparadies.de\/index.php?rest_route=\/wp\/v2\/posts"}],"about":[{"href":"https:\/\/bergers-schlagerparadies.de\/index.php?rest_route=\/wp\/v2\/types\/post"}],"author":[{"embeddable":true,"href":"https:\/\/bergers-schlagerparadies.de\/index.php?rest_route=\/wp\/v2\/users\/1"}],"replies":[{"embeddable":true,"href":"https:\/\/bergers-schlagerparadies.de\/index.php?rest_route=%2Fwp%2Fv2%2Fcomments&post=28636"}],"version-history":[{"count":1,"href":"https:\/\/bergers-schlagerparadies.de\/index.php?rest_route=\/wp\/v2\/posts\/28636\/revisions"}],"predecessor-version":[{"id":28638,"href":"https:\/\/bergers-schlagerparadies.de\/index.php?rest_route=\/wp\/v2\/posts\/28636\/revisions\/28638"}],"wp:featuredmedia":[{"embeddable":true,"href":"https:\/\/bergers-schlagerparadies.de\/index.php?rest_route=\/wp\/v2\/media\/28637"}],"wp:attachment":[{"href":"https:\/\/bergers-schlagerparadies.de\/index.php?rest_route=%2Fwp%2Fv2%2Fmedia&parent=28636"}],"wp:term":[{"taxonomy":"category","embeddable":true,"href":"https:\/\/bergers-schlagerparadies.de\/index.php?rest_route=%2Fwp%2Fv2%2Fcategories&post=28636"},{"taxonomy":"post_tag","embeddable":true,"href":"https:\/\/bergers-schlagerparadies.de\/index.php?rest_route=%2Fwp%2Fv2%2Ftags&post=28636"}],"curies":[{"name":"wp","href":"https:\/\/api.w.org\/{rel}","templated":true}]}}