{"id":28445,"date":"2024-09-03T06:52:10","date_gmt":"2024-09-03T04:52:10","guid":{"rendered":"https:\/\/bergers-schlagerparadies.de\/?p=28445"},"modified":"2024-09-03T06:52:10","modified_gmt":"2024-09-03T04:52:10","slug":"sabrina-solair-sonne-auf-meiner-haut-%c2%b7-bergers-schlagerparadies","status":"publish","type":"post","link":"https:\/\/bergers-schlagerparadies.de\/?p=28445","title":{"rendered":"Sabrina Solair &#8211; Sonne auf meiner Haut \u00b7 Berger\u00b4s Schlagerparadies"},"content":{"rendered":"<p><strong><img loading=\"lazy\" decoding=\"async\" class=\"size-medium wp-image-28446 alignleft\" src=\"https:\/\/bergers-schlagerparadies.de\/wp-content\/uploads\/2024\/09\/Sabrina-Solair-Sonne-auf-meiner-Haut-300x300.jpg\" alt=\"\" width=\"300\" height=\"300\" srcset=\"https:\/\/bergers-schlagerparadies.de\/wp-content\/uploads\/2024\/09\/Sabrina-Solair-Sonne-auf-meiner-Haut-300x300.jpg 300w, https:\/\/bergers-schlagerparadies.de\/wp-content\/uploads\/2024\/09\/Sabrina-Solair-Sonne-auf-meiner-Haut-1024x1024.jpg 1024w, https:\/\/bergers-schlagerparadies.de\/wp-content\/uploads\/2024\/09\/Sabrina-Solair-Sonne-auf-meiner-Haut-150x150.jpg 150w, https:\/\/bergers-schlagerparadies.de\/wp-content\/uploads\/2024\/09\/Sabrina-Solair-Sonne-auf-meiner-Haut-768x768.jpg 768w, https:\/\/bergers-schlagerparadies.de\/wp-content\/uploads\/2024\/09\/Sabrina-Solair-Sonne-auf-meiner-Haut-1536x1536.jpg 1536w, https:\/\/bergers-schlagerparadies.de\/wp-content\/uploads\/2024\/09\/Sabrina-Solair-Sonne-auf-meiner-Haut-2048x2048.jpg 2048w, https:\/\/bergers-schlagerparadies.de\/wp-content\/uploads\/2024\/09\/Sabrina-Solair-Sonne-auf-meiner-Haut-1200x1200.jpg 1200w, https:\/\/bergers-schlagerparadies.de\/wp-content\/uploads\/2024\/09\/Sabrina-Solair-Sonne-auf-meiner-Haut-1188x1188.jpg 1188w, https:\/\/bergers-schlagerparadies.de\/wp-content\/uploads\/2024\/09\/Sabrina-Solair-Sonne-auf-meiner-Haut-100x100.jpg 100w\" sizes=\"auto, (max-width: 300px) 100vw, 300px\" \/>Kopfkino aus dem Urlaubsparadies! &#8222;SONNE AUF MEINER HAUT&#8220;<\/strong><\/p>\n<p>Klar k\u00f6nnte man jetzt sagen: &#8222;Ein Sommersong? Viel zu sp\u00e4t! Wir haben September!&#8220;.<\/p>\n<p>Aber &#8211; SABRINA SOLAIR denkt anders! \u00dcberall auf der Welt gibt es zu jeder Zeit IMMER ein Fleckchen Erde, wo gerade Sommer ist. Und genau f\u00fcr diese\u00a0 Weltenbummler, insbesondere, wenn sie dann noch verliebt sind, ist dieser rhythmisch-warmherzige und optimistisch durchflutete Song gedacht.<\/p>\n<p>Komponist und Produzent MARTIN STEPHAN hat dazu bewusst auch eine sommerliche Instrumentierung gew\u00e4hlt, um den Text, den die S\u00e4ngerin sich wieder selbst von der Urlaubs-Seele geschrieben hat, musikalisch zu unterstreichen. Co-Produzent ANDREAS AMBERG hat dem Song den letzten Schliff verliehen. Gemeinsam hat das Trio aus Deutschland wieder einmal eine gut tanzbare Nummer f\u00fcr die Schlagers\u00e4ngerin SABRINA SOLAIR gezaubert, welche die Schlagerfans, Kreuzfahrt -und Sommer-Sonne-Meer-Fans gleicherma\u00dfen mitten ins musikalische Herz trifft.<\/p>\n<p>Mit dem Produzenten-Duo MARTIN STEPHAN und ANDREAS AMBERG entstanden in Zusammenarbeit seit 2022 f\u00fcr SABRINA SOLAIR u.a. auch Songs wie &#8222;Tabu&#8220;,\u00a0 &#8222;Ausgetrixxt&#8220;, &#8222;Herzsymphonie&#8220;, &#8222;Untypisch Herz&#8220; und viele mehr.<\/p>\n<p>SABRINA SOLAIR, aufgewachsen in Baden-W\u00fcrttemberg, lebt heute im sch\u00f6nen Brandenburger Land. Der Weg bis zum Meer ist also nicht weit. Kein Wunder, wenn dann solche Gedanken aufkommen wie: &#8222;SONNE AUF MEINER HAUT&#8220;.<\/p>\n<p><span style=\"color: #800000;\"><strong>Quelle: <\/strong><strong>Certified Mastering Engineer<\/strong><\/span><\/p>\n<p><span style=\"color: #800000;\"><strong>Dieser Song ist ab dem 13.09.2024 auf allen Download- und Streaming-Portalen erh\u00e4ltlich.<\/strong><\/span><\/p>\n<p><span style=\"color: #800000;\"><strong>Airdate (f\u00fcr Radiosender) 06.09.2024<\/strong><\/span><\/p>\n","protected":false},"excerpt":{"rendered":"<p>Kopfkino aus dem Urlaubsparadies! &#8222;SONNE AUF MEINER HAUT&#8220; Klar k\u00f6nnte man jetzt sagen: &#8222;Ein Sommersong? Viel zu sp\u00e4t! Wir haben September!&#8220;. Aber &#8211; SABRINA SOLAIR denkt anders! \u00dcberall auf der Welt gibt es zu jeder Zeit IMMER ein Fleckchen Erde, wo gerade Sommer ist. Und genau f\u00fcr diese\u00a0 Weltenbummler, insbesondere, wenn sie dann noch verliebt sind, ist dieser rhythmisch-warmherzige und optimistisch durchflutete Song gedacht. Komponist und Produzent MARTIN STEPHAN hat dazu bewusst auch eine sommerliche Instrumentierung gew\u00e4hlt, um den Text, den die S\u00e4ngerin sich wieder selbst von der Urlaubs-Seele geschrieben hat, musikalisch zu unterstreichen. Co-Produzent ANDREAS AMBERG hat dem Song den letzten Schliff verliehen. Gemeinsam&#8230;<\/p>\n","protected":false},"author":1,"featured_media":28446,"comment_status":"open","ping_status":"open","sticky":false,"template":"","format":"standard","meta":{"footnotes":""},"categories":[2],"tags":[1668],"class_list":["post-28445","post","type-post","status-publish","format-standard","has-post-thumbnail","hentry","category-schlager","tag-sabrina-solair","wpcat-2-id"],"_links":{"self":[{"href":"https:\/\/bergers-schlagerparadies.de\/index.php?rest_route=\/wp\/v2\/posts\/28445","targetHints":{"allow":["GET"]}}],"collection":[{"href":"https:\/\/bergers-schlagerparadies.de\/index.php?rest_route=\/wp\/v2\/posts"}],"about":[{"href":"https:\/\/bergers-schlagerparadies.de\/index.php?rest_route=\/wp\/v2\/types\/post"}],"author":[{"embeddable":true,"href":"https:\/\/bergers-schlagerparadies.de\/index.php?rest_route=\/wp\/v2\/users\/1"}],"replies":[{"embeddable":true,"href":"https:\/\/bergers-schlagerparadies.de\/index.php?rest_route=%2Fwp%2Fv2%2Fcomments&post=28445"}],"version-history":[{"count":1,"href":"https:\/\/bergers-schlagerparadies.de\/index.php?rest_route=\/wp\/v2\/posts\/28445\/revisions"}],"predecessor-version":[{"id":28447,"href":"https:\/\/bergers-schlagerparadies.de\/index.php?rest_route=\/wp\/v2\/posts\/28445\/revisions\/28447"}],"wp:featuredmedia":[{"embeddable":true,"href":"https:\/\/bergers-schlagerparadies.de\/index.php?rest_route=\/wp\/v2\/media\/28446"}],"wp:attachment":[{"href":"https:\/\/bergers-schlagerparadies.de\/index.php?rest_route=%2Fwp%2Fv2%2Fmedia&parent=28445"}],"wp:term":[{"taxonomy":"category","embeddable":true,"href":"https:\/\/bergers-schlagerparadies.de\/index.php?rest_route=%2Fwp%2Fv2%2Fcategories&post=28445"},{"taxonomy":"post_tag","embeddable":true,"href":"https:\/\/bergers-schlagerparadies.de\/index.php?rest_route=%2Fwp%2Fv2%2Ftags&post=28445"}],"curies":[{"name":"wp","href":"https:\/\/api.w.org\/{rel}","templated":true}]}}