{"id":28368,"date":"2024-09-02T10:30:00","date_gmt":"2024-09-02T08:30:00","guid":{"rendered":"https:\/\/bergers-schlagerparadies.de\/?p=28368"},"modified":"2024-09-03T06:05:26","modified_gmt":"2024-09-03T04:05:26","slug":"nadine-sieben-er-gehoert-zu-mir-%c2%b7-bergers-schlagerparadies","status":"publish","type":"post","link":"https:\/\/bergers-schlagerparadies.de\/?p=28368","title":{"rendered":"Nadine Sieben &#8211; Er geh\u00f6rt zu mir \u00b7 Berger\u00b4s Schlagerparadies"},"content":{"rendered":"<p><img loading=\"lazy\" decoding=\"async\" class=\"size-medium wp-image-28369 alignleft\" src=\"https:\/\/bergers-schlagerparadies.de\/wp-content\/uploads\/2024\/08\/Nadine-Sieben-Er-gehoert-zu-mir-300x300.jpeg\" alt=\"\" width=\"300\" height=\"300\" srcset=\"https:\/\/bergers-schlagerparadies.de\/wp-content\/uploads\/2024\/08\/Nadine-Sieben-Er-gehoert-zu-mir-300x300.jpeg 300w, https:\/\/bergers-schlagerparadies.de\/wp-content\/uploads\/2024\/08\/Nadine-Sieben-Er-gehoert-zu-mir-1024x1024.jpeg 1024w, https:\/\/bergers-schlagerparadies.de\/wp-content\/uploads\/2024\/08\/Nadine-Sieben-Er-gehoert-zu-mir-150x150.jpeg 150w, https:\/\/bergers-schlagerparadies.de\/wp-content\/uploads\/2024\/08\/Nadine-Sieben-Er-gehoert-zu-mir-768x768.jpeg 768w, https:\/\/bergers-schlagerparadies.de\/wp-content\/uploads\/2024\/08\/Nadine-Sieben-Er-gehoert-zu-mir-1536x1536.jpeg 1536w, https:\/\/bergers-schlagerparadies.de\/wp-content\/uploads\/2024\/08\/Nadine-Sieben-Er-gehoert-zu-mir-2048x2048.jpeg 2048w, https:\/\/bergers-schlagerparadies.de\/wp-content\/uploads\/2024\/08\/Nadine-Sieben-Er-gehoert-zu-mir-1200x1200.jpeg 1200w, https:\/\/bergers-schlagerparadies.de\/wp-content\/uploads\/2024\/08\/Nadine-Sieben-Er-gehoert-zu-mir-1188x1188.jpeg 1188w, https:\/\/bergers-schlagerparadies.de\/wp-content\/uploads\/2024\/08\/Nadine-Sieben-Er-gehoert-zu-mir-100x100.jpeg 100w\" sizes=\"auto, (max-width: 300px) 100vw, 300px\" \/>Als Marianne Rosenberg vor einem halben Jahrhundert diesen Song beim deutschen Vorentscheid des Eurovision Song Contest sang, wusste sie da wohl schon, das \u201eEr geh\u00f6rt zu mir\u201c zur absoluten Schlager-Hymne f\u00fcr Generation wurde? Die alters- und geschlechts\u00fcbergreifende Liebesschnulze war und ist damals wie heute der Star auf jeder Party und garantiert volle Tanzfl\u00e4chen. Wie sch\u00f6n, das Worte \u00fcber Liebe und Zusammenhalt solchen Bestand haben.<\/p>\n<p>F\u00fcr Nadine Sieben ist \u201eEr geh\u00f6rt zu mir\u201c nicht nur einfach eine Cover-Version, sondern vielmehr rankt sich um die Entstehung dieses Titels eine ganz pers\u00f6nliche Geschichte &#8211; ihre Geschichte, auch eine Liebesgeschichte &#8211; und auch deshalb freut sich die S\u00e4ngerin so sehr, ihre Interpretation des Klassikers vorstellen zu d\u00fcrfen.<\/p>\n<p>Produziert wurde die neue Fassung von \u201eEr geh\u00f6rt zu mir\u201c von Thomas Michael Lackmann, der schon die Nadine Sieben Titel \u201eHigher love\u201c, \u201eLichterglanz\u201c, \u201eKopfkino\u201c und die bisher von der Schlagers\u00e4ngerin ver\u00f6ffentlichten Cover \u201eRegenbogenfarben\u201c und \u201eEin Bett im Kornfeld\u201c schuf.<\/p>\n<p><span style=\"color: #800000;\"><strong>Quelle: Fiesta Records<\/strong><\/span><\/p>\n<p><span style=\"color: #800000;\"><strong>Dieser Song ist ab dem 06.09.2024 auf allen Download- und Streaming-Portalen erh\u00e4ltlich.<\/strong><\/span><\/p>\n<p><span style=\"color: #800000;\"><strong>Airdate (f\u00fcr Radiosender) 02.09.2024<\/strong><\/span><\/p>\n","protected":false},"excerpt":{"rendered":"<p>Als Marianne Rosenberg vor einem halben Jahrhundert diesen Song beim deutschen Vorentscheid des Eurovision Song Contest sang, wusste sie da wohl schon, das \u201eEr geh\u00f6rt zu mir\u201c zur absoluten Schlager-Hymne f\u00fcr Generation wurde? Die alters- und geschlechts\u00fcbergreifende Liebesschnulze war und ist damals wie heute der Star auf jeder Party und garantiert volle Tanzfl\u00e4chen. Wie sch\u00f6n, das Worte \u00fcber Liebe und Zusammenhalt solchen Bestand haben. F\u00fcr Nadine Sieben ist \u201eEr geh\u00f6rt zu mir\u201c nicht nur einfach eine Cover-Version, sondern vielmehr rankt sich um die Entstehung dieses Titels eine ganz pers\u00f6nliche Geschichte &#8211; ihre Geschichte, auch eine Liebesgeschichte &#8211; und auch deshalb freut sich die S\u00e4ngerin so&#8230;<\/p>\n","protected":false},"author":1,"featured_media":28369,"comment_status":"open","ping_status":"open","sticky":false,"template":"","format":"standard","meta":{"footnotes":""},"categories":[2],"tags":[1304],"class_list":["post-28368","post","type-post","status-publish","format-standard","has-post-thumbnail","hentry","category-schlager","tag-nadine-sieben","wpcat-2-id"],"_links":{"self":[{"href":"https:\/\/bergers-schlagerparadies.de\/index.php?rest_route=\/wp\/v2\/posts\/28368","targetHints":{"allow":["GET"]}}],"collection":[{"href":"https:\/\/bergers-schlagerparadies.de\/index.php?rest_route=\/wp\/v2\/posts"}],"about":[{"href":"https:\/\/bergers-schlagerparadies.de\/index.php?rest_route=\/wp\/v2\/types\/post"}],"author":[{"embeddable":true,"href":"https:\/\/bergers-schlagerparadies.de\/index.php?rest_route=\/wp\/v2\/users\/1"}],"replies":[{"embeddable":true,"href":"https:\/\/bergers-schlagerparadies.de\/index.php?rest_route=%2Fwp%2Fv2%2Fcomments&post=28368"}],"version-history":[{"count":2,"href":"https:\/\/bergers-schlagerparadies.de\/index.php?rest_route=\/wp\/v2\/posts\/28368\/revisions"}],"predecessor-version":[{"id":28435,"href":"https:\/\/bergers-schlagerparadies.de\/index.php?rest_route=\/wp\/v2\/posts\/28368\/revisions\/28435"}],"wp:featuredmedia":[{"embeddable":true,"href":"https:\/\/bergers-schlagerparadies.de\/index.php?rest_route=\/wp\/v2\/media\/28369"}],"wp:attachment":[{"href":"https:\/\/bergers-schlagerparadies.de\/index.php?rest_route=%2Fwp%2Fv2%2Fmedia&parent=28368"}],"wp:term":[{"taxonomy":"category","embeddable":true,"href":"https:\/\/bergers-schlagerparadies.de\/index.php?rest_route=%2Fwp%2Fv2%2Fcategories&post=28368"},{"taxonomy":"post_tag","embeddable":true,"href":"https:\/\/bergers-schlagerparadies.de\/index.php?rest_route=%2Fwp%2Fv2%2Ftags&post=28368"}],"curies":[{"name":"wp","href":"https:\/\/api.w.org\/{rel}","templated":true}]}}