{"id":28342,"date":"2024-09-02T10:30:31","date_gmt":"2024-09-02T08:30:31","guid":{"rendered":"https:\/\/bergers-schlagerparadies.de\/?p=28342"},"modified":"2024-09-01T12:23:51","modified_gmt":"2024-09-01T10:23:51","slug":"j-a-n-j-a-s-c-h-a-fallschirm-fuer-die-liebe-%c2%b7-bergers-schlagerparadies","status":"publish","type":"post","link":"https:\/\/bergers-schlagerparadies.de\/?p=28342","title":{"rendered":"J A N &#038; J A S C H A &#8211; Fallschirm f\u00fcr die Liebe \u00b7 Berger\u00b4s Schlagerparadies"},"content":{"rendered":"<p><img loading=\"lazy\" decoding=\"async\" class=\"size-medium wp-image-28343 alignleft\" src=\"https:\/\/bergers-schlagerparadies.de\/wp-content\/uploads\/2024\/08\/J-A-N-J-A-S-C-H-A-Fallschirm-fuer-die-Liebe-300x300.jpg\" alt=\"\" width=\"300\" height=\"300\" srcset=\"https:\/\/bergers-schlagerparadies.de\/wp-content\/uploads\/2024\/08\/J-A-N-J-A-S-C-H-A-Fallschirm-fuer-die-Liebe-300x300.jpg 300w, https:\/\/bergers-schlagerparadies.de\/wp-content\/uploads\/2024\/08\/J-A-N-J-A-S-C-H-A-Fallschirm-fuer-die-Liebe-1024x1024.jpg 1024w, https:\/\/bergers-schlagerparadies.de\/wp-content\/uploads\/2024\/08\/J-A-N-J-A-S-C-H-A-Fallschirm-fuer-die-Liebe-150x150.jpg 150w, https:\/\/bergers-schlagerparadies.de\/wp-content\/uploads\/2024\/08\/J-A-N-J-A-S-C-H-A-Fallschirm-fuer-die-Liebe-768x768.jpg 768w, https:\/\/bergers-schlagerparadies.de\/wp-content\/uploads\/2024\/08\/J-A-N-J-A-S-C-H-A-Fallschirm-fuer-die-Liebe-1200x1200.jpg 1200w, https:\/\/bergers-schlagerparadies.de\/wp-content\/uploads\/2024\/08\/J-A-N-J-A-S-C-H-A-Fallschirm-fuer-die-Liebe-1188x1188.jpg 1188w, https:\/\/bergers-schlagerparadies.de\/wp-content\/uploads\/2024\/08\/J-A-N-J-A-S-C-H-A-Fallschirm-fuer-die-Liebe-100x100.jpg 100w, https:\/\/bergers-schlagerparadies.de\/wp-content\/uploads\/2024\/08\/J-A-N-J-A-S-C-H-A-Fallschirm-fuer-die-Liebe.jpg 1400w\" sizes=\"auto, (max-width: 300px) 100vw, 300px\" \/>Hatten sie zuletzt auf Instant-Fernweh und Dancefloor-Elemente gesetzt, verk\u00fcrzen Jan &amp; Jascha (\u201eGute Reise\u201c) die Wartezeit aufs neue Album mit einer in jeder Hinsicht geerdeten Hymne, die selbst den h\u00e4rtesten Fall von Liebeskummer vergessen macht: Ihren \u201eFallschirm f\u00fcr die Liebe\u201c \u00f6ffnet das Solinger Folk-Schlager-Duo am 30. August! Das dazugeh\u00f6rige neue Studioalbum \u201eHotel Freiheit\u201c erscheint am 13. September.<\/p>\n<p>Au\u00dfergew\u00f6hnliche Situationen verlangen nach au\u00dfergew\u00f6hnlichen Ma\u00dfnahmen &amp; Mitteln: Anstatt auf ihren Trademark-Mix aus Folk, Singer\/Songwriter und Schlager zu setzen, servieren Jan &amp; Jascha dieses Mal eine astreine Pop-Hymne, deren inspirierende und aufbauende Kraft obendrein aus rockigen Gitarren gespeist ist. Auch der Drink ist ein anderer: Gab\u2019s im Verlauf der Vorg\u00e4ngersingle \u201eLass den Sommer beginnen\u201c noch hochsommerliche Martinis, muss es nun ganz schnell \u201enoch ein Tequila auf Eis\u201c sein, den die Barfrau auch z\u00fcgig serviert. Schlie\u00dflich kann unser Protagonist den Drink gebrauchen, um den kurz zuvor gezogenen Schlussstrich runterzusp\u00fclen\u2026<\/p>\n<p>\u201eIch bin doch schon am Boden und einfach nur schachmatt\u201c, lautet die Zeile, die jeden Fallschirm \u00fcberfl\u00fcssig macht, w\u00e4hrend die Jukebox mit den Bee-Gees nach dem Tiefgang dieser (zerbrochenen) Liebe fragt. Antwort: Es sieht wohl eher nach Tiefpunkt aus \u2013 und doch klingt das mit rockigen Gitarren und treibenden Beats aufgeladene Arrangement, das Jan &amp; Jascha zusammen mit ihrem Producer Toni Hauschild als Sprungtuch aufspannen, gar nicht so niedergeschlagen. Da blinkt auch schon die Nachricht auf: \u201eLass uns beide noch mal reden\u2026\u201c<\/p>\n<p>Auf dem dazugeh\u00f6rigen Album \u201eHotel Freiheit\u201c beweisen die zwei Multiinstrumentalisten immer wieder ihr einzigartiges Gesp\u00fcr als Songwriter, das ihnen zuletzt auch hinter den Kulissen eine ganze Serie von Charterfolgen bescheren sollte \u2013 inklusive Awards (\u201eSongwriter des Jahres\u201c) und #1-Hits, die sie anderen K\u00fcnstlerinnen und K\u00fcnstlern auf den Leib schreiben sollten.<\/p>\n<p>Die einzigartige Chemie zwischen Jan (Hauke) und Jascha (Welzel) basiert tats\u00e4chlich auf einer Sandkastenfreundschaft: Die zwei Solinger waren schon in der ersten Schulklasse beste Freunde \u2013 und machten wenig sp\u00e4ter auch die ersten musikalischen Gehversuche gemeinsam. Die beiden Multiinstrumentalisten, die seit 2014 auch offiziell ein Duo sind \u2013 10-j\u00e4hriges Jubil\u00e4um! \u2013, landeten schon im letzten Jahrzehnt den millionenfach gestreamten Hit \u201eGute Reise\u201c, der wenig sp\u00e4ter auch zu den vielen Highlights ihres 2020 ver\u00f6ffentlichten Deb\u00fctalbums \u201eLiebes Leben\u201c z\u00e4hlte. Da Angelo Kelly schon damals hellh\u00f6rig geworden war, konnten sie diese ersten Hits schlie\u00dflich auch im Vorprogramm der Kelly Family live pr\u00e4sentieren. Seither auch als Songwriter und Texter extrem gefragt, versorgten sie zuletzt u.a. Christian Lais, Daniela Alfinito, Fantasy, Maite Kelly, die Nockis, Sonia Liebing, Marianne Rosenberg und die Amigos mit frischen Songideen.<\/p>\n<p>Von Balladen bis Uptempo-Tracks, von ernsten Themen bis hin zu absolut unbeschwerten Sommernummern reicht das klangliche und inhaltliche Spektrum im \u201eHotel Freiheit\u201c, dessen Pforten sich am 13. September \u00f6ffnen. Vorher trifft man sich an der Bar \u2013 auf einen Tequila!<\/p>\n<p>Die neue Single \u201eFallschirm f\u00fcr die Liebe\u201c erscheint am 30. August 2024.<\/p>\n<p><span style=\"color: #800000;\"><strong>Quelle: Telamo<\/strong><\/span><\/p>\n<p><span style=\"color: #800000;\"><strong>Dieser Song ist ab dem 30.08.2024 auf allen Download- und Streaming-Portalen erh\u00e4ltlich.<\/strong><\/span><\/p>\n<p><span style=\"color: #800000;\"><strong>Airdate (f\u00fcr Radiosender) 30.08.2024<\/strong><\/span><\/p>\n","protected":false},"excerpt":{"rendered":"<p>Hatten sie zuletzt auf Instant-Fernweh und Dancefloor-Elemente gesetzt, verk\u00fcrzen Jan &amp; Jascha (\u201eGute Reise\u201c) die Wartezeit aufs neue Album mit einer in jeder Hinsicht geerdeten Hymne, die selbst den h\u00e4rtesten Fall von Liebeskummer vergessen macht: Ihren \u201eFallschirm f\u00fcr die Liebe\u201c \u00f6ffnet das Solinger Folk-Schlager-Duo am 30. August! Das dazugeh\u00f6rige neue Studioalbum \u201eHotel Freiheit\u201c erscheint am 13. September. Au\u00dfergew\u00f6hnliche Situationen verlangen nach au\u00dfergew\u00f6hnlichen Ma\u00dfnahmen &amp; Mitteln: Anstatt auf ihren Trademark-Mix aus Folk, Singer\/Songwriter und Schlager zu setzen, servieren Jan &amp; Jascha dieses Mal eine astreine Pop-Hymne, deren inspirierende und aufbauende Kraft obendrein aus rockigen Gitarren gespeist ist. Auch der Drink ist ein anderer: Gab\u2019s im Verlauf&#8230;<\/p>\n","protected":false},"author":1,"featured_media":28343,"comment_status":"open","ping_status":"open","sticky":false,"template":"","format":"standard","meta":{"footnotes":""},"categories":[2],"tags":[2948],"class_list":["post-28342","post","type-post","status-publish","format-standard","has-post-thumbnail","hentry","category-schlager","tag-j-a-n-j-a-s-c-h-a","wpcat-2-id"],"_links":{"self":[{"href":"https:\/\/bergers-schlagerparadies.de\/index.php?rest_route=\/wp\/v2\/posts\/28342","targetHints":{"allow":["GET"]}}],"collection":[{"href":"https:\/\/bergers-schlagerparadies.de\/index.php?rest_route=\/wp\/v2\/posts"}],"about":[{"href":"https:\/\/bergers-schlagerparadies.de\/index.php?rest_route=\/wp\/v2\/types\/post"}],"author":[{"embeddable":true,"href":"https:\/\/bergers-schlagerparadies.de\/index.php?rest_route=\/wp\/v2\/users\/1"}],"replies":[{"embeddable":true,"href":"https:\/\/bergers-schlagerparadies.de\/index.php?rest_route=%2Fwp%2Fv2%2Fcomments&post=28342"}],"version-history":[{"count":1,"href":"https:\/\/bergers-schlagerparadies.de\/index.php?rest_route=\/wp\/v2\/posts\/28342\/revisions"}],"predecessor-version":[{"id":28344,"href":"https:\/\/bergers-schlagerparadies.de\/index.php?rest_route=\/wp\/v2\/posts\/28342\/revisions\/28344"}],"wp:featuredmedia":[{"embeddable":true,"href":"https:\/\/bergers-schlagerparadies.de\/index.php?rest_route=\/wp\/v2\/media\/28343"}],"wp:attachment":[{"href":"https:\/\/bergers-schlagerparadies.de\/index.php?rest_route=%2Fwp%2Fv2%2Fmedia&parent=28342"}],"wp:term":[{"taxonomy":"category","embeddable":true,"href":"https:\/\/bergers-schlagerparadies.de\/index.php?rest_route=%2Fwp%2Fv2%2Fcategories&post=28342"},{"taxonomy":"post_tag","embeddable":true,"href":"https:\/\/bergers-schlagerparadies.de\/index.php?rest_route=%2Fwp%2Fv2%2Ftags&post=28342"}],"curies":[{"name":"wp","href":"https:\/\/api.w.org\/{rel}","templated":true}]}}