{"id":28336,"date":"2024-08-29T20:47:14","date_gmt":"2024-08-29T18:47:14","guid":{"rendered":"https:\/\/bergers-schlagerparadies.de\/?p=28336"},"modified":"2024-08-29T20:47:14","modified_gmt":"2024-08-29T18:47:14","slug":"eric-philippi-minimalist-%c2%b7-bergers-schlagerparadies","status":"publish","type":"post","link":"https:\/\/bergers-schlagerparadies.de\/?p=28336","title":{"rendered":"Eric Philippi &#8211; Minimalist \u00b7 Berger\u00b4s Schlagerparadies"},"content":{"rendered":"<p><img loading=\"lazy\" decoding=\"async\" class=\"size-medium wp-image-28337 alignleft\" src=\"https:\/\/bergers-schlagerparadies.de\/wp-content\/uploads\/2024\/08\/Eric-Philippi-Minimalist-300x300.jpg\" alt=\"\" width=\"300\" height=\"300\" srcset=\"https:\/\/bergers-schlagerparadies.de\/wp-content\/uploads\/2024\/08\/Eric-Philippi-Minimalist-300x300.jpg 300w, https:\/\/bergers-schlagerparadies.de\/wp-content\/uploads\/2024\/08\/Eric-Philippi-Minimalist-1024x1024.jpg 1024w, https:\/\/bergers-schlagerparadies.de\/wp-content\/uploads\/2024\/08\/Eric-Philippi-Minimalist-150x150.jpg 150w, https:\/\/bergers-schlagerparadies.de\/wp-content\/uploads\/2024\/08\/Eric-Philippi-Minimalist-768x768.jpg 768w, https:\/\/bergers-schlagerparadies.de\/wp-content\/uploads\/2024\/08\/Eric-Philippi-Minimalist-1536x1536.jpg 1536w, https:\/\/bergers-schlagerparadies.de\/wp-content\/uploads\/2024\/08\/Eric-Philippi-Minimalist-2048x2048.jpg 2048w, https:\/\/bergers-schlagerparadies.de\/wp-content\/uploads\/2024\/08\/Eric-Philippi-Minimalist-1200x1200.jpg 1200w, https:\/\/bergers-schlagerparadies.de\/wp-content\/uploads\/2024\/08\/Eric-Philippi-Minimalist-1188x1188.jpg 1188w, https:\/\/bergers-schlagerparadies.de\/wp-content\/uploads\/2024\/08\/Eric-Philippi-Minimalist-100x100.jpg 100w\" sizes=\"auto, (max-width: 300px) 100vw, 300px\" \/>Mit seiner neuen Single \u201eMinimalist\u201c beschreibt der 27-j\u00e4hrige Multiinstrumentalist Eric Philippi, worauf es ihm im Leben und in der Liebe ankommt: \u201eIch bin ein Minimalist \u2013 ich brauch nicht viel, aber ich brauche dich!\u201c Und das in l\u00e4ssiger Entertainer-Manier \u2013 groovy Bl\u00e4ser, mitrei\u00dfende Ch\u00f6re und ein spannendes Arrangement, das seine Big-Band-Vergangenheit erahnen l\u00e4sst.<\/p>\n<p>\u201cMinimalist\u201c wird ebenfalls auf seinem neuen Album \u201eWir bleiben noch\u201c enthalten sein, das am 11.10.2024 erscheinen wird und erstmals auch in einer streng limitierten Fanbox erh\u00e4ltlich ist \u2013 inkl. exklusiver \u201eWir bleiben noch\u201c Live-DVD.<\/p>\n<p>Biografisches<br \/>\nSein Deb\u00fctalbum katapultierte Eric Philippi aus dem Stand in die oberen Regionen der Deutschen Albumcharts und in die Herzen der Zuschauer und Fans. Seine Songs und Videos wurden seitdem millionenfach gestreamt. Der geb\u00fcrtige Saarl\u00e4nder begeistert durch seine Musik, sein musikalisches K\u00f6nnen, seine Vielseitigkeit und nicht zuletzt durch seine sympathische und bodenst\u00e4ndige Art. Doch der Weg dorthin hatte bekannterma\u00dfen auch ein paar Umwege parat.<\/p>\n<p>Im Jahr 1997 geboren, zog es Eric Philippi schon als kleinen Jungen auf die B\u00fchne \u2013 denn er war gewisserma\u00dfen der Entertainer der Gro\u00dffamilie. Obwohl der S\u00e4nger und Multiinstrumentalist (u.a. Trompete, Klavier) schon als Kind regelm\u00e4\u00dfig auf s\u00e4mtlichen Festen und Partys auftrat, entschied er sich zun\u00e4chst f\u00fcr eine Ausbildung als KFZ-Mechatroniker. W\u00e4hrend er nebenher schon erste Preise gewann (u.a. Newcomer-Wettbewerb des Saarl\u00e4ndischen Radiosenders \u201eRadio Sal\u00fc\u201c, 2015), war nach einer Geburtstagsfeier seines Chefs, bei der aus einem \u201ekleinen St\u00e4ndchen\u201c ein vollwertiges Spontankonzert geworden war, allen klar, dass er \u201enicht unter die Hebeb\u00fchne, sondern auf die Showb\u00fchne\u201c geh\u00f6rte. Mit dem Deb\u00fctalbum \u201eSchockverliebt\u201c eroberte Eric Philippi dann Ende 2021 die Top-15 der Offiziellen Deutschen Albumcharts.<\/p>\n<p><span style=\"color: #800000;\"><strong>Quelle: Telamo<\/strong><\/span><\/p>\n<p><span style=\"color: #800000;\"><strong>Dieser Song ist ab dem 30.08.2024 auf allen Download- und Streaming-Portalen erh\u00e4ltlich.<\/strong><\/span><\/p>\n<p><span style=\"color: #800000;\"><strong>Airdate (f\u00fcr Radiosender) 30.08.2024<\/strong><\/span><\/p>\n","protected":false},"excerpt":{"rendered":"<p>Mit seiner neuen Single \u201eMinimalist\u201c beschreibt der 27-j\u00e4hrige Multiinstrumentalist Eric Philippi, worauf es ihm im Leben und in der Liebe ankommt: \u201eIch bin ein Minimalist \u2013 ich brauch nicht viel, aber ich brauche dich!\u201c Und das in l\u00e4ssiger Entertainer-Manier \u2013 groovy Bl\u00e4ser, mitrei\u00dfende Ch\u00f6re und ein spannendes Arrangement, das seine Big-Band-Vergangenheit erahnen l\u00e4sst. \u201cMinimalist\u201c wird ebenfalls auf seinem neuen Album \u201eWir bleiben noch\u201c enthalten sein, das am 11.10.2024 erscheinen wird und erstmals auch in einer streng limitierten Fanbox erh\u00e4ltlich ist \u2013 inkl. exklusiver \u201eWir bleiben noch\u201c Live-DVD. Biografisches Sein Deb\u00fctalbum katapultierte Eric Philippi aus dem Stand in die oberen Regionen der Deutschen Albumcharts und in&#8230;<\/p>\n","protected":false},"author":1,"featured_media":28337,"comment_status":"open","ping_status":"open","sticky":false,"template":"","format":"standard","meta":{"footnotes":""},"categories":[2],"tags":[760],"class_list":["post-28336","post","type-post","status-publish","format-standard","has-post-thumbnail","hentry","category-schlager","tag-eric-philippi","wpcat-2-id"],"_links":{"self":[{"href":"https:\/\/bergers-schlagerparadies.de\/index.php?rest_route=\/wp\/v2\/posts\/28336","targetHints":{"allow":["GET"]}}],"collection":[{"href":"https:\/\/bergers-schlagerparadies.de\/index.php?rest_route=\/wp\/v2\/posts"}],"about":[{"href":"https:\/\/bergers-schlagerparadies.de\/index.php?rest_route=\/wp\/v2\/types\/post"}],"author":[{"embeddable":true,"href":"https:\/\/bergers-schlagerparadies.de\/index.php?rest_route=\/wp\/v2\/users\/1"}],"replies":[{"embeddable":true,"href":"https:\/\/bergers-schlagerparadies.de\/index.php?rest_route=%2Fwp%2Fv2%2Fcomments&post=28336"}],"version-history":[{"count":1,"href":"https:\/\/bergers-schlagerparadies.de\/index.php?rest_route=\/wp\/v2\/posts\/28336\/revisions"}],"predecessor-version":[{"id":28338,"href":"https:\/\/bergers-schlagerparadies.de\/index.php?rest_route=\/wp\/v2\/posts\/28336\/revisions\/28338"}],"wp:featuredmedia":[{"embeddable":true,"href":"https:\/\/bergers-schlagerparadies.de\/index.php?rest_route=\/wp\/v2\/media\/28337"}],"wp:attachment":[{"href":"https:\/\/bergers-schlagerparadies.de\/index.php?rest_route=%2Fwp%2Fv2%2Fmedia&parent=28336"}],"wp:term":[{"taxonomy":"category","embeddable":true,"href":"https:\/\/bergers-schlagerparadies.de\/index.php?rest_route=%2Fwp%2Fv2%2Fcategories&post=28336"},{"taxonomy":"post_tag","embeddable":true,"href":"https:\/\/bergers-schlagerparadies.de\/index.php?rest_route=%2Fwp%2Fv2%2Ftags&post=28336"}],"curies":[{"name":"wp","href":"https:\/\/api.w.org\/{rel}","templated":true}]}}