{"id":28185,"date":"2024-08-22T22:11:42","date_gmt":"2024-08-22T20:11:42","guid":{"rendered":"https:\/\/bergers-schlagerparadies.de\/?p=28185"},"modified":"2024-08-22T22:11:42","modified_gmt":"2024-08-22T20:11:42","slug":"tom-bijsterveld-ik-kom-eraan-%c2%b7-bergers-schlagerparadies","status":"publish","type":"post","link":"https:\/\/bergers-schlagerparadies.de\/?p=28185","title":{"rendered":"Tom Bijsterveld &#8211; Ik Kom Eraan \u00b7 Berger\u00b4s Schlagerparadies"},"content":{"rendered":"<div class=\"xdj266r x11i5rnm xat24cr x1mh8g0r x1vvkbs x126k92a\">\n<div dir=\"auto\"><img loading=\"lazy\" decoding=\"async\" class=\"size-medium wp-image-28186 alignleft\" src=\"https:\/\/bergers-schlagerparadies.de\/wp-content\/uploads\/2024\/08\/Tom-Bijsterveld-Ik-Kom-Eraan-300x291.jpg\" alt=\"\" width=\"300\" height=\"291\" srcset=\"https:\/\/bergers-schlagerparadies.de\/wp-content\/uploads\/2024\/08\/Tom-Bijsterveld-Ik-Kom-Eraan-300x291.jpg 300w, https:\/\/bergers-schlagerparadies.de\/wp-content\/uploads\/2024\/08\/Tom-Bijsterveld-Ik-Kom-Eraan.jpg 552w\" sizes=\"auto, (max-width: 300px) 100vw, 300px\" \/>Tom Bijsterveld w\u00e4hlt mit seiner neuen Single &#8222;Ik kom Eraan&#8220; sommerliche Kl\u00e4nge<\/div>\n<\/div>\n<div class=\"x11i5rnm xat24cr x1mh8g0r x1vvkbs xtlvy1s x126k92a\">\n<div dir=\"auto\">Tom Bijsterveld, ein Brabander in Herz und Nieren und geboren in Helmond kommt mit seiner neuen Single &#8222;Ich komme&#8220;<\/div>\n<\/div>\n<div class=\"x11i5rnm xat24cr x1mh8g0r x1vvkbs xtlvy1s x126k92a\">\n<div dir=\"auto\">&#8222;Das ist meine erste echte Single&#8220;, sagt Tom mit Stolz. &#8218;Nat\u00fcrlich werden viele dieses Lied von Dries Roelvink erkennen, der vor 18 Jahren einen Hit damit hatte. Dieses Lied wurde von Joris van Dijk von Sonic Solutions in eine zeitgen\u00f6ssische Jacke gesteckt mit wundersch\u00f6nen Akkordeonkl\u00e4ngen von Manfred Jongenelis, sch\u00f6nem Gitarrenspiel von Jorge Nieuwenhuis und die Chorarbeit wird von Natasja van den Toom bereitgestellt Um das Ganze zu vervollst\u00e4ndigen, hat Jaap van Didden einen sch\u00f6nen Clip hinzugef\u00fcgt. Ich kann zu Recht sagen, dass ich super stolz auf das Endergebnis bin. \u201e<\/div>\n<\/div>\n<div class=\"x11i5rnm xat24cr x1mh8g0r x1vvkbs xtlvy1s x126k92a\">\n<div dir=\"auto\">F\u00fcr einige wird Tom Bijsterveld au\u00dferhalb Brabant noch ein unbekannter Name sein und er hofft, dass bald die ganzen Niederlande und vielleicht Belgien von ihm h\u00f6ren. Er kommt aus einer sehr musikalischen Familie, sowohl seine Eltern als auch seine Gro\u00dfeltern spielten verschiedene Instrumente und taten dies nicht nur im eigenen Haus, sondern standen auf vielen B\u00fchnen. Seine Eltern waren unter anderem in einer Percussion band und wegen ihrer Musikalit\u00e4t erkrankte er sich dem Musikvirus.<\/div>\n<\/div>\n<div class=\"x11i5rnm xat24cr x1mh8g0r x1vvkbs xtlvy1s x126k92a\">\n<div dir=\"auto\">&#8222;Meine Erwartungen sind Hochspannung von &#8222;Ich komme&#8220; und ich hoffe, noch viele tolle Produktionen produzieren zu k\u00f6nnen&#8220;, sagt Tom Bijsterveld.<\/div>\n<\/div>\n<div class=\"x11i5rnm xat24cr x1mh8g0r x1vvkbs xtlvy1s x126k92a\">\n<div dir=\"auto\">Mit freundlicher Genehmigung: Willem de Bie<\/div>\n<\/div>\n<div dir=\"auto\"><\/div>\n<div dir=\"auto\">\n<p><span style=\"color: #800000;\"><strong>Quelle: Willem de Bie<\/strong><\/span><\/p>\n<p><span style=\"color: #800000;\"><strong>Dieser Song ist ab dem 22.08.2024 auf allen Download- und Streaming-Portalen erh\u00e4ltlich.<\/strong><\/span><\/p>\n<p><span style=\"color: #800000;\"><strong>Airdate (f\u00fcr Radiosender) 22.08.2024<\/strong><\/span><\/p>\n<\/div>\n","protected":false},"excerpt":{"rendered":"<p>Tom Bijsterveld w\u00e4hlt mit seiner neuen Single &#8222;Ik kom Eraan&#8220; sommerliche Kl\u00e4nge Tom Bijsterveld, ein Brabander in Herz und Nieren und geboren in Helmond kommt mit seiner neuen Single &#8222;Ich komme&#8220; &#8222;Das ist meine erste echte Single&#8220;, sagt Tom mit Stolz. &#8218;Nat\u00fcrlich werden viele dieses Lied von Dries Roelvink erkennen, der vor 18 Jahren einen Hit damit hatte. Dieses Lied wurde von Joris van Dijk von Sonic Solutions in eine zeitgen\u00f6ssische Jacke gesteckt mit wundersch\u00f6nen Akkordeonkl\u00e4ngen von Manfred Jongenelis, sch\u00f6nem Gitarrenspiel von Jorge Nieuwenhuis und die Chorarbeit wird von Natasja van den Toom bereitgestellt Um das Ganze zu vervollst\u00e4ndigen, hat Jaap van Didden einen sch\u00f6nen&#8230;<\/p>\n","protected":false},"author":1,"featured_media":28186,"comment_status":"open","ping_status":"open","sticky":false,"template":"","format":"standard","meta":{"footnotes":""},"categories":[2],"tags":[2935],"class_list":["post-28185","post","type-post","status-publish","format-standard","has-post-thumbnail","hentry","category-schlager","tag-tom-bijsterveld","wpcat-2-id"],"_links":{"self":[{"href":"https:\/\/bergers-schlagerparadies.de\/index.php?rest_route=\/wp\/v2\/posts\/28185","targetHints":{"allow":["GET"]}}],"collection":[{"href":"https:\/\/bergers-schlagerparadies.de\/index.php?rest_route=\/wp\/v2\/posts"}],"about":[{"href":"https:\/\/bergers-schlagerparadies.de\/index.php?rest_route=\/wp\/v2\/types\/post"}],"author":[{"embeddable":true,"href":"https:\/\/bergers-schlagerparadies.de\/index.php?rest_route=\/wp\/v2\/users\/1"}],"replies":[{"embeddable":true,"href":"https:\/\/bergers-schlagerparadies.de\/index.php?rest_route=%2Fwp%2Fv2%2Fcomments&post=28185"}],"version-history":[{"count":1,"href":"https:\/\/bergers-schlagerparadies.de\/index.php?rest_route=\/wp\/v2\/posts\/28185\/revisions"}],"predecessor-version":[{"id":28187,"href":"https:\/\/bergers-schlagerparadies.de\/index.php?rest_route=\/wp\/v2\/posts\/28185\/revisions\/28187"}],"wp:featuredmedia":[{"embeddable":true,"href":"https:\/\/bergers-schlagerparadies.de\/index.php?rest_route=\/wp\/v2\/media\/28186"}],"wp:attachment":[{"href":"https:\/\/bergers-schlagerparadies.de\/index.php?rest_route=%2Fwp%2Fv2%2Fmedia&parent=28185"}],"wp:term":[{"taxonomy":"category","embeddable":true,"href":"https:\/\/bergers-schlagerparadies.de\/index.php?rest_route=%2Fwp%2Fv2%2Fcategories&post=28185"},{"taxonomy":"post_tag","embeddable":true,"href":"https:\/\/bergers-schlagerparadies.de\/index.php?rest_route=%2Fwp%2Fv2%2Ftags&post=28185"}],"curies":[{"name":"wp","href":"https:\/\/api.w.org\/{rel}","templated":true}]}}