{"id":28166,"date":"2024-08-22T21:02:07","date_gmt":"2024-08-22T19:02:07","guid":{"rendered":"https:\/\/bergers-schlagerparadies.de\/?p=28166"},"modified":"2024-08-22T21:02:07","modified_gmt":"2024-08-22T19:02:07","slug":"andreas-lawo-ich-steh-unter-strom-%c2%b7-bergers-schlagerparadies","status":"publish","type":"post","link":"https:\/\/bergers-schlagerparadies.de\/?p=28166","title":{"rendered":"Andreas Lawo &#8211; Ich steh unter Strom \u00b7 Berger\u00b4s Schlagerparadies"},"content":{"rendered":"<p><img loading=\"lazy\" decoding=\"async\" class=\"size-medium wp-image-28167 alignleft\" src=\"https:\/\/bergers-schlagerparadies.de\/wp-content\/uploads\/2024\/08\/Andreas-Lawo-Ich-steh-unter-Strom-300x300.jpeg\" alt=\"\" width=\"300\" height=\"300\" srcset=\"https:\/\/bergers-schlagerparadies.de\/wp-content\/uploads\/2024\/08\/Andreas-Lawo-Ich-steh-unter-Strom-300x300.jpeg 300w, https:\/\/bergers-schlagerparadies.de\/wp-content\/uploads\/2024\/08\/Andreas-Lawo-Ich-steh-unter-Strom-1024x1024.jpeg 1024w, https:\/\/bergers-schlagerparadies.de\/wp-content\/uploads\/2024\/08\/Andreas-Lawo-Ich-steh-unter-Strom-150x150.jpeg 150w, https:\/\/bergers-schlagerparadies.de\/wp-content\/uploads\/2024\/08\/Andreas-Lawo-Ich-steh-unter-Strom-768x768.jpeg 768w, https:\/\/bergers-schlagerparadies.de\/wp-content\/uploads\/2024\/08\/Andreas-Lawo-Ich-steh-unter-Strom-1188x1188.jpeg 1188w, https:\/\/bergers-schlagerparadies.de\/wp-content\/uploads\/2024\/08\/Andreas-Lawo-Ich-steh-unter-Strom-100x100.jpeg 100w, https:\/\/bergers-schlagerparadies.de\/wp-content\/uploads\/2024\/08\/Andreas-Lawo-Ich-steh-unter-Strom.jpeg 1200w\" sizes=\"auto, (max-width: 300px) 100vw, 300px\" \/>Andreas Lawo, bringt am 06. September 2024 seine mit Spannung erwartete neue Single &#8222;Ich steh unter Strom&#8220; heraus. Der Titel, der urspr\u00fcnglich aus dem Jahr 2002 stammt und im Original vom Interpreten Maico Cla\u00dfen gesungen wurde, erhielt in den 2000er Jahren bereits gro\u00dfe Aufmerksamkeit und wurde zu einem unvergesslichen Hit. Nun kehrt dieser Klassiker in einem modernen 2024er Gewand zur\u00fcck.<br \/>\nF\u00fcr die Neuproduktion des Songs hat sich Andreas Lawo mit hochkar\u00e4tigen Musikern und Produzenten zusammengeschlossen. Besonders hervorzuheben ist<br \/>\ndie Zusammenarbeit mit dem Rapper Marino aus den USA, der die Rap-Parts im Song \u00fcbernimmt und so eine spannende neue Dimension hinzuf\u00fcgt.<\/p>\n<p>Erstmals wird Andreas Lawo seine Musik \u00fcber das Label Beatdesigner.de ver\u00f6ffentlichen. Beatdesigner ist das hauseigene Label des renommierten Tonstudios Studi-O.de, das f\u00fcr seine hervorragende Produktionsqualit\u00e4t bekannt ist. Gemeinsam mit dem erfahrenen Produzenten Jack Price sorgt das Team f\u00fcr einen kraftvollen und zeitgem\u00e4\u00dfen Sound, der sowohl alte Fans als auch neue H\u00f6rer begeistern wird.<\/p>\n<p>Die Single &#8222;Ich steh unter Strom&#8220; verspricht, die Musikwelt im Sturm zu erobern und erneut die Charts zu erobern. Andreas Lawo l\u00e4dt alle Fans und Musikliebhaber ein, sich auf diesen aufregenden Release zu freuen und gemeinsam in die elektrisierende Atmosph\u00e4re des Songs einzutauchen.<\/p>\n<p>#Beatdesigner.de<br \/>\n#Tonstudio Studi-O.de<br \/>\n#JackPrice<br \/>\nInstagram \/ Facebook<br \/>\n@andreaslawo<\/p>\n<p><span style=\"color: #800000;\"><strong>Quelle: Beatdesigner<\/strong><\/span><\/p>\n<p><span style=\"color: #800000;\"><strong>Dieser Song ist ab dem 06.09.2024 auf allen Download- und Streaming-Portalen erh\u00e4ltlich.<\/strong><\/span><\/p>\n<p><span style=\"color: #800000;\"><strong>Airdate (f\u00fcr Radiosender) 23.08.2024<\/strong><\/span><\/p>\n","protected":false},"excerpt":{"rendered":"<p>Andreas Lawo, bringt am 06. September 2024 seine mit Spannung erwartete neue Single &#8222;Ich steh unter Strom&#8220; heraus. Der Titel, der urspr\u00fcnglich aus dem Jahr 2002 stammt und im Original vom Interpreten Maico Cla\u00dfen gesungen wurde, erhielt in den 2000er Jahren bereits gro\u00dfe Aufmerksamkeit und wurde zu einem unvergesslichen Hit. Nun kehrt dieser Klassiker in einem modernen 2024er Gewand zur\u00fcck. F\u00fcr die Neuproduktion des Songs hat sich Andreas Lawo mit hochkar\u00e4tigen Musikern und Produzenten zusammengeschlossen. Besonders hervorzuheben ist die Zusammenarbeit mit dem Rapper Marino aus den USA, der die Rap-Parts im Song \u00fcbernimmt und so eine spannende neue Dimension hinzuf\u00fcgt. Erstmals wird Andreas Lawo seine&#8230;<\/p>\n","protected":false},"author":1,"featured_media":28167,"comment_status":"open","ping_status":"open","sticky":false,"template":"","format":"standard","meta":{"footnotes":""},"categories":[2],"tags":[825],"class_list":["post-28166","post","type-post","status-publish","format-standard","has-post-thumbnail","hentry","category-schlager","tag-andreas-lawo","wpcat-2-id"],"_links":{"self":[{"href":"https:\/\/bergers-schlagerparadies.de\/index.php?rest_route=\/wp\/v2\/posts\/28166","targetHints":{"allow":["GET"]}}],"collection":[{"href":"https:\/\/bergers-schlagerparadies.de\/index.php?rest_route=\/wp\/v2\/posts"}],"about":[{"href":"https:\/\/bergers-schlagerparadies.de\/index.php?rest_route=\/wp\/v2\/types\/post"}],"author":[{"embeddable":true,"href":"https:\/\/bergers-schlagerparadies.de\/index.php?rest_route=\/wp\/v2\/users\/1"}],"replies":[{"embeddable":true,"href":"https:\/\/bergers-schlagerparadies.de\/index.php?rest_route=%2Fwp%2Fv2%2Fcomments&post=28166"}],"version-history":[{"count":1,"href":"https:\/\/bergers-schlagerparadies.de\/index.php?rest_route=\/wp\/v2\/posts\/28166\/revisions"}],"predecessor-version":[{"id":28168,"href":"https:\/\/bergers-schlagerparadies.de\/index.php?rest_route=\/wp\/v2\/posts\/28166\/revisions\/28168"}],"wp:featuredmedia":[{"embeddable":true,"href":"https:\/\/bergers-schlagerparadies.de\/index.php?rest_route=\/wp\/v2\/media\/28167"}],"wp:attachment":[{"href":"https:\/\/bergers-schlagerparadies.de\/index.php?rest_route=%2Fwp%2Fv2%2Fmedia&parent=28166"}],"wp:term":[{"taxonomy":"category","embeddable":true,"href":"https:\/\/bergers-schlagerparadies.de\/index.php?rest_route=%2Fwp%2Fv2%2Fcategories&post=28166"},{"taxonomy":"post_tag","embeddable":true,"href":"https:\/\/bergers-schlagerparadies.de\/index.php?rest_route=%2Fwp%2Fv2%2Ftags&post=28166"}],"curies":[{"name":"wp","href":"https:\/\/api.w.org\/{rel}","templated":true}]}}