{"id":27913,"date":"2024-08-12T21:59:16","date_gmt":"2024-08-12T19:59:16","guid":{"rendered":"https:\/\/bergers-schlagerparadies.de\/?p=27913"},"modified":"2024-08-12T21:59:16","modified_gmt":"2024-08-12T19:59:16","slug":"tom-westborn-ich-brenn-fuer-dich-%c2%b7-bergers-schlagerparadies","status":"publish","type":"post","link":"https:\/\/bergers-schlagerparadies.de\/?p=27913","title":{"rendered":"Tom Westborn &#8211; Ich brenn f\u00fcr dich \u00b7 Berger\u00b4s Schlagerparadies"},"content":{"rendered":"<p><img loading=\"lazy\" decoding=\"async\" class=\"size-medium wp-image-27914 alignleft\" src=\"https:\/\/bergers-schlagerparadies.de\/wp-content\/uploads\/2024\/08\/Tom-Westborn-Ich-brenn-fuer-dich-300x300.jpg\" alt=\"\" width=\"300\" height=\"300\" srcset=\"https:\/\/bergers-schlagerparadies.de\/wp-content\/uploads\/2024\/08\/Tom-Westborn-Ich-brenn-fuer-dich-300x300.jpg 300w, https:\/\/bergers-schlagerparadies.de\/wp-content\/uploads\/2024\/08\/Tom-Westborn-Ich-brenn-fuer-dich-1024x1024.jpg 1024w, https:\/\/bergers-schlagerparadies.de\/wp-content\/uploads\/2024\/08\/Tom-Westborn-Ich-brenn-fuer-dich-150x150.jpg 150w, https:\/\/bergers-schlagerparadies.de\/wp-content\/uploads\/2024\/08\/Tom-Westborn-Ich-brenn-fuer-dich-768x768.jpg 768w, https:\/\/bergers-schlagerparadies.de\/wp-content\/uploads\/2024\/08\/Tom-Westborn-Ich-brenn-fuer-dich-1536x1536.jpg 1536w, https:\/\/bergers-schlagerparadies.de\/wp-content\/uploads\/2024\/08\/Tom-Westborn-Ich-brenn-fuer-dich-2048x2048.jpg 2048w, https:\/\/bergers-schlagerparadies.de\/wp-content\/uploads\/2024\/08\/Tom-Westborn-Ich-brenn-fuer-dich-1200x1200.jpg 1200w, https:\/\/bergers-schlagerparadies.de\/wp-content\/uploads\/2024\/08\/Tom-Westborn-Ich-brenn-fuer-dich-1188x1188.jpg 1188w, https:\/\/bergers-schlagerparadies.de\/wp-content\/uploads\/2024\/08\/Tom-Westborn-Ich-brenn-fuer-dich-100x100.jpg 100w\" sizes=\"auto, (max-width: 300px) 100vw, 300px\" \/>Tom Westborn meldet sich mit seiner brandneuen Single \u201eIch brenn f\u00fcr dich\u201c zur\u00fcck und bringt einen Song heraus, der durch seine Intensit\u00e4t und emotionale Tiefe besticht. Westborn liefert mit diesem Titel einen kraftvollen Ohrwurm, der sowohl alte als auch neue Fans begeistern wird.<\/p>\n<p>Die Produktion von \u201eIch brenn f\u00fcr dich\u201c lag in den erfahrenen H\u00e4nden des renommierten Produzenten C-Base. Diese Zusammenarbeit hat einen Song hervorgebracht, der durch seine hohe Qualit\u00e4t und musikalische Raffinesse \u00fcberzeugt. Der Track handelt von der unerm\u00fcdlichen Leidenschaft und der Hingabe zu einem geliebten Menschen \u2013 Themen, die direkt ins Herz treffen und die Zuh\u00f6rer tief ber\u00fchren.<\/p>\n<p>Der Song wurde von dem talentierten Songwriter Stefan Stieber geschrieben, dessen einf\u00fchlsame Texte die Grundlage f\u00fcr die emotionale Tiefe des Titels bilden. Mit seinen packenden Lyrics gelingt es Stieber, die Gef\u00fchle von Leidenschaft und Hingabe in Worte zu fassen und so eine besondere Verbindung zu den H\u00f6rern herzustellen.<\/p>\n<p>Tom Westborn zeigt mit dieser Single nicht nur seine stimmliche St\u00e4rke, sondern auch seine F\u00e4higkeit, starke Emotionen und fesselnde Geschichten in seine Musik zu integrieren. Der Einfluss von Matthias Reim ist sp\u00fcrbar und verleiht dem Song eine besondere Authentizit\u00e4t und Tiefe.<\/p>\n<p>Westborns markante Stimme in Kombination mit der meisterhaften Produktion von C-Base und den einf\u00fchlsamen Texten von Stefan Stieber macht \u201eIch brenn f\u00fcr dich\u201c zu einem Highlight der aktuellen Schlagerszene. Die Fans k\u00f6nnen sich auf einen Song freuen, der sowohl auf der Tanzfl\u00e4che als auch im Herzen nachhaltig Eindruck hinterl\u00e4sst.<\/p>\n<p><span style=\"color: #800000;\"><strong>Quelle: Fiesta Records<\/strong><\/span><\/p>\n<p><span style=\"color: #800000;\"><strong>Dieser Song ist ab dem 16.08.2024 auf allen Download- und Streaming-Portalen erh\u00e4ltlich.<\/strong><\/span><\/p>\n<p><span style=\"color: #800000;\"><strong>Airdate (f\u00fcr Radiosender) 12.08.2024<\/strong><\/span><\/p>\n","protected":false},"excerpt":{"rendered":"<p>Tom Westborn meldet sich mit seiner brandneuen Single \u201eIch brenn f\u00fcr dich\u201c zur\u00fcck und bringt einen Song heraus, der durch seine Intensit\u00e4t und emotionale Tiefe besticht. Westborn liefert mit diesem Titel einen kraftvollen Ohrwurm, der sowohl alte als auch neue Fans begeistern wird. Die Produktion von \u201eIch brenn f\u00fcr dich\u201c lag in den erfahrenen H\u00e4nden des renommierten Produzenten C-Base. Diese Zusammenarbeit hat einen Song hervorgebracht, der durch seine hohe Qualit\u00e4t und musikalische Raffinesse \u00fcberzeugt. Der Track handelt von der unerm\u00fcdlichen Leidenschaft und der Hingabe zu einem geliebten Menschen \u2013 Themen, die direkt ins Herz treffen und die Zuh\u00f6rer tief ber\u00fchren. Der Song wurde von dem&#8230;<\/p>\n","protected":false},"author":1,"featured_media":27914,"comment_status":"open","ping_status":"open","sticky":false,"template":"","format":"standard","meta":{"footnotes":""},"categories":[2],"tags":[2519],"class_list":["post-27913","post","type-post","status-publish","format-standard","has-post-thumbnail","hentry","category-schlager","tag-tom-westborn","wpcat-2-id"],"_links":{"self":[{"href":"https:\/\/bergers-schlagerparadies.de\/index.php?rest_route=\/wp\/v2\/posts\/27913","targetHints":{"allow":["GET"]}}],"collection":[{"href":"https:\/\/bergers-schlagerparadies.de\/index.php?rest_route=\/wp\/v2\/posts"}],"about":[{"href":"https:\/\/bergers-schlagerparadies.de\/index.php?rest_route=\/wp\/v2\/types\/post"}],"author":[{"embeddable":true,"href":"https:\/\/bergers-schlagerparadies.de\/index.php?rest_route=\/wp\/v2\/users\/1"}],"replies":[{"embeddable":true,"href":"https:\/\/bergers-schlagerparadies.de\/index.php?rest_route=%2Fwp%2Fv2%2Fcomments&post=27913"}],"version-history":[{"count":1,"href":"https:\/\/bergers-schlagerparadies.de\/index.php?rest_route=\/wp\/v2\/posts\/27913\/revisions"}],"predecessor-version":[{"id":27915,"href":"https:\/\/bergers-schlagerparadies.de\/index.php?rest_route=\/wp\/v2\/posts\/27913\/revisions\/27915"}],"wp:featuredmedia":[{"embeddable":true,"href":"https:\/\/bergers-schlagerparadies.de\/index.php?rest_route=\/wp\/v2\/media\/27914"}],"wp:attachment":[{"href":"https:\/\/bergers-schlagerparadies.de\/index.php?rest_route=%2Fwp%2Fv2%2Fmedia&parent=27913"}],"wp:term":[{"taxonomy":"category","embeddable":true,"href":"https:\/\/bergers-schlagerparadies.de\/index.php?rest_route=%2Fwp%2Fv2%2Fcategories&post=27913"},{"taxonomy":"post_tag","embeddable":true,"href":"https:\/\/bergers-schlagerparadies.de\/index.php?rest_route=%2Fwp%2Fv2%2Ftags&post=27913"}],"curies":[{"name":"wp","href":"https:\/\/api.w.org\/{rel}","templated":true}]}}