{"id":27649,"date":"2024-08-01T21:44:05","date_gmt":"2024-08-01T19:44:05","guid":{"rendered":"https:\/\/bergers-schlagerparadies.de\/?p=27649"},"modified":"2024-08-01T21:44:05","modified_gmt":"2024-08-01T19:44:05","slug":"larissa-ein-tag-mit-dir-%c2%b7-bergers-schlagerparadies","status":"publish","type":"post","link":"https:\/\/bergers-schlagerparadies.de\/?p=27649","title":{"rendered":"Larissa &#8211; Ein Tag mit Dir \u00b7 Berger\u00b4s Schlagerparadies"},"content":{"rendered":"<p><img loading=\"lazy\" decoding=\"async\" class=\"size-medium wp-image-27650 alignleft\" src=\"https:\/\/bergers-schlagerparadies.de\/wp-content\/uploads\/2024\/08\/Larissa-Ein-Tag-mit-Dir-300x300.jpg\" alt=\"\" width=\"300\" height=\"300\" srcset=\"https:\/\/bergers-schlagerparadies.de\/wp-content\/uploads\/2024\/08\/Larissa-Ein-Tag-mit-Dir-300x300.jpg 300w, https:\/\/bergers-schlagerparadies.de\/wp-content\/uploads\/2024\/08\/Larissa-Ein-Tag-mit-Dir-1024x1024.jpg 1024w, https:\/\/bergers-schlagerparadies.de\/wp-content\/uploads\/2024\/08\/Larissa-Ein-Tag-mit-Dir-150x150.jpg 150w, https:\/\/bergers-schlagerparadies.de\/wp-content\/uploads\/2024\/08\/Larissa-Ein-Tag-mit-Dir-768x768.jpg 768w, https:\/\/bergers-schlagerparadies.de\/wp-content\/uploads\/2024\/08\/Larissa-Ein-Tag-mit-Dir-1536x1536.jpg 1536w, https:\/\/bergers-schlagerparadies.de\/wp-content\/uploads\/2024\/08\/Larissa-Ein-Tag-mit-Dir-2048x2048.jpg 2048w, https:\/\/bergers-schlagerparadies.de\/wp-content\/uploads\/2024\/08\/Larissa-Ein-Tag-mit-Dir-1200x1200.jpg 1200w, https:\/\/bergers-schlagerparadies.de\/wp-content\/uploads\/2024\/08\/Larissa-Ein-Tag-mit-Dir-1188x1188.jpg 1188w, https:\/\/bergers-schlagerparadies.de\/wp-content\/uploads\/2024\/08\/Larissa-Ein-Tag-mit-Dir-100x100.jpg 100w\" sizes=\"auto, (max-width: 300px) 100vw, 300px\" \/>Eine Ballade zum Verlieben \u2014 \u201aEin Tag mit Dir\u2018 ist die dritte Single der jungen, aufstrebenden K\u00fcnstlerin Larissa. Nach \u201aMich hat der Himmel gek\u00fcsst\u2019 und Du\u2019 zeigt uns Larissa ihre ruhige und sanfte Seite und \u00fcberzeugt mit Tiefgang.<\/p>\n<p>Die international preisgekr\u00f6nte Komposition stammt erneut aus der Feder des Komponisten und Autors Wolfgang M\u00fcller-R\u00f6hm. Das ausgew\u00e4hlte Arrangement aus Streichern und Larissa\u2019s warmen Stimmtimbre eines Soprans sorgen f\u00fcr G\u00e4nsehaut Stimmung.<\/p>\n<p>\u2018Ein Tag mit Dir\u2019 ist eine Hommage an das Leben an der Seite der geliebten Person. Larissa zeigt uns, dass Dankbarkeit auch leise funktioniert. Mit ihrer B\u00fchnenpr\u00e4senz und Ausstrahlung singt sich Larissa diesmal fragil und zart direkt in unsere Seele.<\/p>\n<p><span style=\"color: #800000;\"><strong>Quelle: Fiesta Records<\/strong><\/span><\/p>\n<p><span style=\"color: #800000;\"><strong>Dieser Song ist ab dem 02.08.2024 auf allen Download- und Streaming-Portalen erh\u00e4ltlich.<\/strong><\/span><\/p>\n<p><span style=\"color: #800000;\"><strong>Airdate (f\u00fcr Radiosender) 01.08.2024<\/strong><\/span><\/p>\n","protected":false},"excerpt":{"rendered":"<p>Eine Ballade zum Verlieben \u2014 \u201aEin Tag mit Dir\u2018 ist die dritte Single der jungen, aufstrebenden K\u00fcnstlerin Larissa. Nach \u201aMich hat der Himmel gek\u00fcsst\u2019 und Du\u2019 zeigt uns Larissa ihre ruhige und sanfte Seite und \u00fcberzeugt mit Tiefgang. Die international preisgekr\u00f6nte Komposition stammt erneut aus der Feder des Komponisten und Autors Wolfgang M\u00fcller-R\u00f6hm. Das ausgew\u00e4hlte Arrangement aus Streichern und Larissa\u2019s warmen Stimmtimbre eines Soprans sorgen f\u00fcr G\u00e4nsehaut Stimmung. \u2018Ein Tag mit Dir\u2019 ist eine Hommage an das Leben an der Seite der geliebten Person. Larissa zeigt uns, dass Dankbarkeit auch leise funktioniert. Mit ihrer B\u00fchnenpr\u00e4senz und Ausstrahlung singt sich Larissa diesmal fragil und zart direkt&#8230;<\/p>\n","protected":false},"author":1,"featured_media":27650,"comment_status":"open","ping_status":"open","sticky":false,"template":"","format":"standard","meta":{"footnotes":""},"categories":[2],"tags":[2170],"class_list":["post-27649","post","type-post","status-publish","format-standard","has-post-thumbnail","hentry","category-schlager","tag-larissa","wpcat-2-id"],"_links":{"self":[{"href":"https:\/\/bergers-schlagerparadies.de\/index.php?rest_route=\/wp\/v2\/posts\/27649","targetHints":{"allow":["GET"]}}],"collection":[{"href":"https:\/\/bergers-schlagerparadies.de\/index.php?rest_route=\/wp\/v2\/posts"}],"about":[{"href":"https:\/\/bergers-schlagerparadies.de\/index.php?rest_route=\/wp\/v2\/types\/post"}],"author":[{"embeddable":true,"href":"https:\/\/bergers-schlagerparadies.de\/index.php?rest_route=\/wp\/v2\/users\/1"}],"replies":[{"embeddable":true,"href":"https:\/\/bergers-schlagerparadies.de\/index.php?rest_route=%2Fwp%2Fv2%2Fcomments&post=27649"}],"version-history":[{"count":1,"href":"https:\/\/bergers-schlagerparadies.de\/index.php?rest_route=\/wp\/v2\/posts\/27649\/revisions"}],"predecessor-version":[{"id":27651,"href":"https:\/\/bergers-schlagerparadies.de\/index.php?rest_route=\/wp\/v2\/posts\/27649\/revisions\/27651"}],"wp:featuredmedia":[{"embeddable":true,"href":"https:\/\/bergers-schlagerparadies.de\/index.php?rest_route=\/wp\/v2\/media\/27650"}],"wp:attachment":[{"href":"https:\/\/bergers-schlagerparadies.de\/index.php?rest_route=%2Fwp%2Fv2%2Fmedia&parent=27649"}],"wp:term":[{"taxonomy":"category","embeddable":true,"href":"https:\/\/bergers-schlagerparadies.de\/index.php?rest_route=%2Fwp%2Fv2%2Fcategories&post=27649"},{"taxonomy":"post_tag","embeddable":true,"href":"https:\/\/bergers-schlagerparadies.de\/index.php?rest_route=%2Fwp%2Fv2%2Ftags&post=27649"}],"curies":[{"name":"wp","href":"https:\/\/api.w.org\/{rel}","templated":true}]}}