{"id":27585,"date":"2024-08-05T10:30:55","date_gmt":"2024-08-05T08:30:55","guid":{"rendered":"https:\/\/bergers-schlagerparadies.de\/?p=27585"},"modified":"2024-07-30T20:56:55","modified_gmt":"2024-07-30T18:56:55","slug":"duo-wer-rainy-day-%c2%b7-bergers-schlagerparadies","status":"publish","type":"post","link":"https:\/\/bergers-schlagerparadies.de\/?p=27585","title":{"rendered":"Duo WeR &#8211; Rainy Day \u00b7 Berger\u00b4s Schlagerparadies"},"content":{"rendered":"<p><img loading=\"lazy\" decoding=\"async\" class=\"size-medium wp-image-27586 alignleft\" src=\"https:\/\/bergers-schlagerparadies.de\/wp-content\/uploads\/2024\/07\/Duo-WeR-Rainy-Day-300x300.jpeg\" alt=\"\" width=\"300\" height=\"300\" srcset=\"https:\/\/bergers-schlagerparadies.de\/wp-content\/uploads\/2024\/07\/Duo-WeR-Rainy-Day-300x300.jpeg 300w, https:\/\/bergers-schlagerparadies.de\/wp-content\/uploads\/2024\/07\/Duo-WeR-Rainy-Day-1024x1024.jpeg 1024w, https:\/\/bergers-schlagerparadies.de\/wp-content\/uploads\/2024\/07\/Duo-WeR-Rainy-Day-150x150.jpeg 150w, https:\/\/bergers-schlagerparadies.de\/wp-content\/uploads\/2024\/07\/Duo-WeR-Rainy-Day-768x768.jpeg 768w, https:\/\/bergers-schlagerparadies.de\/wp-content\/uploads\/2024\/07\/Duo-WeR-Rainy-Day-1536x1536.jpeg 1536w, https:\/\/bergers-schlagerparadies.de\/wp-content\/uploads\/2024\/07\/Duo-WeR-Rainy-Day-2048x2048.jpeg 2048w, https:\/\/bergers-schlagerparadies.de\/wp-content\/uploads\/2024\/07\/Duo-WeR-Rainy-Day-1200x1200.jpeg 1200w, https:\/\/bergers-schlagerparadies.de\/wp-content\/uploads\/2024\/07\/Duo-WeR-Rainy-Day-1188x1188.jpeg 1188w, https:\/\/bergers-schlagerparadies.de\/wp-content\/uploads\/2024\/07\/Duo-WeR-Rainy-Day-100x100.jpeg 100w\" sizes=\"auto, (max-width: 300px) 100vw, 300px\" \/>Das Duo WeR besteht aus den beiden S\u00e4ngern Wolfgang Steiner und Reinhardt Helwig, deren Anfangsbuchstaben ihrer Vornamen sich auch in der Bezeichnung des Duos wiederfinden (\u201eWe\u201c wie Wolfgang und \u201eeR\u201c wie Reinhardt). Beide sind in Baden-W\u00fcrttemberg zu Hause und stammen aus dem sch\u00f6nen Siebenb\u00fcrgen im Karpatenbogen, dem heutigen Rum\u00e4nien. Schon in jungen Jahren fanden sie Gefallen am deutschen Schlager, dem sie bis heute verbunden geblieben sind.<br \/>\nDer Song &#8222;Rainy Day&#8220; unterstreicht die Botschaft, dass Liebe selbst die tr\u00fcbsten Tage erhellen kann. Duo WeR m\u00f6chte mit diesem Titel die Kraft der Liebe und die Magie des Wiedersehens betonen.<br \/>\nLassen Sie sich verzaubern und erleben Sie, wie ein Regentag in einen sonnigen Moment der Wiedervereinigung verwandelt wird.<\/p>\n<p><span style=\"color: #800000;\"><strong>Quelle: TSL Records<\/strong><\/span><\/p>\n<p><span style=\"color: #800000;\"><strong>Dieser Song ist ab dem 08.08.2024 auf allen Download- und Streaming-Portalen erh\u00e4ltlich.<\/strong><\/span><\/p>\n<p><span style=\"color: #800000;\"><strong>Airdate (f\u00fcr Radiosender) 05.08.2024<\/strong><\/span><\/p>\n","protected":false},"excerpt":{"rendered":"<p>Das Duo WeR besteht aus den beiden S\u00e4ngern Wolfgang Steiner und Reinhardt Helwig, deren Anfangsbuchstaben ihrer Vornamen sich auch in der Bezeichnung des Duos wiederfinden (\u201eWe\u201c wie Wolfgang und \u201eeR\u201c wie Reinhardt). Beide sind in Baden-W\u00fcrttemberg zu Hause und stammen aus dem sch\u00f6nen Siebenb\u00fcrgen im Karpatenbogen, dem heutigen Rum\u00e4nien. Schon in jungen Jahren fanden sie Gefallen am deutschen Schlager, dem sie bis heute verbunden geblieben sind. Der Song &#8222;Rainy Day&#8220; unterstreicht die Botschaft, dass Liebe selbst die tr\u00fcbsten Tage erhellen kann. Duo WeR m\u00f6chte mit diesem Titel die Kraft der Liebe und die Magie des Wiedersehens betonen. Lassen Sie sich verzaubern und erleben Sie, wie&#8230;<\/p>\n","protected":false},"author":1,"featured_media":27586,"comment_status":"open","ping_status":"open","sticky":false,"template":"","format":"standard","meta":{"footnotes":""},"categories":[2],"tags":[1458],"class_list":["post-27585","post","type-post","status-publish","format-standard","has-post-thumbnail","hentry","category-schlager","tag-duo-wer","wpcat-2-id"],"_links":{"self":[{"href":"https:\/\/bergers-schlagerparadies.de\/index.php?rest_route=\/wp\/v2\/posts\/27585","targetHints":{"allow":["GET"]}}],"collection":[{"href":"https:\/\/bergers-schlagerparadies.de\/index.php?rest_route=\/wp\/v2\/posts"}],"about":[{"href":"https:\/\/bergers-schlagerparadies.de\/index.php?rest_route=\/wp\/v2\/types\/post"}],"author":[{"embeddable":true,"href":"https:\/\/bergers-schlagerparadies.de\/index.php?rest_route=\/wp\/v2\/users\/1"}],"replies":[{"embeddable":true,"href":"https:\/\/bergers-schlagerparadies.de\/index.php?rest_route=%2Fwp%2Fv2%2Fcomments&post=27585"}],"version-history":[{"count":1,"href":"https:\/\/bergers-schlagerparadies.de\/index.php?rest_route=\/wp\/v2\/posts\/27585\/revisions"}],"predecessor-version":[{"id":27587,"href":"https:\/\/bergers-schlagerparadies.de\/index.php?rest_route=\/wp\/v2\/posts\/27585\/revisions\/27587"}],"wp:featuredmedia":[{"embeddable":true,"href":"https:\/\/bergers-schlagerparadies.de\/index.php?rest_route=\/wp\/v2\/media\/27586"}],"wp:attachment":[{"href":"https:\/\/bergers-schlagerparadies.de\/index.php?rest_route=%2Fwp%2Fv2%2Fmedia&parent=27585"}],"wp:term":[{"taxonomy":"category","embeddable":true,"href":"https:\/\/bergers-schlagerparadies.de\/index.php?rest_route=%2Fwp%2Fv2%2Fcategories&post=27585"},{"taxonomy":"post_tag","embeddable":true,"href":"https:\/\/bergers-schlagerparadies.de\/index.php?rest_route=%2Fwp%2Fv2%2Ftags&post=27585"}],"curies":[{"name":"wp","href":"https:\/\/api.w.org\/{rel}","templated":true}]}}