{"id":27509,"date":"2024-07-26T11:22:37","date_gmt":"2024-07-26T09:22:37","guid":{"rendered":"https:\/\/bergers-schlagerparadies.de\/?p=27509"},"modified":"2024-07-26T11:22:37","modified_gmt":"2024-07-26T09:22:37","slug":"jan-jascha-lass-den-sommer-beginnen-%c2%b7-bergers-schlagerparadies","status":"publish","type":"post","link":"https:\/\/bergers-schlagerparadies.de\/?p=27509","title":{"rendered":"Jan &#038; Jascha &#8211; Lass den Sommer beginnen \u00b7 Berger\u00b4s Schlagerparadies"},"content":{"rendered":"<p><img loading=\"lazy\" decoding=\"async\" class=\"size-medium wp-image-27510 alignleft\" src=\"https:\/\/bergers-schlagerparadies.de\/wp-content\/uploads\/2024\/07\/Jan-Jascha-Lass-den-Sommer-beginnen-300x300.jpeg\" alt=\"\" width=\"300\" height=\"300\" srcset=\"https:\/\/bergers-schlagerparadies.de\/wp-content\/uploads\/2024\/07\/Jan-Jascha-Lass-den-Sommer-beginnen-300x300.jpeg 300w, https:\/\/bergers-schlagerparadies.de\/wp-content\/uploads\/2024\/07\/Jan-Jascha-Lass-den-Sommer-beginnen-1024x1024.jpeg 1024w, https:\/\/bergers-schlagerparadies.de\/wp-content\/uploads\/2024\/07\/Jan-Jascha-Lass-den-Sommer-beginnen-150x150.jpeg 150w, https:\/\/bergers-schlagerparadies.de\/wp-content\/uploads\/2024\/07\/Jan-Jascha-Lass-den-Sommer-beginnen-768x768.jpeg 768w, https:\/\/bergers-schlagerparadies.de\/wp-content\/uploads\/2024\/07\/Jan-Jascha-Lass-den-Sommer-beginnen-1200x1200.jpeg 1200w, https:\/\/bergers-schlagerparadies.de\/wp-content\/uploads\/2024\/07\/Jan-Jascha-Lass-den-Sommer-beginnen-1188x1188.jpeg 1188w, https:\/\/bergers-schlagerparadies.de\/wp-content\/uploads\/2024\/07\/Jan-Jascha-Lass-den-Sommer-beginnen-100x100.jpeg 100w, https:\/\/bergers-schlagerparadies.de\/wp-content\/uploads\/2024\/07\/Jan-Jascha-Lass-den-Sommer-beginnen.jpeg 1400w\" sizes=\"auto, (max-width: 300px) 100vw, 300px\" \/>J A N &amp; J A S C H A<br \/>\n&#8211; Das Hit-Songwriter-Duo verk\u00fcrzt die Wartezeit aufs neue Album &#8211;<\/p>\n<p>Der zweite Singlevorbote<br \/>\n\u201eLass den Sommer beginnen\u201c<br \/>\nsorgt ab dem 26. Juli f\u00fcr maximales Urlaubs- und Hochsommerfeeling<\/p>\n<p>Sommerzeit, Urlaubszeit, endlich Zeit f\u00fcr Leichtigkeit \u2013 dieses allj\u00e4hrliche Gl\u00fccksgef\u00fchl vertonen und verst\u00e4rken Jan &amp; Jascha mit ihrer neuesten Single \u201eLass den Sommer beginnen\u201c, mit der sie ab dem 26. Juli eine weitere Facette ihres kommenden Albums pr\u00e4sentieren. Hatte schon die zuletzt ver\u00f6ffentlichte Titelsingle \u201eHotel Freiheit\u201c nach wenigen Takten f\u00fcr Instant-Fernweh gesorgt, bricht das Solinger Folk-Schlager-Duo dieses Mal ganz klar in Richtung Dancefloor auf \u2013 und z\u00fcndet dort ein hochsommerliches Klangfeuerwerk. Das dazugeh\u00f6rige neue Studioalbum \u201eHotel Freiheit\u201c erscheint am 13. September und kann bereits vorbestellt werden.<\/p>\n<p>W\u00e4hrend sie auf dem kommenden Longplayer auch ganz andere Themen und Stimmungen pr\u00e4sentieren, geht\u2019s im Urlaubsmonat Juli ausschlie\u00dflich um maximale Leichtigkeit, um durchgetanzte N\u00e4chte und Lebensfreude pur: \u201eKomm, wir mixen noch\u2019n paar Martini\u201c, beginnt die sch\u00f6nste Jahreszeit, f\u00fcr die das Duo neben Cocktails auch treibende Claps, Synthies und druckvolle Beats ins Spiel bringt \u2013 mehr Tempo, mehr L\u00e4ssigkeit, richtige Build-ups &amp; Drops, zu denen man die Nacht zum Tag machen kann. \u201eJa, ich f\u00fchl: der Sommer beginnt\u201c, denkt man sich da auch und sp\u00fcrt sofort diesen Sog in Richtung Dancefloor \u2013 \u201e\u2026 und wir tanzen zu dem Beat\u201c.<\/p>\n<p>Auf dem dazugeh\u00f6rigen Album \u201eHotel Freiheit\u201c beweisen die zwei Multiinstrumentalisten immer wieder ihr einzigartiges Gesp\u00fcr als Songwriter, das ihnen zuletzt auch hinter den Kulissen eine ganze Serie von Charterfolgen bescheren sollte \u2013 inklusive Awards (\u201eSongwriter des Jahres\u201c) und #1-Hits, die sie anderen K\u00fcnstlerinnen und K\u00fcnstlern auf den Leib schreiben sollten.<\/p>\n<p>Die einzigartige Chemie zwischen Jan (Hauke) und Jascha (Welzel) basiert tats\u00e4chlich auf einer Sandkastenfreundschaft: Die zwei Solinger waren schon in der ersten Schulklasse beste Freunde \u2013 und machten wenig sp\u00e4ter auch die ersten musikalischen Gehversuche gemeinsam. Die beiden Multiinstrumentalisten, die seit 2014 auch offiziell ein Duo sind \u2013 10-j\u00e4hriges Jubil\u00e4um! \u2013, landeten schon im letzten Jahrzehnt den millionenfach gestreamten Hit \u201eGute Reise\u201c, der wenig sp\u00e4ter auch zu den vielen Highlights ihres 2020 ver\u00f6ffentlichten Deb\u00fctalbums \u201eLiebes Leben\u201c z\u00e4hlte. Da Angelo Kelly schon damals hellh\u00f6rig geworden war, konnten sie diese ersten Hits schlie\u00dflich auch im Vorprogramm der Kelly Family live pr\u00e4sentieren. Seither auch als Songwriter und Texter extrem gefragt, versorgten sie zuletzt u.a. Christian Lais, Daniela Alfinito, Fantasy, Maite Kelly, die Nockis, Sonia Liebing, Marianne Rosenberg und die Amigos mit frischen Songideen.<\/p>\n<p>\u201eDer S\u00fcden l\u00e4dt uns ein\u201c \u2013 mit der zweiten Single \u201eLass den Sommer beginnen\u201c liefern Jan &amp; Jascha den Soundtrack zur diesj\u00e4hrigen Ferien- und Hochsommersaison.<\/p>\n<p>Die neue Single \u201eLass den Sommer beginnen\u201c erscheint am 26. Juli 2024.<\/p>\n<p><span style=\"color: #800000;\"><strong>Quelle: Telamo<\/strong><\/span><\/p>\n<p><span style=\"color: #800000;\"><strong>Dieser Song ist ab dem 26.07.2024 auf allen Download- und Streaming-Portalen erh\u00e4ltlich.<\/strong><\/span><\/p>\n<p><span style=\"color: #800000;\"><strong>Airdate (f\u00fcr Radiosender) 26.07.2024<\/strong><\/span><\/p>\n","protected":false},"excerpt":{"rendered":"<p>J A N &amp; J A S C H A &#8211; Das Hit-Songwriter-Duo verk\u00fcrzt die Wartezeit aufs neue Album &#8211; Der zweite Singlevorbote \u201eLass den Sommer beginnen\u201c sorgt ab dem 26. Juli f\u00fcr maximales Urlaubs- und Hochsommerfeeling Sommerzeit, Urlaubszeit, endlich Zeit f\u00fcr Leichtigkeit \u2013 dieses allj\u00e4hrliche Gl\u00fccksgef\u00fchl vertonen und verst\u00e4rken Jan &amp; Jascha mit ihrer neuesten Single \u201eLass den Sommer beginnen\u201c, mit der sie ab dem 26. Juli eine weitere Facette ihres kommenden Albums pr\u00e4sentieren. Hatte schon die zuletzt ver\u00f6ffentlichte Titelsingle \u201eHotel Freiheit\u201c nach wenigen Takten f\u00fcr Instant-Fernweh gesorgt, bricht das Solinger Folk-Schlager-Duo dieses Mal ganz klar in Richtung Dancefloor auf \u2013 und z\u00fcndet dort&#8230;<\/p>\n","protected":false},"author":1,"featured_media":27510,"comment_status":"open","ping_status":"open","sticky":false,"template":"","format":"standard","meta":{"footnotes":""},"categories":[2],"tags":[2751],"class_list":["post-27509","post","type-post","status-publish","format-standard","has-post-thumbnail","hentry","category-schlager","tag-jan-jascha","wpcat-2-id"],"_links":{"self":[{"href":"https:\/\/bergers-schlagerparadies.de\/index.php?rest_route=\/wp\/v2\/posts\/27509","targetHints":{"allow":["GET"]}}],"collection":[{"href":"https:\/\/bergers-schlagerparadies.de\/index.php?rest_route=\/wp\/v2\/posts"}],"about":[{"href":"https:\/\/bergers-schlagerparadies.de\/index.php?rest_route=\/wp\/v2\/types\/post"}],"author":[{"embeddable":true,"href":"https:\/\/bergers-schlagerparadies.de\/index.php?rest_route=\/wp\/v2\/users\/1"}],"replies":[{"embeddable":true,"href":"https:\/\/bergers-schlagerparadies.de\/index.php?rest_route=%2Fwp%2Fv2%2Fcomments&post=27509"}],"version-history":[{"count":1,"href":"https:\/\/bergers-schlagerparadies.de\/index.php?rest_route=\/wp\/v2\/posts\/27509\/revisions"}],"predecessor-version":[{"id":27511,"href":"https:\/\/bergers-schlagerparadies.de\/index.php?rest_route=\/wp\/v2\/posts\/27509\/revisions\/27511"}],"wp:featuredmedia":[{"embeddable":true,"href":"https:\/\/bergers-schlagerparadies.de\/index.php?rest_route=\/wp\/v2\/media\/27510"}],"wp:attachment":[{"href":"https:\/\/bergers-schlagerparadies.de\/index.php?rest_route=%2Fwp%2Fv2%2Fmedia&parent=27509"}],"wp:term":[{"taxonomy":"category","embeddable":true,"href":"https:\/\/bergers-schlagerparadies.de\/index.php?rest_route=%2Fwp%2Fv2%2Fcategories&post=27509"},{"taxonomy":"post_tag","embeddable":true,"href":"https:\/\/bergers-schlagerparadies.de\/index.php?rest_route=%2Fwp%2Fv2%2Ftags&post=27509"}],"curies":[{"name":"wp","href":"https:\/\/api.w.org\/{rel}","templated":true}]}}