{"id":27501,"date":"2024-07-26T11:03:12","date_gmt":"2024-07-26T09:03:12","guid":{"rendered":"https:\/\/bergers-schlagerparadies.de\/?p=27501"},"modified":"2024-07-26T11:03:12","modified_gmt":"2024-07-26T09:03:12","slug":"desiree-hansen-ich-will-spass-%c2%b7-bergers-schlagerparadies","status":"publish","type":"post","link":"https:\/\/bergers-schlagerparadies.de\/?p=27501","title":{"rendered":"Desiree Hansen &#8211; Ich will Spa\u00df \u00b7 Berger\u00b4s Schlagerparadies"},"content":{"rendered":"<p><img loading=\"lazy\" decoding=\"async\" class=\"size-medium wp-image-27502 alignleft\" src=\"https:\/\/bergers-schlagerparadies.de\/wp-content\/uploads\/2024\/07\/Desiree-Hansen-Ich-will-Spass-300x300.jpeg\" alt=\"\" width=\"300\" height=\"300\" srcset=\"https:\/\/bergers-schlagerparadies.de\/wp-content\/uploads\/2024\/07\/Desiree-Hansen-Ich-will-Spass-300x300.jpeg 300w, https:\/\/bergers-schlagerparadies.de\/wp-content\/uploads\/2024\/07\/Desiree-Hansen-Ich-will-Spass-1024x1024.jpeg 1024w, https:\/\/bergers-schlagerparadies.de\/wp-content\/uploads\/2024\/07\/Desiree-Hansen-Ich-will-Spass-150x150.jpeg 150w, https:\/\/bergers-schlagerparadies.de\/wp-content\/uploads\/2024\/07\/Desiree-Hansen-Ich-will-Spass-768x768.jpeg 768w, https:\/\/bergers-schlagerparadies.de\/wp-content\/uploads\/2024\/07\/Desiree-Hansen-Ich-will-Spass-1188x1188.jpeg 1188w, https:\/\/bergers-schlagerparadies.de\/wp-content\/uploads\/2024\/07\/Desiree-Hansen-Ich-will-Spass-100x100.jpeg 100w, https:\/\/bergers-schlagerparadies.de\/wp-content\/uploads\/2024\/07\/Desiree-Hansen-Ich-will-Spass.jpeg 1200w\" sizes=\"auto, (max-width: 300px) 100vw, 300px\" \/>Dieser Sommer wird wild. Desiree Hansen ver\u00f6ffentlicht am 26.07.2024 Ihren neusten Song \u201eIch<br \/>\nwill Spa\u00df\u201c, eine Partyversion mit pers\u00f6nlicher Genehmigung von Markus M\u00f6rl, der 1982 w\u00e4hrend<br \/>\nder Zeit der Neuen Deutschen Welle einen Nummer 1 Hit hatte. Dieser Partykracher wird das<br \/>\nPublikum zum Saisonende auf Mallorca nochmal ordentlich aufmischen. Desiree ist fester Bestandteil vom Oberbayern auf Mallorca und tritt dort w\u00f6chentlich auf. Auch in diversen TV-Formaten ist sie zu sehen. Der Song aus den 80er bekommt durch sie frischen Wind und l\u00e4dt auch das \u201eneue\u201c junge<br \/>\nPublikum zum feiern ein.<\/p>\n<p><span style=\"color: #800000;\"><strong>Quelle: Flymusic<\/strong><\/span><\/p>\n<p><span style=\"color: #800000;\"><strong>Dieser Song ist ab dem 26.07.2024 auf allen Download- und Streaming-Portalen erh\u00e4ltlich.<\/strong><\/span><\/p>\n<p><span style=\"color: #800000;\"><strong>Airdate (f\u00fcr Radiosender) 26.07.2024<\/strong><\/span><\/p>\n","protected":false},"excerpt":{"rendered":"<p>Dieser Sommer wird wild. Desiree Hansen ver\u00f6ffentlicht am 26.07.2024 Ihren neusten Song \u201eIch will Spa\u00df\u201c, eine Partyversion mit pers\u00f6nlicher Genehmigung von Markus M\u00f6rl, der 1982 w\u00e4hrend der Zeit der Neuen Deutschen Welle einen Nummer 1 Hit hatte. Dieser Partykracher wird das Publikum zum Saisonende auf Mallorca nochmal ordentlich aufmischen. Desiree ist fester Bestandteil vom Oberbayern auf Mallorca und tritt dort w\u00f6chentlich auf. Auch in diversen TV-Formaten ist sie zu sehen. Der Song aus den 80er bekommt durch sie frischen Wind und l\u00e4dt auch das \u201eneue\u201c junge Publikum zum feiern ein. Quelle: Flymusic Dieser Song ist ab dem 26.07.2024 auf allen Download- und Streaming-Portalen erh\u00e4ltlich. Airdate&#8230;<\/p>\n","protected":false},"author":1,"featured_media":27502,"comment_status":"open","ping_status":"open","sticky":false,"template":"","format":"standard","meta":{"footnotes":""},"categories":[2],"tags":[2863],"class_list":["post-27501","post","type-post","status-publish","format-standard","has-post-thumbnail","hentry","category-schlager","tag-desiree-hansen","wpcat-2-id"],"_links":{"self":[{"href":"https:\/\/bergers-schlagerparadies.de\/index.php?rest_route=\/wp\/v2\/posts\/27501","targetHints":{"allow":["GET"]}}],"collection":[{"href":"https:\/\/bergers-schlagerparadies.de\/index.php?rest_route=\/wp\/v2\/posts"}],"about":[{"href":"https:\/\/bergers-schlagerparadies.de\/index.php?rest_route=\/wp\/v2\/types\/post"}],"author":[{"embeddable":true,"href":"https:\/\/bergers-schlagerparadies.de\/index.php?rest_route=\/wp\/v2\/users\/1"}],"replies":[{"embeddable":true,"href":"https:\/\/bergers-schlagerparadies.de\/index.php?rest_route=%2Fwp%2Fv2%2Fcomments&post=27501"}],"version-history":[{"count":1,"href":"https:\/\/bergers-schlagerparadies.de\/index.php?rest_route=\/wp\/v2\/posts\/27501\/revisions"}],"predecessor-version":[{"id":27503,"href":"https:\/\/bergers-schlagerparadies.de\/index.php?rest_route=\/wp\/v2\/posts\/27501\/revisions\/27503"}],"wp:featuredmedia":[{"embeddable":true,"href":"https:\/\/bergers-schlagerparadies.de\/index.php?rest_route=\/wp\/v2\/media\/27502"}],"wp:attachment":[{"href":"https:\/\/bergers-schlagerparadies.de\/index.php?rest_route=%2Fwp%2Fv2%2Fmedia&parent=27501"}],"wp:term":[{"taxonomy":"category","embeddable":true,"href":"https:\/\/bergers-schlagerparadies.de\/index.php?rest_route=%2Fwp%2Fv2%2Fcategories&post=27501"},{"taxonomy":"post_tag","embeddable":true,"href":"https:\/\/bergers-schlagerparadies.de\/index.php?rest_route=%2Fwp%2Fv2%2Ftags&post=27501"}],"curies":[{"name":"wp","href":"https:\/\/api.w.org\/{rel}","templated":true}]}}