{"id":27498,"date":"2024-07-26T10:50:32","date_gmt":"2024-07-26T08:50:32","guid":{"rendered":"https:\/\/bergers-schlagerparadies.de\/?p=27498"},"modified":"2024-07-26T10:50:32","modified_gmt":"2024-07-26T08:50:32","slug":"anna-carina-woitschack-die-welt-umarmen-%c2%b7-bergers-schlagerparadies","status":"publish","type":"post","link":"https:\/\/bergers-schlagerparadies.de\/?p=27498","title":{"rendered":"Anna-Carina Woitschack &#8211; Die Welt umarmen \u00b7 Berger\u00b4s Schlagerparadies"},"content":{"rendered":"<p><img loading=\"lazy\" decoding=\"async\" class=\"size-medium wp-image-27499 alignleft\" src=\"https:\/\/bergers-schlagerparadies.de\/wp-content\/uploads\/2024\/07\/Anna-Carina-Woitschack-Die-Welt-umarmen-300x300.jpeg\" alt=\"\" width=\"300\" height=\"300\" srcset=\"https:\/\/bergers-schlagerparadies.de\/wp-content\/uploads\/2024\/07\/Anna-Carina-Woitschack-Die-Welt-umarmen-300x300.jpeg 300w, https:\/\/bergers-schlagerparadies.de\/wp-content\/uploads\/2024\/07\/Anna-Carina-Woitschack-Die-Welt-umarmen-1024x1024.jpeg 1024w, https:\/\/bergers-schlagerparadies.de\/wp-content\/uploads\/2024\/07\/Anna-Carina-Woitschack-Die-Welt-umarmen-150x150.jpeg 150w, https:\/\/bergers-schlagerparadies.de\/wp-content\/uploads\/2024\/07\/Anna-Carina-Woitschack-Die-Welt-umarmen-768x768.jpeg 768w, https:\/\/bergers-schlagerparadies.de\/wp-content\/uploads\/2024\/07\/Anna-Carina-Woitschack-Die-Welt-umarmen-1200x1200.jpeg 1200w, https:\/\/bergers-schlagerparadies.de\/wp-content\/uploads\/2024\/07\/Anna-Carina-Woitschack-Die-Welt-umarmen-1188x1188.jpeg 1188w, https:\/\/bergers-schlagerparadies.de\/wp-content\/uploads\/2024\/07\/Anna-Carina-Woitschack-Die-Welt-umarmen-100x100.jpeg 100w, https:\/\/bergers-schlagerparadies.de\/wp-content\/uploads\/2024\/07\/Anna-Carina-Woitschack-Die-Welt-umarmen.jpeg 1400w\" sizes=\"auto, (max-width: 300px) 100vw, 300px\" \/>Am 16. August 2024 ver\u00f6ffentlicht Anna-Carina Woitschack ihr neues Album \u201eMeine Zeit\u201c. Um die Wartezeit bis dahin zu verk\u00fcrzen, erscheint am 26. Juli bereits der zweite Single-Vorbote \u201eDie Welt umarmen\u201c.<br \/>\nAnna-Carina Woitschack befindet sich seit Jahren auf der \u00dcberholspur. Ihre letzten drei Alben \u201eTr\u00e4umer\u201c, \u201eLichtblicke\u201c und ihr gro\u00dfes \u201eBest of\u201c landeten allesamt in der Top10 der deut-schen Album-Charts. In der RTL-Show \u201eDie Verr\u00e4ter \u2013 Vertraue niemandem!\u201c konnte sie ein Millionenpublikum von sich begeistern und auch die Social Media Community des Allroundta-lents wird immer gr\u00f6\u00dfer. Mit \u201eDie Welt umarmen\u201c liefert Anna-Carina Woitschack nun den passenden Sommer-Soundtrack. Produziert wurde der Vorbote f\u00fcr das neue Album von Alexs White und Alex Strasser, die mit dem speziellen Sound f\u00fcr einen echten Ohrwurm sor-gen.<\/p>\n<p>Der Instrumentalpart des Songs macht gute Laune und wird die Tanzfl\u00e4chen f\u00fcllen. Genau dieses Gef\u00fchl von Leichtigkeit m\u00f6chte die ehemalige \u201eDSDS\u201c-Teilnehmerin mit ihrem neuen Titel vermitteln: Lasst den Alltag einmal hinter euch und genie\u00dft das Leben in vollen Z\u00fcgen! Anna-Carina Woitschack: \u201eIch m\u00f6chte mit dem Lied die Menschen fr\u00f6hlich stimmen und sie einladen die sch\u00f6nen Momente mehr zu genie\u00dfen. Wir alle m\u00fcssen die Probleme manchmal auch hinter uns lassen.\u201c Die Uptempo-Nummer \u00fcberzeugt mit ihrem treibenden Beat und er-zeugt ein wundersch\u00f6nes Kopfkino. Zeilen wie \u201eJeder Tag f\u00fchlt sich an wie der n\u00e4chste, im-mer nur funktionieren, kann nicht alles sein\u201c und \u201eLass uns doch endlich das Leben probieren, zum Altsein sind wir viel zu jung\u201c machen deutlich, dass wir viel zu oft im Alltagstrott unterge-hen. Also \u201eBist du bereit? Lass uns heut Nacht die Welt umarmen!\u201c<\/p>\n<p>Der kraftvolle Song zeigt wohin die Reise bei Anna-Carina Woitschack geht \u2013 nicht umsonst hat sie f\u00fcr ihr Album den Titel \u201eMeine Zeit\u201c gew\u00e4hlt: \u201eEs ist jetzt meine Zeit. Ich f\u00fchle mich im Leben und bei mir als Mensch angekommen.\u201c Diese Power zeigt uns die S\u00e4ngerin bei jedem ihrer Live-Auftritte, von denen in diesem Jahr noch eine Menge folgen.<\/p>\n<p>Die Single \u201eDie Welt umarmen\u201c erscheint am 26.07.2024 bei TELAMO. Das neue Album \u201eMei-ne Zeit\u201c ist ab16.08.24 als CD, limitierte Fanbox, Download und Stream erh\u00e4ltlich.<\/p>\n<p><span style=\"color: #800000;\"><strong>Quelle: Telamo<\/strong><\/span><\/p>\n<p><span style=\"color: #800000;\"><strong>Dieser Song ist ab dem 26.07.2024 auf allen Download- und Streaming-Portalen erh\u00e4ltlich.<\/strong><\/span><\/p>\n<p><span style=\"color: #800000;\"><strong>Airdate (f\u00fcr Radiosender) 26.07.2024<\/strong><\/span><\/p>\n","protected":false},"excerpt":{"rendered":"<p>Am 16. August 2024 ver\u00f6ffentlicht Anna-Carina Woitschack ihr neues Album \u201eMeine Zeit\u201c. Um die Wartezeit bis dahin zu verk\u00fcrzen, erscheint am 26. Juli bereits der zweite Single-Vorbote \u201eDie Welt umarmen\u201c. Anna-Carina Woitschack befindet sich seit Jahren auf der \u00dcberholspur. Ihre letzten drei Alben \u201eTr\u00e4umer\u201c, \u201eLichtblicke\u201c und ihr gro\u00dfes \u201eBest of\u201c landeten allesamt in der Top10 der deut-schen Album-Charts. In der RTL-Show \u201eDie Verr\u00e4ter \u2013 Vertraue niemandem!\u201c konnte sie ein Millionenpublikum von sich begeistern und auch die Social Media Community des Allroundta-lents wird immer gr\u00f6\u00dfer. Mit \u201eDie Welt umarmen\u201c liefert Anna-Carina Woitschack nun den passenden Sommer-Soundtrack. Produziert wurde der Vorbote f\u00fcr das neue Album von Alexs&#8230;<\/p>\n","protected":false},"author":1,"featured_media":27499,"comment_status":"open","ping_status":"open","sticky":false,"template":"","format":"standard","meta":{"footnotes":""},"categories":[2],"tags":[567],"class_list":["post-27498","post","type-post","status-publish","format-standard","has-post-thumbnail","hentry","category-schlager","tag-anna-carina-woitschack","wpcat-2-id"],"_links":{"self":[{"href":"https:\/\/bergers-schlagerparadies.de\/index.php?rest_route=\/wp\/v2\/posts\/27498","targetHints":{"allow":["GET"]}}],"collection":[{"href":"https:\/\/bergers-schlagerparadies.de\/index.php?rest_route=\/wp\/v2\/posts"}],"about":[{"href":"https:\/\/bergers-schlagerparadies.de\/index.php?rest_route=\/wp\/v2\/types\/post"}],"author":[{"embeddable":true,"href":"https:\/\/bergers-schlagerparadies.de\/index.php?rest_route=\/wp\/v2\/users\/1"}],"replies":[{"embeddable":true,"href":"https:\/\/bergers-schlagerparadies.de\/index.php?rest_route=%2Fwp%2Fv2%2Fcomments&post=27498"}],"version-history":[{"count":1,"href":"https:\/\/bergers-schlagerparadies.de\/index.php?rest_route=\/wp\/v2\/posts\/27498\/revisions"}],"predecessor-version":[{"id":27500,"href":"https:\/\/bergers-schlagerparadies.de\/index.php?rest_route=\/wp\/v2\/posts\/27498\/revisions\/27500"}],"wp:featuredmedia":[{"embeddable":true,"href":"https:\/\/bergers-schlagerparadies.de\/index.php?rest_route=\/wp\/v2\/media\/27499"}],"wp:attachment":[{"href":"https:\/\/bergers-schlagerparadies.de\/index.php?rest_route=%2Fwp%2Fv2%2Fmedia&parent=27498"}],"wp:term":[{"taxonomy":"category","embeddable":true,"href":"https:\/\/bergers-schlagerparadies.de\/index.php?rest_route=%2Fwp%2Fv2%2Fcategories&post=27498"},{"taxonomy":"post_tag","embeddable":true,"href":"https:\/\/bergers-schlagerparadies.de\/index.php?rest_route=%2Fwp%2Fv2%2Ftags&post=27498"}],"curies":[{"name":"wp","href":"https:\/\/api.w.org\/{rel}","templated":true}]}}