{"id":27454,"date":"2024-07-25T21:27:40","date_gmt":"2024-07-25T19:27:40","guid":{"rendered":"https:\/\/bergers-schlagerparadies.de\/?p=27454"},"modified":"2024-07-25T21:27:40","modified_gmt":"2024-07-25T19:27:40","slug":"raffael-koenig-die-weissen-segel-album-%c2%b7-bergers-schlagerparadies","status":"publish","type":"post","link":"https:\/\/bergers-schlagerparadies.de\/?p=27454","title":{"rendered":"Raffael K\u00f6nig &#8211; Die weissen Segel (Album) \u00b7 Berger\u00b4s Schlagerparadies"},"content":{"rendered":"<p><img loading=\"lazy\" decoding=\"async\" class=\"size-medium wp-image-27455 alignleft\" src=\"https:\/\/bergers-schlagerparadies.de\/wp-content\/uploads\/2024\/07\/Raffael-Koenig-Die-weissen-Segel-Album-300x300.jpg\" alt=\"\" width=\"300\" height=\"300\" srcset=\"https:\/\/bergers-schlagerparadies.de\/wp-content\/uploads\/2024\/07\/Raffael-Koenig-Die-weissen-Segel-Album-300x300.jpg 300w, https:\/\/bergers-schlagerparadies.de\/wp-content\/uploads\/2024\/07\/Raffael-Koenig-Die-weissen-Segel-Album-1024x1024.jpg 1024w, https:\/\/bergers-schlagerparadies.de\/wp-content\/uploads\/2024\/07\/Raffael-Koenig-Die-weissen-Segel-Album-150x150.jpg 150w, https:\/\/bergers-schlagerparadies.de\/wp-content\/uploads\/2024\/07\/Raffael-Koenig-Die-weissen-Segel-Album-768x768.jpg 768w, https:\/\/bergers-schlagerparadies.de\/wp-content\/uploads\/2024\/07\/Raffael-Koenig-Die-weissen-Segel-Album-1536x1536.jpg 1536w, https:\/\/bergers-schlagerparadies.de\/wp-content\/uploads\/2024\/07\/Raffael-Koenig-Die-weissen-Segel-Album-2048x2048.jpg 2048w, https:\/\/bergers-schlagerparadies.de\/wp-content\/uploads\/2024\/07\/Raffael-Koenig-Die-weissen-Segel-Album-1200x1200.jpg 1200w, https:\/\/bergers-schlagerparadies.de\/wp-content\/uploads\/2024\/07\/Raffael-Koenig-Die-weissen-Segel-Album-1188x1188.jpg 1188w, https:\/\/bergers-schlagerparadies.de\/wp-content\/uploads\/2024\/07\/Raffael-Koenig-Die-weissen-Segel-Album-100x100.jpg 100w\" sizes=\"auto, (max-width: 300px) 100vw, 300px\" \/>Raffael K\u00f6nig pr\u00e4sentiert sein zweites Album &#8222;Die weissen Segel&#8220;<br \/>\nDer Schlagers\u00e4nger Raffael K\u00f6nig k\u00fcndigt mit gro\u00dfer Freude die Ver\u00f6ffentlichung seines zweiten Albums &#8222;Die weissen Segel&#8220; an. Die CD wird \u00fcber das Label Fiesta Records ver\u00f6ffentlicht und ist ab dem 26.07.2024 in allen Download- und Streamingportalen erh\u00e4ltlich.<\/p>\n<p>Die Musik:<br \/>\nDie H\u00f6rer k\u00f6nnen sich bei der CD &#8222;Die weissen Segel&#8220; auf 12 Foxtrott-lastige Titel freuen, die sowohl zum Tanzen als auch zum Tr\u00e4umen einladen. Darunter befinden sich auch stimmungsvolle Urlaubslieder wie &#8222;Ich muss dringend nach Mallorca&#8220; und der gefeierte Siegertitel des Internationalen Schlagerwettbewerbs in Donzdorf, &#8222;Die Wilde und der Clown !&#8220;<br \/>\nDie Texter:<br \/>\nF\u00fcr die Texte hat Raffael K\u00f6nig erneut mit der talentierten Kathleen Tielscher zusammengearbeitet, die bereits seine ersten Hits &#8222;K\u00f6nig ohne Schloss&#8220; und &#8222;Weil die Liebe eine Rose ist&#8220; geschrieben hat. Zudem hat das Album Beitr\u00e4ge von renommierten Textern wie Guido Morsblech, bekannt f\u00fcr seine Arbeit mit Fernando Express, der die Titel &#8222;Die Liebe ist nicht alles&#8220; und &#8222;Mann, was bist du f\u00fcr ne Frau&#8220; beigesteuert hat. Claudia Fletzberger hat den Text zu &#8222;Die Gezeiten der Liebe&#8220;, dem Titel des gleichnamigen TV-Erfolgsfilms von Rosamunde Pilcher, verfasst.<\/p>\n<p>Exklusiv und einzigartig:<br \/>\n&#8222;Die weissen Segel&#8220; ist nicht nur eine Sammlung von Liedern, sondern ein musikalisches Erlebnis, das exklusiv f\u00fcr echte Schlagerliebhaber zusammengestellt wurde. Jeder Titel auf diesem Album ist mit viel Herzblut und Leidenschaft entstanden. Die Zusammenarbeit mit herausragenden Textern und die erstklassige Produktion machen diese CD zu einem echten Sammlerst\u00fcck.<\/p>\n<p>Warum diese CD?<br \/>\n&#8222;Die weissen Segel&#8220; wurde von Franz Halmich dem legend\u00e4ren Gr\u00fcndungsmitglied des Flippers und Songwriter des Erfolgstitels \u201eWeine nicht kleine Eva\u201c produziert. Die H\u00f6rer erwartet eine einzigartige Mischung aus Tanzmusik und gef\u00fchlvollen Balladen, die sowohl auf der Tanzfl\u00e4che als auch in ruhigen Momenten Freude bereiten. Jeder Song erz\u00e4hlt eine Geschichte und l\u00e4dt den H\u00f6rer dazu ein, sich in die Welt der Musik zu verlieren. Diese CD ist das perfekte Geschenk f\u00fcr sich selbst oder f\u00fcr geliebte Menschen, die Schlager und unvergessliche Melodien sch\u00e4tzen.<\/p>\n<p><span style=\"color: #800000;\"><strong>Quelle: Fiesta Records<\/strong><\/span><\/p>\n<p><span style=\"color: #800000;\"><strong>Dieses Album\u00a0ist ab dem 26.07.2024 auf allen Download- und Streaming-Portalen erh\u00e4ltlich!<\/strong><\/span><\/p>\n<p><span style=\"color: #800000;\"><strong>Airdate (f\u00fcr Radiosender): 25.07.2024<\/strong><\/span><\/p>\n","protected":false},"excerpt":{"rendered":"<p>Raffael K\u00f6nig pr\u00e4sentiert sein zweites Album &#8222;Die weissen Segel&#8220; Der Schlagers\u00e4nger Raffael K\u00f6nig k\u00fcndigt mit gro\u00dfer Freude die Ver\u00f6ffentlichung seines zweiten Albums &#8222;Die weissen Segel&#8220; an. Die CD wird \u00fcber das Label Fiesta Records ver\u00f6ffentlicht und ist ab dem 26.07.2024 in allen Download- und Streamingportalen erh\u00e4ltlich. Die Musik: Die H\u00f6rer k\u00f6nnen sich bei der CD &#8222;Die weissen Segel&#8220; auf 12 Foxtrott-lastige Titel freuen, die sowohl zum Tanzen als auch zum Tr\u00e4umen einladen. Darunter befinden sich auch stimmungsvolle Urlaubslieder wie &#8222;Ich muss dringend nach Mallorca&#8220; und der gefeierte Siegertitel des Internationalen Schlagerwettbewerbs in Donzdorf, &#8222;Die Wilde und der Clown !&#8220; Die Texter: F\u00fcr die Texte hat&#8230;<\/p>\n","protected":false},"author":1,"featured_media":27455,"comment_status":"open","ping_status":"open","sticky":false,"template":"","format":"standard","meta":{"footnotes":""},"categories":[2],"tags":[817],"class_list":["post-27454","post","type-post","status-publish","format-standard","has-post-thumbnail","hentry","category-schlager","tag-raffael-koenig","wpcat-2-id"],"_links":{"self":[{"href":"https:\/\/bergers-schlagerparadies.de\/index.php?rest_route=\/wp\/v2\/posts\/27454","targetHints":{"allow":["GET"]}}],"collection":[{"href":"https:\/\/bergers-schlagerparadies.de\/index.php?rest_route=\/wp\/v2\/posts"}],"about":[{"href":"https:\/\/bergers-schlagerparadies.de\/index.php?rest_route=\/wp\/v2\/types\/post"}],"author":[{"embeddable":true,"href":"https:\/\/bergers-schlagerparadies.de\/index.php?rest_route=\/wp\/v2\/users\/1"}],"replies":[{"embeddable":true,"href":"https:\/\/bergers-schlagerparadies.de\/index.php?rest_route=%2Fwp%2Fv2%2Fcomments&post=27454"}],"version-history":[{"count":1,"href":"https:\/\/bergers-schlagerparadies.de\/index.php?rest_route=\/wp\/v2\/posts\/27454\/revisions"}],"predecessor-version":[{"id":27456,"href":"https:\/\/bergers-schlagerparadies.de\/index.php?rest_route=\/wp\/v2\/posts\/27454\/revisions\/27456"}],"wp:featuredmedia":[{"embeddable":true,"href":"https:\/\/bergers-schlagerparadies.de\/index.php?rest_route=\/wp\/v2\/media\/27455"}],"wp:attachment":[{"href":"https:\/\/bergers-schlagerparadies.de\/index.php?rest_route=%2Fwp%2Fv2%2Fmedia&parent=27454"}],"wp:term":[{"taxonomy":"category","embeddable":true,"href":"https:\/\/bergers-schlagerparadies.de\/index.php?rest_route=%2Fwp%2Fv2%2Fcategories&post=27454"},{"taxonomy":"post_tag","embeddable":true,"href":"https:\/\/bergers-schlagerparadies.de\/index.php?rest_route=%2Fwp%2Fv2%2Ftags&post=27454"}],"curies":[{"name":"wp","href":"https:\/\/api.w.org\/{rel}","templated":true}]}}