{"id":2738,"date":"2021-02-13T10:11:42","date_gmt":"2021-02-13T09:11:42","guid":{"rendered":"http:\/\/bergers-schlagerparadies.de\/?p=2738"},"modified":"2021-02-13T10:18:13","modified_gmt":"2021-02-13T09:18:13","slug":"ben-zucker-guten-morgen-welt-bergers-schlagerparadies","status":"publish","type":"post","link":"https:\/\/bergers-schlagerparadies.de\/?p=2738","title":{"rendered":"Ben Zucker &#8211; Guten Morgen Welt | Berger\u00b4s Schlagerparadies"},"content":{"rendered":"<div>\n<p><img loading=\"lazy\" decoding=\"async\" class=\"size-medium wp-image-2745 alignleft\" src=\"https:\/\/bergers-schlagerparadies.de\/wp-content\/uploads\/2021\/02\/81xnbfgZZzL._SS500_-300x300.jpg\" alt=\"\" width=\"300\" height=\"300\" srcset=\"https:\/\/bergers-schlagerparadies.de\/wp-content\/uploads\/2021\/02\/81xnbfgZZzL._SS500_-300x300.jpg 300w, https:\/\/bergers-schlagerparadies.de\/wp-content\/uploads\/2021\/02\/81xnbfgZZzL._SS500_-150x150.jpg 150w, https:\/\/bergers-schlagerparadies.de\/wp-content\/uploads\/2021\/02\/81xnbfgZZzL._SS500_-100x100.jpg 100w, https:\/\/bergers-schlagerparadies.de\/wp-content\/uploads\/2021\/02\/81xnbfgZZzL._SS500_.jpg 500w\" sizes=\"auto, (max-width: 300px) 100vw, 300px\" \/>Immer schon war Ben Zucker eine K\u00e4mpfernatur. Ein waschechter Lebensk\u00fcnstler, der sich auch von einem Schicksalsjahr wie 2020 nicht kleinkriegen l\u00e4sst. Ganz im Gegenteil! Die unfreiwillige Auszeit hat der Berliner genutzt, um hart an sich zu arbeiten, neue Songs zu schreiben und sich p\u00fcnktlich zum Jahresbeginn von seiner st\u00e4rksten, packendsten Seite zu pr\u00e4sentieren! &gt;&gt;<\/p>\n<p>Mit \u201eGuten Morgen Welt\u201c legt Ben Zucker nun den ersten Vorboten seines kommenden Albums \u201eJetzt erst recht!\u201c vor.<\/p>\n<p>Ben Zuckers Botschaft: Alle H\u00fcrden im Leben als Gelegenheit betrachten, um zu wachsen und sich mutig neuen Herausforderungen entgegenzustellen. Eine Philosophie, mit der sich der 37-j\u00e4hrige S\u00e4nger und Musiker in Rekordzeit zum beliebtesten und erfolgreichsten K\u00fcnstler Deutschlands entwickelt hat: Die Nummer 1 in den offiziellen Deutschen Albumcharts, mehr als 600.000 verkaufte Tontr\u00e4ger, \u00fcber 200 Millionen Streams seiner Hits und eine triumphale Sold-Out-Arena-Tour im Herbst 2019 durch ganz Deutschland sprechen f\u00fcr sich. Nun demonstriert Ben Zucker mit seinem n\u00e4chsten Album \u201eJetzt erst recht!\u201c, dass er noch lange nicht auf dem H\u00f6hepunkt seines Erfolges angekommen ist, sondern seinen steilen Aufstieg gerade erst begonnen hat!<\/p>\n<p>Mit \u201eGuten Morgen Welt\u201c schl\u00e4gt Ben Zucker nun das n\u00e4chste Kapitel in seiner aufregenden Geschichte auf: Ein hoffnungsvoll-mitrei\u00dfender Ohrwurm \u00fcber neue Anf\u00e4nge und davon, s\u00e4mtliche Probleme unerschrocken anzupacken und sein Gl\u00fcck mit eigenen H\u00e4nden zu schmieden. Verpackt in seinen einzigartigen Power-Mix aus modernem Pop-Schlager und Rock zementiert Ben Zucker seinen Ausnahmestatus als absoluter Megastar innerhalb der deutschsprachigen Musik, der auch seinen Fans Mut machen will. Mut, selbst in aussichtslosen Situationen niemals aufzugeben, sondern mit einer unersch\u00fctterlichen \u201eJetzt erst recht!\u201c-Einstellung f\u00fcr seine Tr\u00e4ume zu k\u00e4mpfen. Eine dringend n\u00f6tige, positive Message in einer schwierigen Zeit.<\/p>\n<p>Ben Zuckers neue Single \u201eGuten Morgen Welt\u201c erscheint am 12.02.2021; das Album \u201eJetzt erst recht!\u201c folgt im April 2021 und wird nicht nur als Standard-CD, sondern auch in der limitierten Zuckerdosen Edition und im exklusiven Ich find Schlager Toll! Regenjacken Merchbundle verf\u00fcgbar sein.<\/p>\n<p>Die urspr\u00fcnglich f\u00fcr Herbst 2020 geplanten Zusatztermine seiner gro\u00dfen Arena-Tournee wurden aufgrund der momentanen COVID19-Pandemie ins Fr\u00fchjahr 2022 verlegt und wegen der gro\u00dfen Nachfrage um 10 St\u00e4dte auf nun 22 Termine erweitert.<\/p>\n<p>Ben Zucker \u2013 Live 2021<\/p>\n<p>04.06.2021 Ulm, Kloster Wiblingen<br \/>\n18.06.2021 Dresden, Freilichtb\u00fchne Junge Garde<br \/>\n19.06.2021 Kamenz, Hutbergb\u00fchne<br \/>\n17.07.2021 Mering, Open Air am Badanger<br \/>\n18.07.2021 Gera, Veolia-B\u00fchne<br \/>\n23.07.2021 Trier, Amphitheater<br \/>\n24.07.2021 Aspach, WIRmachenDRUCK Arena<br \/>\n31.07.2021 Quedlinburg, Marktplatz<br \/>\n01.08.2021 Ebern-Eyrichshof, Schloss Eyrichshof<br \/>\n06.08.2021 Ostseebad Damp, K\u00fcstenschlager Open Air<br \/>\n07.08.2021 Ostseebad Heringsdorf, Freifl\u00e4che an der Seebr\u00fccke<br \/>\n13.08.2021 Bremerhaven, Sail Bremerhaven<br \/>\n20.08.2021 Meersburg, Schlossplatz<br \/>\n24.08.2021 Bochum, Zeltfestival Ruhr<br \/>\n27.08.2021 Hannover, Gilde Parkb\u00fchne<br \/>\n28.08.2021 Schwerin, Freilichtb\u00fchne<br \/>\n02.09.2021 Neubrandenburg, Open Air Fl\u00e4che am Jahnsportforum<br \/>\n03.09.2021 Berlin, Parkb\u00fchne Wuhlheide<\/p>\n<p>Ben Zucker \u2013 JETZT ERST RECHT! \u2013 Die Tournee 2022<\/p>\n<p>16.01.2022 Riesa, SACHSENarena<br \/>\n18.01.2022 Leipzig, QUARTERBACK Immobilien ARENA<br \/>\n19.01.2022 Hamburg, Barclaycard Arena<br \/>\n21.01.2022 Trier, Arena<br \/>\n22.01.2022 Stuttgart, Porsche Arena<br \/>\n23.01.2022 M\u00fcnchen, Olympiahalle<br \/>\n25.01.2022 N\u00fcrnberg, ARENA N\u00fcrnberger Versicherung<br \/>\n26.01.2022 Mannheim, SAP Arena<br \/>\n27.01.2022 K\u00f6ln, LANXESS Arena<br \/>\n29.01.2022 Bielefeld, Seidensticker Halle<br \/>\n30.01.2022 Braunschweig, Volkswagen Halle<br \/>\n01.02.2022 Oberhausen, K\u00f6nig-Pilsener-ARENA<br \/>\n02.02.2022 Magdeburg, GETEC-Arena<br \/>\n04.02.2022 Flensburg, FLENS-ARENA<br \/>\n05.02.2022 Rostock, Stadthalle<br \/>\n06.02.2022 Berlin, Mercedes-Benz Arena<br \/>\n08.02.2022 Zwickau, Stadthalle<br \/>\n09.02.2022 Erfurt, Messe<br \/>\n11.02.2022 Oldenburg, Gro\u00dfe EWE Arena<br \/>\n12.02.2022 Kiel, Wunderino Arena<br \/>\n13.02.2022 Schwerin, Sport- und Kongresshalle<br \/>\n18.02.2022 AT-Wien, Wiener Stadthalle \u2013 Halle F<\/p>\n<p>Quelle: <a href=\"http:\/\/www.radio-vhr.de\">www.radio-vhr.de<\/a><\/p>\n<div id=\"fb-root\"><\/div>\n<\/div>\n","protected":false},"excerpt":{"rendered":"<p>Immer schon war Ben Zucker eine K\u00e4mpfernatur. Ein waschechter Lebensk\u00fcnstler, der sich auch von einem Schicksalsjahr wie 2020 nicht kleinkriegen l\u00e4sst. Ganz im Gegenteil! Die unfreiwillige Auszeit hat der Berliner genutzt, um hart an sich zu arbeiten, neue Songs zu schreiben und sich p\u00fcnktlich zum Jahresbeginn von seiner st\u00e4rksten, packendsten Seite zu pr\u00e4sentieren! &gt;&gt; Mit \u201eGuten Morgen Welt\u201c legt Ben Zucker nun den ersten Vorboten seines kommenden Albums \u201eJetzt erst recht!\u201c vor. Ben Zuckers Botschaft: Alle H\u00fcrden im Leben als Gelegenheit betrachten, um zu wachsen und sich mutig neuen Herausforderungen entgegenzustellen. Eine Philosophie, mit der sich der 37-j\u00e4hrige S\u00e4nger und Musiker in Rekordzeit zum beliebtesten&#8230;<\/p>\n","protected":false},"author":1,"featured_media":2745,"comment_status":"open","ping_status":"open","sticky":false,"template":"","format":"standard","meta":{"footnotes":""},"categories":[2],"tags":[],"class_list":["post-2738","post","type-post","status-publish","format-standard","has-post-thumbnail","hentry","category-schlager","wpcat-2-id"],"_links":{"self":[{"href":"https:\/\/bergers-schlagerparadies.de\/index.php?rest_route=\/wp\/v2\/posts\/2738","targetHints":{"allow":["GET"]}}],"collection":[{"href":"https:\/\/bergers-schlagerparadies.de\/index.php?rest_route=\/wp\/v2\/posts"}],"about":[{"href":"https:\/\/bergers-schlagerparadies.de\/index.php?rest_route=\/wp\/v2\/types\/post"}],"author":[{"embeddable":true,"href":"https:\/\/bergers-schlagerparadies.de\/index.php?rest_route=\/wp\/v2\/users\/1"}],"replies":[{"embeddable":true,"href":"https:\/\/bergers-schlagerparadies.de\/index.php?rest_route=%2Fwp%2Fv2%2Fcomments&post=2738"}],"version-history":[{"count":4,"href":"https:\/\/bergers-schlagerparadies.de\/index.php?rest_route=\/wp\/v2\/posts\/2738\/revisions"}],"predecessor-version":[{"id":2747,"href":"https:\/\/bergers-schlagerparadies.de\/index.php?rest_route=\/wp\/v2\/posts\/2738\/revisions\/2747"}],"wp:featuredmedia":[{"embeddable":true,"href":"https:\/\/bergers-schlagerparadies.de\/index.php?rest_route=\/wp\/v2\/media\/2745"}],"wp:attachment":[{"href":"https:\/\/bergers-schlagerparadies.de\/index.php?rest_route=%2Fwp%2Fv2%2Fmedia&parent=2738"}],"wp:term":[{"taxonomy":"category","embeddable":true,"href":"https:\/\/bergers-schlagerparadies.de\/index.php?rest_route=%2Fwp%2Fv2%2Fcategories&post=2738"},{"taxonomy":"post_tag","embeddable":true,"href":"https:\/\/bergers-schlagerparadies.de\/index.php?rest_route=%2Fwp%2Fv2%2Ftags&post=2738"}],"curies":[{"name":"wp","href":"https:\/\/api.w.org\/{rel}","templated":true}]}}