{"id":27334,"date":"2024-07-21T10:30:09","date_gmt":"2024-07-21T08:30:09","guid":{"rendered":"https:\/\/bergers-schlagerparadies.de\/?p=27334"},"modified":"2024-07-22T22:00:48","modified_gmt":"2024-07-22T20:00:48","slug":"sanna-bandt-jetzt-stehn-wir-hier-%c2%b7-bergers-schlagerparadies","status":"publish","type":"post","link":"https:\/\/bergers-schlagerparadies.de\/?p=27334","title":{"rendered":"Sanna Bandt &#8211; Jetzt steh\u00b4n wir hier \u00b7 Berger\u00b4s Schlagerparadies"},"content":{"rendered":"<p><span style=\"color: #800000;\"><strong><img loading=\"lazy\" decoding=\"async\" class=\"size-medium wp-image-27335 alignleft\" src=\"https:\/\/bergers-schlagerparadies.de\/wp-content\/uploads\/2024\/07\/Sanna-Bandt-Jetzt-steh\u00b4n-wir-hier-300x300.jpeg\" alt=\"\" width=\"300\" height=\"300\" srcset=\"https:\/\/bergers-schlagerparadies.de\/wp-content\/uploads\/2024\/07\/Sanna-Bandt-Jetzt-steh\u00b4n-wir-hier-300x300.jpeg 300w, https:\/\/bergers-schlagerparadies.de\/wp-content\/uploads\/2024\/07\/Sanna-Bandt-Jetzt-steh\u00b4n-wir-hier-1024x1024.jpeg 1024w, https:\/\/bergers-schlagerparadies.de\/wp-content\/uploads\/2024\/07\/Sanna-Bandt-Jetzt-steh\u00b4n-wir-hier-150x150.jpeg 150w, https:\/\/bergers-schlagerparadies.de\/wp-content\/uploads\/2024\/07\/Sanna-Bandt-Jetzt-steh\u00b4n-wir-hier-768x768.jpeg 768w, https:\/\/bergers-schlagerparadies.de\/wp-content\/uploads\/2024\/07\/Sanna-Bandt-Jetzt-steh\u00b4n-wir-hier-1536x1536.jpeg 1536w, https:\/\/bergers-schlagerparadies.de\/wp-content\/uploads\/2024\/07\/Sanna-Bandt-Jetzt-steh\u00b4n-wir-hier-2048x2048.jpeg 2048w, https:\/\/bergers-schlagerparadies.de\/wp-content\/uploads\/2024\/07\/Sanna-Bandt-Jetzt-steh\u00b4n-wir-hier-1200x1200.jpeg 1200w, https:\/\/bergers-schlagerparadies.de\/wp-content\/uploads\/2024\/07\/Sanna-Bandt-Jetzt-steh\u00b4n-wir-hier-1188x1188.jpeg 1188w, https:\/\/bergers-schlagerparadies.de\/wp-content\/uploads\/2024\/07\/Sanna-Bandt-Jetzt-steh\u00b4n-wir-hier-100x100.jpeg 100w\" sizes=\"auto, (max-width: 300px) 100vw, 300px\" \/><\/strong><\/span><\/p>\n<p>Mit gro\u00dfer Freude k\u00fcndigt Sanna Brandt die Ver\u00f6ffentlichung Ihrer dritten Single \u201eJetzt steh\u00b4n wir hier\u201c, an.<\/p>\n<p>\u201eJetzt steh\u00b4n wir hier\u201c ist ein cooler Mix aus einer eing\u00e4ngigen Melodie und einem schwungvollem Fox-Rhythmus, der das verliebte Lebensgef\u00fchl vieler Generationen einf\u00e4ngt.<br \/>\nAuthentisch und au\u00dfergew\u00f6hnlich begeistert Sanna mit Ihrer Art und bringt Schwung in die deutsche Schlagerwelt.<\/p>\n<p>Produziert von einem tollen Team bestehend aus dem Produzenten Christian Zikeli C-Base, der bereits mit zahlreichen bekannten K\u00fcnstlern zusammengearbeitet hat und dem Texterduo Michael Corda und Caro Herz, gelingt \u201eJetzt steh\u00b4n wir hier\u201c eine moderne Produktion, die traditionelle Schlager- Elemente mit zeitgem\u00e4\u00dfem Sound vereint. Der Song erz\u00e4hlt die Geschichte von Verliebtheit, Gl\u00fcck, Verf\u00fchrung und Liebe bis hin zur Trauung.<br \/>\nEin starkes Statement zur Liebe, Zuneigung und Verbundenheit.<\/p>\n<p>Fans und Freunde des Schlagers sind herzlich eingeladen, Teil dieses musikalischen Abenteuers zu werden.<br \/>\nF\u00fcr weitere Informationen zu Sanna Brandt, inkl. Tourdaten, Tickets und Live- bzw. TV- Auftritte, besuchen Sie bitte die Webseite oder folgen Sie Sanna Brandt auf Ihren sozialen Medien.<\/p>\n<p><span style=\"color: #800000;\"><strong>Quelle: Fiesta Records<\/strong><\/span><\/p>\n<p><span style=\"color: #800000;\"><strong>Dieser Song ist ab dem 26.07.2024 auf allen Download- und Streaming-Portalen erh\u00e4ltlich.<\/strong><\/span><\/p>\n<p><span style=\"color: #800000;\"><strong>Airdate (f\u00fcr Radiosender) 22.07.2024<\/strong><\/span><\/p>\n","protected":false},"excerpt":{"rendered":"<p>Mit gro\u00dfer Freude k\u00fcndigt Sanna Brandt die Ver\u00f6ffentlichung Ihrer dritten Single \u201eJetzt steh\u00b4n wir hier\u201c, an. \u201eJetzt steh\u00b4n wir hier\u201c ist ein cooler Mix aus einer eing\u00e4ngigen Melodie und einem schwungvollem Fox-Rhythmus, der das verliebte Lebensgef\u00fchl vieler Generationen einf\u00e4ngt. Authentisch und au\u00dfergew\u00f6hnlich begeistert Sanna mit Ihrer Art und bringt Schwung in die deutsche Schlagerwelt. Produziert von einem tollen Team bestehend aus dem Produzenten Christian Zikeli C-Base, der bereits mit zahlreichen bekannten K\u00fcnstlern zusammengearbeitet hat und dem Texterduo Michael Corda und Caro Herz, gelingt \u201eJetzt steh\u00b4n wir hier\u201c eine moderne Produktion, die traditionelle Schlager- Elemente mit zeitgem\u00e4\u00dfem Sound vereint. Der Song erz\u00e4hlt die Geschichte von Verliebtheit,&#8230;<\/p>\n","protected":false},"author":1,"featured_media":27335,"comment_status":"open","ping_status":"open","sticky":false,"template":"","format":"standard","meta":{"footnotes":""},"categories":[2],"tags":[2849],"class_list":["post-27334","post","type-post","status-publish","format-standard","has-post-thumbnail","hentry","category-schlager","tag-sanna-bandt","wpcat-2-id"],"_links":{"self":[{"href":"https:\/\/bergers-schlagerparadies.de\/index.php?rest_route=\/wp\/v2\/posts\/27334","targetHints":{"allow":["GET"]}}],"collection":[{"href":"https:\/\/bergers-schlagerparadies.de\/index.php?rest_route=\/wp\/v2\/posts"}],"about":[{"href":"https:\/\/bergers-schlagerparadies.de\/index.php?rest_route=\/wp\/v2\/types\/post"}],"author":[{"embeddable":true,"href":"https:\/\/bergers-schlagerparadies.de\/index.php?rest_route=\/wp\/v2\/users\/1"}],"replies":[{"embeddable":true,"href":"https:\/\/bergers-schlagerparadies.de\/index.php?rest_route=%2Fwp%2Fv2%2Fcomments&post=27334"}],"version-history":[{"count":2,"href":"https:\/\/bergers-schlagerparadies.de\/index.php?rest_route=\/wp\/v2\/posts\/27334\/revisions"}],"predecessor-version":[{"id":27401,"href":"https:\/\/bergers-schlagerparadies.de\/index.php?rest_route=\/wp\/v2\/posts\/27334\/revisions\/27401"}],"wp:featuredmedia":[{"embeddable":true,"href":"https:\/\/bergers-schlagerparadies.de\/index.php?rest_route=\/wp\/v2\/media\/27335"}],"wp:attachment":[{"href":"https:\/\/bergers-schlagerparadies.de\/index.php?rest_route=%2Fwp%2Fv2%2Fmedia&parent=27334"}],"wp:term":[{"taxonomy":"category","embeddable":true,"href":"https:\/\/bergers-schlagerparadies.de\/index.php?rest_route=%2Fwp%2Fv2%2Fcategories&post=27334"},{"taxonomy":"post_tag","embeddable":true,"href":"https:\/\/bergers-schlagerparadies.de\/index.php?rest_route=%2Fwp%2Fv2%2Ftags&post=27334"}],"curies":[{"name":"wp","href":"https:\/\/api.w.org\/{rel}","templated":true}]}}