{"id":27328,"date":"2024-07-21T10:30:47","date_gmt":"2024-07-21T08:30:47","guid":{"rendered":"https:\/\/bergers-schlagerparadies.de\/?p=27328"},"modified":"2024-07-19T10:11:57","modified_gmt":"2024-07-19T08:11:57","slug":"nina-la-vida-brandie-blue-hitmix-%c2%b7-bergers-schlagerparadies","status":"publish","type":"post","link":"https:\/\/bergers-schlagerparadies.de\/?p=27328","title":{"rendered":"Nina la Vida &#8211; Brandie Blue Hitmix \u00b7 Berger\u00b4s Schlagerparadies"},"content":{"rendered":"<p><img loading=\"lazy\" decoding=\"async\" class=\"size-medium wp-image-27329 alignleft\" src=\"https:\/\/bergers-schlagerparadies.de\/wp-content\/uploads\/2024\/07\/Nina-la-Vida-Brandie-Blue-Hitmix-300x300.jpeg\" alt=\"\" width=\"300\" height=\"300\" srcset=\"https:\/\/bergers-schlagerparadies.de\/wp-content\/uploads\/2024\/07\/Nina-la-Vida-Brandie-Blue-Hitmix-300x300.jpeg 300w, https:\/\/bergers-schlagerparadies.de\/wp-content\/uploads\/2024\/07\/Nina-la-Vida-Brandie-Blue-Hitmix-1024x1024.jpeg 1024w, https:\/\/bergers-schlagerparadies.de\/wp-content\/uploads\/2024\/07\/Nina-la-Vida-Brandie-Blue-Hitmix-150x150.jpeg 150w, https:\/\/bergers-schlagerparadies.de\/wp-content\/uploads\/2024\/07\/Nina-la-Vida-Brandie-Blue-Hitmix-768x768.jpeg 768w, https:\/\/bergers-schlagerparadies.de\/wp-content\/uploads\/2024\/07\/Nina-la-Vida-Brandie-Blue-Hitmix-1536x1536.jpeg 1536w, https:\/\/bergers-schlagerparadies.de\/wp-content\/uploads\/2024\/07\/Nina-la-Vida-Brandie-Blue-Hitmix-2048x2048.jpeg 2048w, https:\/\/bergers-schlagerparadies.de\/wp-content\/uploads\/2024\/07\/Nina-la-Vida-Brandie-Blue-Hitmix-1200x1200.jpeg 1200w, https:\/\/bergers-schlagerparadies.de\/wp-content\/uploads\/2024\/07\/Nina-la-Vida-Brandie-Blue-Hitmix-1188x1188.jpeg 1188w, https:\/\/bergers-schlagerparadies.de\/wp-content\/uploads\/2024\/07\/Nina-la-Vida-Brandie-Blue-Hitmix-100x100.jpeg 100w\" sizes=\"auto, (max-width: 300px) 100vw, 300px\" \/>Der Titel \u201eWas soll das denn werden\u201c zeigt Nina la Vidas lebensfrohe und<br \/>\nspanisch angehauchte Lebensart. Passend dazu wurde auf Mallorca gedreht.<\/p>\n<p>Gemeinsam mit Jelfi Records \/ Jelfi Media (Jenny van Bree und Wolfgang<br \/>\nNadrag) realisieren die vier Musiker auch mit Star-Songwriter Erwin Brand<br \/>\n(Flippers) gro\u00dfartige Projekte.<\/p>\n<p>Die Highlights der bisherigen Zusammenarbeit sind in einem tanzbaren und<br \/>\ntotal antreibenden Hitmix zusammengefasst. Der \u201eBrandie Blue Hitmix\u201c<br \/>\nzeigt sich tropisch, frech und fr\u00f6hlich und ist nat\u00fcrlich f\u00fcr foxige Tanzbeine<br \/>\nwie geschaffen.<\/p>\n<p>\u201eDer Wind von Maspalomas\u201c<\/p>\n<p>Der norddeutsche Wirbelwind prescht \u00fcber die B\u00fchnen Europas. Nat\u00fcrlich<br \/>\ndarf da ihre Wahlheimat Gran Canaria nicht fehlen! Dieser zu Ehren entstand<br \/>\nder Song \u201eDer Wind von Maspalomas\u201c mit Palmen, Strand und Meer.<\/p>\n<p>\u201eMi Cari\u00f1o\u201c<\/p>\n<p>Sehns\u00fcchtige Geschichten \u00fcber die Liebe, die \u00fcber alle Weltmeere geht. \u201eMi<br \/>\nCari\u00f1o\u201c entstand damals in ihrem Heimathafen Hamburg.<\/p>\n<p>\u201eDornr\u00f6schen\u201c<\/p>\n<p>Die Lebensfrohe Nina kann auf gro\u00dfartige Auftritte im TV und auf der B\u00fchne<br \/>\n(Schweriner Winzerfest vor 5000 Zuschauern) zur\u00fcckblicken. \u201eDornr\u00f6schen\u201c<br \/>\nwar die erste gemeinsame Zusammenarbeit mit Erwin Brand.<\/p>\n<p>\u201eFr\u00fchling am Lago di Garda\u201c<\/p>\n<p>F\u00fcr die Realisierung vom \u201eFr\u00fchling am Lago di Garda\u201c gab es wieder einen<br \/>\nder beliebten Jelfi Media Betriebsausfl\u00fcge nach Italien. Diesmal in die<\/p>\n<p>\u201eRomeo und Julia\u201c<\/p>\n<p>Stadt Verona und nat\u00fcrlich zum Lago di Garda. Die Songs<br \/>\nvon Nina la Vida und Erwin Brand sind immer eine musikalische Reise wert.<\/p>\n<p>Sympathisch, fr\u00f6hlich, frech &#8211; Nina la Vida!<\/p>\n<p>&nbsp;<\/p>\n<p><span style=\"color: #800000;\"><strong>Quelle: Fiesta Records<\/strong><\/span><\/p>\n<p><span style=\"color: #800000;\"><strong>Dieser Song ist ab dem 26.07.2024 auf allen Download- und Streaming-Portalen erh\u00e4ltlich.<\/strong><\/span><\/p>\n<p><span style=\"color: #800000;\"><strong>Airdate (f\u00fcr Radiosender) 19.07.2024<\/strong><\/span><\/p>\n","protected":false},"excerpt":{"rendered":"<p>Der Titel \u201eWas soll das denn werden\u201c zeigt Nina la Vidas lebensfrohe und spanisch angehauchte Lebensart. Passend dazu wurde auf Mallorca gedreht. Gemeinsam mit Jelfi Records \/ Jelfi Media (Jenny van Bree und Wolfgang Nadrag) realisieren die vier Musiker auch mit Star-Songwriter Erwin Brand (Flippers) gro\u00dfartige Projekte. Die Highlights der bisherigen Zusammenarbeit sind in einem tanzbaren und total antreibenden Hitmix zusammengefasst. Der \u201eBrandie Blue Hitmix\u201c zeigt sich tropisch, frech und fr\u00f6hlich und ist nat\u00fcrlich f\u00fcr foxige Tanzbeine wie geschaffen. \u201eDer Wind von Maspalomas\u201c Der norddeutsche Wirbelwind prescht \u00fcber die B\u00fchnen Europas. Nat\u00fcrlich darf da ihre Wahlheimat Gran Canaria nicht fehlen! Dieser zu Ehren entstand der&#8230;<\/p>\n","protected":false},"author":1,"featured_media":27329,"comment_status":"open","ping_status":"open","sticky":false,"template":"","format":"standard","meta":{"footnotes":""},"categories":[2],"tags":[115],"class_list":["post-27328","post","type-post","status-publish","format-standard","has-post-thumbnail","hentry","category-schlager","tag-nina-la-vida","wpcat-2-id"],"_links":{"self":[{"href":"https:\/\/bergers-schlagerparadies.de\/index.php?rest_route=\/wp\/v2\/posts\/27328","targetHints":{"allow":["GET"]}}],"collection":[{"href":"https:\/\/bergers-schlagerparadies.de\/index.php?rest_route=\/wp\/v2\/posts"}],"about":[{"href":"https:\/\/bergers-schlagerparadies.de\/index.php?rest_route=\/wp\/v2\/types\/post"}],"author":[{"embeddable":true,"href":"https:\/\/bergers-schlagerparadies.de\/index.php?rest_route=\/wp\/v2\/users\/1"}],"replies":[{"embeddable":true,"href":"https:\/\/bergers-schlagerparadies.de\/index.php?rest_route=%2Fwp%2Fv2%2Fcomments&post=27328"}],"version-history":[{"count":1,"href":"https:\/\/bergers-schlagerparadies.de\/index.php?rest_route=\/wp\/v2\/posts\/27328\/revisions"}],"predecessor-version":[{"id":27330,"href":"https:\/\/bergers-schlagerparadies.de\/index.php?rest_route=\/wp\/v2\/posts\/27328\/revisions\/27330"}],"wp:featuredmedia":[{"embeddable":true,"href":"https:\/\/bergers-schlagerparadies.de\/index.php?rest_route=\/wp\/v2\/media\/27329"}],"wp:attachment":[{"href":"https:\/\/bergers-schlagerparadies.de\/index.php?rest_route=%2Fwp%2Fv2%2Fmedia&parent=27328"}],"wp:term":[{"taxonomy":"category","embeddable":true,"href":"https:\/\/bergers-schlagerparadies.de\/index.php?rest_route=%2Fwp%2Fv2%2Fcategories&post=27328"},{"taxonomy":"post_tag","embeddable":true,"href":"https:\/\/bergers-schlagerparadies.de\/index.php?rest_route=%2Fwp%2Fv2%2Ftags&post=27328"}],"curies":[{"name":"wp","href":"https:\/\/api.w.org\/{rel}","templated":true}]}}