{"id":27310,"date":"2024-07-21T10:30:49","date_gmt":"2024-07-21T08:30:49","guid":{"rendered":"https:\/\/bergers-schlagerparadies.de\/?p=27310"},"modified":"2024-07-23T22:11:34","modified_gmt":"2024-07-23T20:11:34","slug":"dina-del-sol-sommerkind-%c2%b7-bergers-schlagerparadies","status":"publish","type":"post","link":"https:\/\/bergers-schlagerparadies.de\/?p=27310","title":{"rendered":"Dina del Sol &#8211; Sommerkind \u00b7 Berger\u00b4s Schlagerparadies"},"content":{"rendered":"<p><span style=\"color: #800000;\"><strong><img loading=\"lazy\" decoding=\"async\" class=\"size-medium wp-image-27311 alignleft\" src=\"https:\/\/bergers-schlagerparadies.de\/wp-content\/uploads\/2024\/07\/Dina-del-Sol-Sommerkind-300x300.jpeg\" alt=\"\" width=\"300\" height=\"300\" srcset=\"https:\/\/bergers-schlagerparadies.de\/wp-content\/uploads\/2024\/07\/Dina-del-Sol-Sommerkind-300x300.jpeg 300w, https:\/\/bergers-schlagerparadies.de\/wp-content\/uploads\/2024\/07\/Dina-del-Sol-Sommerkind-1024x1024.jpeg 1024w, https:\/\/bergers-schlagerparadies.de\/wp-content\/uploads\/2024\/07\/Dina-del-Sol-Sommerkind-150x150.jpeg 150w, https:\/\/bergers-schlagerparadies.de\/wp-content\/uploads\/2024\/07\/Dina-del-Sol-Sommerkind-768x768.jpeg 768w, https:\/\/bergers-schlagerparadies.de\/wp-content\/uploads\/2024\/07\/Dina-del-Sol-Sommerkind-1536x1536.jpeg 1536w, https:\/\/bergers-schlagerparadies.de\/wp-content\/uploads\/2024\/07\/Dina-del-Sol-Sommerkind-2048x2048.jpeg 2048w, https:\/\/bergers-schlagerparadies.de\/wp-content\/uploads\/2024\/07\/Dina-del-Sol-Sommerkind-1200x1200.jpeg 1200w, https:\/\/bergers-schlagerparadies.de\/wp-content\/uploads\/2024\/07\/Dina-del-Sol-Sommerkind-1188x1188.jpeg 1188w, https:\/\/bergers-schlagerparadies.de\/wp-content\/uploads\/2024\/07\/Dina-del-Sol-Sommerkind-100x100.jpeg 100w\" sizes=\"auto, (max-width: 300px) 100vw, 300px\" \/><\/strong><\/span><\/p>\n<p>Der Sommer ist endlich da und passend dazu gibt es Dinas 2. Single \u201cSommerkind\u201d f\u00fcr alle, die sich von ihrer guten Laune anstecken lassen wollen. Dina ist das geborene \u201cSommerkind\u201d und verk\u00f6rpert mit ihrer positiven Lebensenergie all das, was zum Sommer dazu geh\u00f6rt: warme Sonnenstrahlen, das pure Lebensgef\u00fchl von Leichtigkeit, und die lauen Sommern\u00e4chte mit Freunden!<\/p>\n<p>Dina kann es jedes Jahr aufs Neue kaum erwarten, dass der Sommer endlich beginnt und sie hat wieder einmal ihre ganz pers\u00f6nliche Geschichte in ihren Song verpackt. Auch in ihrem 2. Video hat sie tatkr\u00e4ftige Unterst\u00fctzung von ihren Freundinnen erhalten, die Dina seit \u00fcber 20 Jahren zur Seite stehen und sie in allen Projekten unterst\u00fctzen.<\/p>\n<p>Lasst euch von Dinas Sommergef\u00fchlen mitrei\u00dfen und schwingt das Discofox-Tanzbein zu dem Song \u201cSommerkind\u201d, den ihr so schnell nicht mehr aus euren Ohren bekommt.<\/p>\n<p>\u201cSommerkind\u201d wurde, wie auch schon ihr erster Deb\u00fct-Song \u201cMein Herz schl\u00e4gt spanisch\u201d, von dem Produzenten Stefan Vogt im Studio 39 produziert.<\/p>\n<p><span style=\"color: #800000;\"><strong>Quelle: Fiesta Records<\/strong><\/span><\/p>\n<p><span style=\"color: #800000;\"><strong>Dieser Song ist ab dem 26.07.2024 auf allen Download- und Streaming-Portalen erh\u00e4ltlich.<\/strong><\/span><\/p>\n<p><span style=\"color: #800000;\"><strong>Airdate (f\u00fcr Radiosender) 26.07.2024<\/strong><\/span><\/p>\n","protected":false},"excerpt":{"rendered":"<p>Der Sommer ist endlich da und passend dazu gibt es Dinas 2. Single \u201cSommerkind\u201d f\u00fcr alle, die sich von ihrer guten Laune anstecken lassen wollen. Dina ist das geborene \u201cSommerkind\u201d und verk\u00f6rpert mit ihrer positiven Lebensenergie all das, was zum Sommer dazu geh\u00f6rt: warme Sonnenstrahlen, das pure Lebensgef\u00fchl von Leichtigkeit, und die lauen Sommern\u00e4chte mit Freunden! Dina kann es jedes Jahr aufs Neue kaum erwarten, dass der Sommer endlich beginnt und sie hat wieder einmal ihre ganz pers\u00f6nliche Geschichte in ihren Song verpackt. Auch in ihrem 2. Video hat sie tatkr\u00e4ftige Unterst\u00fctzung von ihren Freundinnen erhalten, die Dina seit \u00fcber 20 Jahren zur Seite stehen&#8230;<\/p>\n","protected":false},"author":1,"featured_media":27311,"comment_status":"open","ping_status":"open","sticky":false,"template":"","format":"standard","meta":{"footnotes":""},"categories":[2],"tags":[2598],"class_list":["post-27310","post","type-post","status-publish","format-standard","has-post-thumbnail","hentry","category-schlager","tag-dina-del-sol","wpcat-2-id"],"_links":{"self":[{"href":"https:\/\/bergers-schlagerparadies.de\/index.php?rest_route=\/wp\/v2\/posts\/27310","targetHints":{"allow":["GET"]}}],"collection":[{"href":"https:\/\/bergers-schlagerparadies.de\/index.php?rest_route=\/wp\/v2\/posts"}],"about":[{"href":"https:\/\/bergers-schlagerparadies.de\/index.php?rest_route=\/wp\/v2\/types\/post"}],"author":[{"embeddable":true,"href":"https:\/\/bergers-schlagerparadies.de\/index.php?rest_route=\/wp\/v2\/users\/1"}],"replies":[{"embeddable":true,"href":"https:\/\/bergers-schlagerparadies.de\/index.php?rest_route=%2Fwp%2Fv2%2Fcomments&post=27310"}],"version-history":[{"count":4,"href":"https:\/\/bergers-schlagerparadies.de\/index.php?rest_route=\/wp\/v2\/posts\/27310\/revisions"}],"predecessor-version":[{"id":27417,"href":"https:\/\/bergers-schlagerparadies.de\/index.php?rest_route=\/wp\/v2\/posts\/27310\/revisions\/27417"}],"wp:featuredmedia":[{"embeddable":true,"href":"https:\/\/bergers-schlagerparadies.de\/index.php?rest_route=\/wp\/v2\/media\/27311"}],"wp:attachment":[{"href":"https:\/\/bergers-schlagerparadies.de\/index.php?rest_route=%2Fwp%2Fv2%2Fmedia&parent=27310"}],"wp:term":[{"taxonomy":"category","embeddable":true,"href":"https:\/\/bergers-schlagerparadies.de\/index.php?rest_route=%2Fwp%2Fv2%2Fcategories&post=27310"},{"taxonomy":"post_tag","embeddable":true,"href":"https:\/\/bergers-schlagerparadies.de\/index.php?rest_route=%2Fwp%2Fv2%2Ftags&post=27310"}],"curies":[{"name":"wp","href":"https:\/\/api.w.org\/{rel}","templated":true}]}}