{"id":27083,"date":"2024-07-07T10:30:15","date_gmt":"2024-07-07T08:30:15","guid":{"rendered":"https:\/\/bergers-schlagerparadies.de\/?p=27083"},"modified":"2024-07-07T15:01:38","modified_gmt":"2024-07-07T13:01:38","slug":"august-van-engelen-jij-bent-helemaal-het-einde-%c2%b7-bergers-schlagerparadies","status":"publish","type":"post","link":"https:\/\/bergers-schlagerparadies.de\/?p=27083","title":{"rendered":"August van Engelen &#8211; Jij Bent Helemaal Het Einde \u00b7 Berger\u00b4s Schlagerparadies"},"content":{"rendered":"<div dir=\"auto\"><img loading=\"lazy\" decoding=\"async\" class=\"size-medium wp-image-27084 alignleft\" src=\"https:\/\/bergers-schlagerparadies.de\/wp-content\/uploads\/2024\/07\/August-van-Engelen-Jij-Bent-Helemaal-Het-Einde-300x300.jpg\" alt=\"\" width=\"300\" height=\"300\" srcset=\"https:\/\/bergers-schlagerparadies.de\/wp-content\/uploads\/2024\/07\/August-van-Engelen-Jij-Bent-Helemaal-Het-Einde-300x300.jpg 300w, https:\/\/bergers-schlagerparadies.de\/wp-content\/uploads\/2024\/07\/August-van-Engelen-Jij-Bent-Helemaal-Het-Einde-1024x1024.jpg 1024w, https:\/\/bergers-schlagerparadies.de\/wp-content\/uploads\/2024\/07\/August-van-Engelen-Jij-Bent-Helemaal-Het-Einde-150x150.jpg 150w, https:\/\/bergers-schlagerparadies.de\/wp-content\/uploads\/2024\/07\/August-van-Engelen-Jij-Bent-Helemaal-Het-Einde-768x768.jpg 768w, https:\/\/bergers-schlagerparadies.de\/wp-content\/uploads\/2024\/07\/August-van-Engelen-Jij-Bent-Helemaal-Het-Einde-1200x1200.jpg 1200w, https:\/\/bergers-schlagerparadies.de\/wp-content\/uploads\/2024\/07\/August-van-Engelen-Jij-Bent-Helemaal-Het-Einde-1188x1188.jpg 1188w, https:\/\/bergers-schlagerparadies.de\/wp-content\/uploads\/2024\/07\/August-van-Engelen-Jij-Bent-Helemaal-Het-Einde-100x100.jpg 100w, https:\/\/bergers-schlagerparadies.de\/wp-content\/uploads\/2024\/07\/August-van-Engelen-Jij-Bent-Helemaal-Het-Einde.jpg 1500w\" sizes=\"auto, (max-width: 300px) 100vw, 300px\" \/>August van Engelen geht den Sommertanzen &#8222;Du bist komplett das Ende&#8220; August van Engelen kehrt mit seiner neuen Single &#8218;Jij bent zur\u00fcck das Ende bis zum Plattenlabel seines Cousins,<\/div>\n<div dir=\"auto\">Die \u00c4ra der Musik. Der von Arjan Venemann und Geert Leurink Schrifttext passt perfekt zum fr\u00f6hlichen sommerlichen Arrangement produziert von Arjan Venemann. Es war f\u00fcr August das allererste Mal, dass er f\u00fcr Arjan ist in seinem Studio und es ist schon sicher, dass dies eine Fortsetzung ist wird es bekommen. Weil Venemann neben einem Produzenten auch S\u00e4nger ist<\/div>\n<div dir=\"auto\">August hat viele seiner Tipps bekommen. August hat nachgegeben Einf\u00fchrung in die Tatsache, dass er ein tanzbares Lied mag wollte haben und das Endergebnis ist atemberaubend.<\/div>\n<div dir=\"auto\">August: &#8218;Eigentlich muss ich Jaman \u00f6fter h\u00f6ren. Er hat so viel Erfahrung damit gesammelt<\/div>\n<div dir=\"auto\">seine musikalische Karriere und hat es jetzt geschafft mich zu \u00fcberzeugen mit Arjan Venemann in See zu gehen zu gehen. Ich habe mich auch entschieden, zum Plattenlabel zu wechseln. F\u00fchlt sich an wie das Wetter Ich vertraue darauf, es in der Familie zu behalten. &#8222;Du bist komplett das Ende&#8220; ist ein kompletter Neues Lied, das musikalisch umrahmt wird von wunderbar klingenden Instrumenten. Vom ersten Toon durchdringt schon Urlaubsfeeling und man geht einfach spontan tanzen. Das war auch genau die Absicht dieser Single. Ich kann mir nicht vorstellen, dass die Zuschauer schweigen k\u00f6nnen. Steh auf, wenn ich dieses Lied h\u00f6re. Ich freue mich jedenfalls sehr dar\u00fcber. \u201e Du bist komplett das Ende&#8220; erscheint am 5. Juli 2024 auf Jaman Music und wird ab diesem Moment sein Streaming auf den bekannten Portalen. Die Bilder des Clips sind von Gebbink Media Aufgenommen im Beachclub Meddo in Winterswijk u.a. ein sch\u00f6ner Club an Extras. Qua Buchungen im August hat nichts zu meckern. Jedes Wochenende hat er irgendwo auf dem Land Spa\u00df die \u00d6ffentlichkeit. Er hat sich schon einen anst\u00e4ndigen Ruf aufgebaut und wei\u00df nichts andere unterhalten die \u00d6ffentlichkeit.<\/div>\n<div dir=\"auto\">\n<p><span style=\"color: #800000;\"><strong>Quelle: Jaman music<\/strong><\/span><\/p>\n<p><span style=\"color: #800000;\"><strong>Dieser Song ist ab dem 05.07.2024 auf allen Download- und Streaming-Portalen erh\u00e4ltlich.<\/strong><\/span><\/p>\n<p><span style=\"color: #800000;\"><strong>Airdate (f\u00fcr Radiosender): 05.07.2024<\/strong><\/span><\/p>\n<\/div>\n<div dir=\"auto\"><\/div>\n","protected":false},"excerpt":{"rendered":"<p>August van Engelen geht den Sommertanzen &#8222;Du bist komplett das Ende&#8220; August van Engelen kehrt mit seiner neuen Single &#8218;Jij bent zur\u00fcck das Ende bis zum Plattenlabel seines Cousins, Die \u00c4ra der Musik. Der von Arjan Venemann und Geert Leurink Schrifttext passt perfekt zum fr\u00f6hlichen sommerlichen Arrangement produziert von Arjan Venemann. Es war f\u00fcr August das allererste Mal, dass er f\u00fcr Arjan ist in seinem Studio und es ist schon sicher, dass dies eine Fortsetzung ist wird es bekommen. Weil Venemann neben einem Produzenten auch S\u00e4nger ist August hat viele seiner Tipps bekommen. August hat nachgegeben Einf\u00fchrung in die Tatsache, dass er ein tanzbares Lied&#8230;<\/p>\n","protected":false},"author":1,"featured_media":27084,"comment_status":"open","ping_status":"open","sticky":false,"template":"","format":"standard","meta":{"footnotes":""},"categories":[2],"tags":[2824],"class_list":["post-27083","post","type-post","status-publish","format-standard","has-post-thumbnail","hentry","category-schlager","tag-august-van-engelen","wpcat-2-id"],"_links":{"self":[{"href":"https:\/\/bergers-schlagerparadies.de\/index.php?rest_route=\/wp\/v2\/posts\/27083","targetHints":{"allow":["GET"]}}],"collection":[{"href":"https:\/\/bergers-schlagerparadies.de\/index.php?rest_route=\/wp\/v2\/posts"}],"about":[{"href":"https:\/\/bergers-schlagerparadies.de\/index.php?rest_route=\/wp\/v2\/types\/post"}],"author":[{"embeddable":true,"href":"https:\/\/bergers-schlagerparadies.de\/index.php?rest_route=\/wp\/v2\/users\/1"}],"replies":[{"embeddable":true,"href":"https:\/\/bergers-schlagerparadies.de\/index.php?rest_route=%2Fwp%2Fv2%2Fcomments&post=27083"}],"version-history":[{"count":1,"href":"https:\/\/bergers-schlagerparadies.de\/index.php?rest_route=\/wp\/v2\/posts\/27083\/revisions"}],"predecessor-version":[{"id":27085,"href":"https:\/\/bergers-schlagerparadies.de\/index.php?rest_route=\/wp\/v2\/posts\/27083\/revisions\/27085"}],"wp:featuredmedia":[{"embeddable":true,"href":"https:\/\/bergers-schlagerparadies.de\/index.php?rest_route=\/wp\/v2\/media\/27084"}],"wp:attachment":[{"href":"https:\/\/bergers-schlagerparadies.de\/index.php?rest_route=%2Fwp%2Fv2%2Fmedia&parent=27083"}],"wp:term":[{"taxonomy":"category","embeddable":true,"href":"https:\/\/bergers-schlagerparadies.de\/index.php?rest_route=%2Fwp%2Fv2%2Fcategories&post=27083"},{"taxonomy":"post_tag","embeddable":true,"href":"https:\/\/bergers-schlagerparadies.de\/index.php?rest_route=%2Fwp%2Fv2%2Ftags&post=27083"}],"curies":[{"name":"wp","href":"https:\/\/api.w.org\/{rel}","templated":true}]}}