{"id":26983,"date":"2024-07-03T21:42:51","date_gmt":"2024-07-03T19:42:51","guid":{"rendered":"https:\/\/bergers-schlagerparadies.de\/?p=26983"},"modified":"2024-07-03T21:42:51","modified_gmt":"2024-07-03T19:42:51","slug":"daniele-daverna-du-bist-wie-du-bist-%c2%b7-bergers-schlagerparadies","status":"publish","type":"post","link":"https:\/\/bergers-schlagerparadies.de\/?p=26983","title":{"rendered":"Daniele Daverna &#8211; Du bist wie du bist \u00b7 Berger\u00b4s Schlagerparadies"},"content":{"rendered":"<p><img loading=\"lazy\" decoding=\"async\" class=\"size-medium wp-image-26984 alignleft\" src=\"https:\/\/bergers-schlagerparadies.de\/wp-content\/uploads\/2024\/07\/Daniele-Daverna-Du-bist-wie-du-bist-300x300.jpg\" alt=\"\" width=\"300\" height=\"300\" srcset=\"https:\/\/bergers-schlagerparadies.de\/wp-content\/uploads\/2024\/07\/Daniele-Daverna-Du-bist-wie-du-bist-300x300.jpg 300w, https:\/\/bergers-schlagerparadies.de\/wp-content\/uploads\/2024\/07\/Daniele-Daverna-Du-bist-wie-du-bist-1024x1024.jpg 1024w, https:\/\/bergers-schlagerparadies.de\/wp-content\/uploads\/2024\/07\/Daniele-Daverna-Du-bist-wie-du-bist-150x150.jpg 150w, https:\/\/bergers-schlagerparadies.de\/wp-content\/uploads\/2024\/07\/Daniele-Daverna-Du-bist-wie-du-bist-768x768.jpg 768w, https:\/\/bergers-schlagerparadies.de\/wp-content\/uploads\/2024\/07\/Daniele-Daverna-Du-bist-wie-du-bist-1200x1200.jpg 1200w, https:\/\/bergers-schlagerparadies.de\/wp-content\/uploads\/2024\/07\/Daniele-Daverna-Du-bist-wie-du-bist-1188x1188.jpg 1188w, https:\/\/bergers-schlagerparadies.de\/wp-content\/uploads\/2024\/07\/Daniele-Daverna-Du-bist-wie-du-bist-100x100.jpg 100w, https:\/\/bergers-schlagerparadies.de\/wp-content\/uploads\/2024\/07\/Daniele-Daverna-Du-bist-wie-du-bist.jpg 1417w\" sizes=\"auto, (max-width: 300px) 100vw, 300px\" \/>Im Jahr 1982 erblickte Daniele DAVERNA im malerischen F\u00fcrstenfeldbruck das Licht der Welt. Seine Wurzeln jedoch reichen, wie sein Name schon vermuten l\u00e4sst, tief nach Italien \u2013 in den sonnigen S\u00fcden, von wo sein Vater stammt. Zusammen mit seinem Bruder Jean Pierre wuchs er in einem bunten, zweisprachigen Haushalt auf. Von Papa gab&#8217;s das feurige italienische Temperament, von Mama die musikalische Begabung.<\/p>\n<p>Beste Voraussetzungen f\u00fcr Daniele: Mit einem klaren Ziel vor Augen absolvierte er eine klassische Gesangsausbildung und nahm jahrelang Gitarrenunterricht, um sein musikalisches Talent voll auszusch\u00f6pfen. Nach diversen vielversprechenden Ver\u00f6ffentlichungen hat sich Daniele nun auch erstmals ganz pers\u00f6nlich bei der Musik, zusammen mit Willy Kl\u00fcter und Manfred Hochholzer, und beim Text mit Susan Ebrahimi, eingebracht. Und das Ergebnis l\u00e4sst sich h\u00f6ren:<\/p>\n<p>\u201eDu bist wie du bist\u201c ist ein tanzbarer, optimistischer Ohrwurm-Song, der die gro\u00dfe Liebe hochleben l\u00e4sst und mit seinem sympathischen S\u00e4nger um die Wette strahlt. F\u00fcr das Video hat sich der gutaussehende Strahlemann komplett angezogen ins sch\u00e4umende Vollbad gelegt, wo er tr\u00e4umend sinniert:<\/p>\n<p>\u201eDu bist wie der Wind, du bist wie das Meer<br \/>\nverr\u00fcckt und st\u00fcrmisch, das lieb\u2019 ich so sehr.<br \/>\nDu bist ein Komet, der um die Erde schwebt,<br \/>\nMillionen Sterne im Gep\u00e4ck mit sich tr\u00e4gt.\u201c<\/p>\n<p>Die authentischen Aufnahmen mit seiner Ehefrau, seinem Sohn und seinem Hund beweisen, dass Schlagertexte Wirklichkeit werden k\u00f6nnen. Diese herzlichen Szenen machen das Video perfekt und bringen den Song schmunzelnd auf den Punkt.<\/p>\n<p><span style=\"color: #800000;\"><strong>Quelle: KLONDIKE Records &amp; Songs\u00a0<\/strong><\/span><\/p>\n<p><span style=\"color: #800000;\"><strong>Dieser Song ist ab dem 05.07.2024 auf allen Download- und Streaming-Portalen erh\u00e4ltlich.<\/strong><\/span><\/p>\n<p><span style=\"color: #800000;\"><strong>Airdate (f\u00fcr Radiosender): 05.07.2024<\/strong><\/span><\/p>\n","protected":false},"excerpt":{"rendered":"<p>Im Jahr 1982 erblickte Daniele DAVERNA im malerischen F\u00fcrstenfeldbruck das Licht der Welt. Seine Wurzeln jedoch reichen, wie sein Name schon vermuten l\u00e4sst, tief nach Italien \u2013 in den sonnigen S\u00fcden, von wo sein Vater stammt. Zusammen mit seinem Bruder Jean Pierre wuchs er in einem bunten, zweisprachigen Haushalt auf. Von Papa gab&#8217;s das feurige italienische Temperament, von Mama die musikalische Begabung. Beste Voraussetzungen f\u00fcr Daniele: Mit einem klaren Ziel vor Augen absolvierte er eine klassische Gesangsausbildung und nahm jahrelang Gitarrenunterricht, um sein musikalisches Talent voll auszusch\u00f6pfen. Nach diversen vielversprechenden Ver\u00f6ffentlichungen hat sich Daniele nun auch erstmals ganz pers\u00f6nlich bei der Musik, zusammen mit Willy&#8230;<\/p>\n","protected":false},"author":1,"featured_media":26984,"comment_status":"open","ping_status":"open","sticky":false,"template":"","format":"standard","meta":{"footnotes":""},"categories":[2],"tags":[2106],"class_list":["post-26983","post","type-post","status-publish","format-standard","has-post-thumbnail","hentry","category-schlager","tag-daniele-daverna","wpcat-2-id"],"_links":{"self":[{"href":"https:\/\/bergers-schlagerparadies.de\/index.php?rest_route=\/wp\/v2\/posts\/26983","targetHints":{"allow":["GET"]}}],"collection":[{"href":"https:\/\/bergers-schlagerparadies.de\/index.php?rest_route=\/wp\/v2\/posts"}],"about":[{"href":"https:\/\/bergers-schlagerparadies.de\/index.php?rest_route=\/wp\/v2\/types\/post"}],"author":[{"embeddable":true,"href":"https:\/\/bergers-schlagerparadies.de\/index.php?rest_route=\/wp\/v2\/users\/1"}],"replies":[{"embeddable":true,"href":"https:\/\/bergers-schlagerparadies.de\/index.php?rest_route=%2Fwp%2Fv2%2Fcomments&post=26983"}],"version-history":[{"count":1,"href":"https:\/\/bergers-schlagerparadies.de\/index.php?rest_route=\/wp\/v2\/posts\/26983\/revisions"}],"predecessor-version":[{"id":26985,"href":"https:\/\/bergers-schlagerparadies.de\/index.php?rest_route=\/wp\/v2\/posts\/26983\/revisions\/26985"}],"wp:featuredmedia":[{"embeddable":true,"href":"https:\/\/bergers-schlagerparadies.de\/index.php?rest_route=\/wp\/v2\/media\/26984"}],"wp:attachment":[{"href":"https:\/\/bergers-schlagerparadies.de\/index.php?rest_route=%2Fwp%2Fv2%2Fmedia&parent=26983"}],"wp:term":[{"taxonomy":"category","embeddable":true,"href":"https:\/\/bergers-schlagerparadies.de\/index.php?rest_route=%2Fwp%2Fv2%2Fcategories&post=26983"},{"taxonomy":"post_tag","embeddable":true,"href":"https:\/\/bergers-schlagerparadies.de\/index.php?rest_route=%2Fwp%2Fv2%2Ftags&post=26983"}],"curies":[{"name":"wp","href":"https:\/\/api.w.org\/{rel}","templated":true}]}}