{"id":26850,"date":"2024-06-28T09:26:57","date_gmt":"2024-06-28T07:26:57","guid":{"rendered":"https:\/\/bergers-schlagerparadies.de\/?p=26850"},"modified":"2024-06-28T09:26:57","modified_gmt":"2024-06-28T07:26:57","slug":"andre-stade-hab-ich-dich-hab-ich-alles-%c2%b7-bergers-schlagerparadies","status":"publish","type":"post","link":"https:\/\/bergers-schlagerparadies.de\/?p=26850","title":{"rendered":"Andr\u00e9 Stade &#8211; Hab ich dich, hab ich Alles \u00b7 Berger\u00b4s Schlagerparadies"},"content":{"rendered":"<p><img loading=\"lazy\" decoding=\"async\" class=\"size-medium wp-image-26851 alignleft\" src=\"https:\/\/bergers-schlagerparadies.de\/wp-content\/uploads\/2024\/06\/Andre-Stade-Hab-ich-dich-hab-ich-Alles-300x300.jpeg\" alt=\"\" width=\"300\" height=\"300\" srcset=\"https:\/\/bergers-schlagerparadies.de\/wp-content\/uploads\/2024\/06\/Andre-Stade-Hab-ich-dich-hab-ich-Alles-300x300.jpeg 300w, https:\/\/bergers-schlagerparadies.de\/wp-content\/uploads\/2024\/06\/Andre-Stade-Hab-ich-dich-hab-ich-Alles-1024x1024.jpeg 1024w, https:\/\/bergers-schlagerparadies.de\/wp-content\/uploads\/2024\/06\/Andre-Stade-Hab-ich-dich-hab-ich-Alles-150x150.jpeg 150w, https:\/\/bergers-schlagerparadies.de\/wp-content\/uploads\/2024\/06\/Andre-Stade-Hab-ich-dich-hab-ich-Alles-768x768.jpeg 768w, https:\/\/bergers-schlagerparadies.de\/wp-content\/uploads\/2024\/06\/Andre-Stade-Hab-ich-dich-hab-ich-Alles-1200x1200.jpeg 1200w, https:\/\/bergers-schlagerparadies.de\/wp-content\/uploads\/2024\/06\/Andre-Stade-Hab-ich-dich-hab-ich-Alles-1188x1188.jpeg 1188w, https:\/\/bergers-schlagerparadies.de\/wp-content\/uploads\/2024\/06\/Andre-Stade-Hab-ich-dich-hab-ich-Alles-100x100.jpeg 100w, https:\/\/bergers-schlagerparadies.de\/wp-content\/uploads\/2024\/06\/Andre-Stade-Hab-ich-dich-hab-ich-Alles.jpeg 1400w\" sizes=\"auto, (max-width: 300px) 100vw, 300px\" \/>Nachdem der erfolgreiche S\u00e4nger und Songwriter aus Dresden sein kommendes Best-of-Album zum 30. Jubil\u00e4um zuletzt mit der elektrisierenden Auftaktsingle \u201eIm freien Fall\u201c angek\u00fcndigt hatte, klingt er dieses Mal so verliebt wie nie zu vor \u2013 denn er wei\u00df, \u201eHab ich Dich, hab ich Alles\u201c!<\/p>\n<p>\u201eWie viel Gl\u00fcck hat ein Mensch wohl verdient?\u201c, fragt er sich gleich zu Beginn, wobei der Mix aus Ungl\u00e4ubigkeit und ruhigem Fingerschnipsen schon bald der Euphorie weichen muss. Dazu passend explodiert auch das Arrangement vor lauter Gl\u00fcck: Indem der Hitmaker aus Dresden den Sweet Spot zwischen rockigem Nachdruck, tanzbaren Sounds und XL-Pophooks trifft, zelebriert er nicht nur sein Jubil\u00e4um \u2013 sondern vor allem sein Liebesgl\u00fcck! W\u00e4hrend sich die anf\u00e4nglichen Zweifel (\u201eich hielt das mit uns zun\u00e4chst nur f\u00fcr Utopie\u201c) schon bald zu maximaler Leichtigkeit \u201eauf der Sonnenseite unserer gemeinsamen Zeit\u201c aufl\u00f6sen, best\u00e4rkt auch der Hintergrundchor dieses Gef\u00fchl: Dieser Gl\u00fcckspilz hat wirklich alles, \u201ealles und noch so viel mehr\u201c!<\/p>\n<p>Kurz vor Schluss zieht Andr\u00e9 Stade, der tats\u00e4chlich seit einiger Zeit \u201eauf Wolke sieben mit seiner Jessica\u201c schwebt (wie es in der Presse zu lesen war), dann noch mal f\u00fcr einen Augenblick den Stecker und setzt allein auf seine Stimmgewalt. Allerdings nur, um das das packende Arrangement danach in noch h\u00f6here Sph\u00e4ren abheben zu lassen &#8230;<\/p>\n<p>Neben weiteren brandneuen Titeln \u00fcberf\u00fchrt Andr\u00e9 Stade auf dem dazugeh\u00f6rigen Best-of-Album (V\u00d6: 31.05.) auch ein paar ausgew\u00e4hlte Meilensteine \u2013 von \u201eFeuer Wind und Eis\u201c bis \u201eNichts bleibt\u201c \u2013 ins musikalische Hier und Jetzt. Dazu d\u00fcrfen nat\u00fcrlich auch die gr\u00f6\u00dften Singlehits der letzten Jahre auf diesem Jubil\u00e4umsalbum nicht fehlen (u.a. \u201eDie Liebe sind wir\u201c, \u201eWillkommen G\u00e4nsehaut\u201c).<\/p>\n<p>Auf die vielen Instrumente, die Andr\u00e9 Stade schon w\u00e4hrend seiner Kindheit lernen sollte (u.a. Klavier, Trompete, Akkordeon), lie\u00df der 1971 geborene Dresdner dann gleich noch ein paar mehr als Autodidakt folgen \u2013 und rundete die Sache schlie\u00dflich auch noch mit Gesangsunterricht ab. Nachdem dann auch das renommierte Songwriter-Team Jean Frankfurter\/Irma Holder hellh\u00f6rig geworden war, lag 1994 auch schon der erste Plattenvertrag auf dem Tisch. Wenig sp\u00e4ter erstmals bei seinem \u201emusikalischen Ziehvater\u201c Dieter Thomas Heck zu Besuch, als Stade \u201eFeuer Wind und Eis\u201c in der \u201eZDF Hitparade\u201c live pr\u00e4sentierte, bescherte ihm \u201eJeanny wach auf\u201c (1996) bereits den zweiten Platz beim Eurovision-Vorentscheid. Neben den acht Studioalben, die er seither als Solok\u00fcnstler ver\u00f6ffentlichte, gewann der gefragte Songwriter (u.a. Claudia Jung, Roland Kaiser) f\u00fcr die Entdeckung von Franziska Wiese sogar den smago! Award als \u201eEntdecker des Jahres\u201c (2013). Durch seine vielen Arbeiten als Songwriter f\u00fcr andere feste Gr\u00f6\u00dfen (u.a. Ireen Sheer, Uta Bresan, Tanja Lasch) und die wichtigsten Newcomer der letzten Jahre (u.a. Romy Kirsch, Florian St\u00f6lzel) hat er den musikalischen Popschlager-Zeitgeist \u00fcber Jahre mitgepr\u00e4gt \u2013 und kehrt nun zum runden Jubil\u00e4um wieder zur\u00fcck in die vorderste Reihe.<\/p>\n<p><span style=\"color: #800000;\"><strong>Quelle: Telamo<\/strong><\/span><\/p>\n<p><span style=\"color: #800000;\"><strong>Dieser Song ist ab dem 28.06.2024 auf allen Download- und Streaming-Portalen erh\u00e4ltlich.<\/strong><\/span><\/p>\n<p><span style=\"color: #800000;\"><strong>Airdate (f\u00fcr Radiosender): 28.06.2024<\/strong><\/span><\/p>\n","protected":false},"excerpt":{"rendered":"<p>Nachdem der erfolgreiche S\u00e4nger und Songwriter aus Dresden sein kommendes Best-of-Album zum 30. Jubil\u00e4um zuletzt mit der elektrisierenden Auftaktsingle \u201eIm freien Fall\u201c angek\u00fcndigt hatte, klingt er dieses Mal so verliebt wie nie zu vor \u2013 denn er wei\u00df, \u201eHab ich Dich, hab ich Alles\u201c! \u201eWie viel Gl\u00fcck hat ein Mensch wohl verdient?\u201c, fragt er sich gleich zu Beginn, wobei der Mix aus Ungl\u00e4ubigkeit und ruhigem Fingerschnipsen schon bald der Euphorie weichen muss. Dazu passend explodiert auch das Arrangement vor lauter Gl\u00fcck: Indem der Hitmaker aus Dresden den Sweet Spot zwischen rockigem Nachdruck, tanzbaren Sounds und XL-Pophooks trifft, zelebriert er nicht nur sein Jubil\u00e4um \u2013 sondern&#8230;<\/p>\n","protected":false},"author":1,"featured_media":26851,"comment_status":"open","ping_status":"open","sticky":false,"template":"","format":"standard","meta":{"footnotes":""},"categories":[2],"tags":[2367],"class_list":["post-26850","post","type-post","status-publish","format-standard","has-post-thumbnail","hentry","category-schlager","tag-andre-stade","wpcat-2-id"],"_links":{"self":[{"href":"https:\/\/bergers-schlagerparadies.de\/index.php?rest_route=\/wp\/v2\/posts\/26850","targetHints":{"allow":["GET"]}}],"collection":[{"href":"https:\/\/bergers-schlagerparadies.de\/index.php?rest_route=\/wp\/v2\/posts"}],"about":[{"href":"https:\/\/bergers-schlagerparadies.de\/index.php?rest_route=\/wp\/v2\/types\/post"}],"author":[{"embeddable":true,"href":"https:\/\/bergers-schlagerparadies.de\/index.php?rest_route=\/wp\/v2\/users\/1"}],"replies":[{"embeddable":true,"href":"https:\/\/bergers-schlagerparadies.de\/index.php?rest_route=%2Fwp%2Fv2%2Fcomments&post=26850"}],"version-history":[{"count":1,"href":"https:\/\/bergers-schlagerparadies.de\/index.php?rest_route=\/wp\/v2\/posts\/26850\/revisions"}],"predecessor-version":[{"id":26852,"href":"https:\/\/bergers-schlagerparadies.de\/index.php?rest_route=\/wp\/v2\/posts\/26850\/revisions\/26852"}],"wp:featuredmedia":[{"embeddable":true,"href":"https:\/\/bergers-schlagerparadies.de\/index.php?rest_route=\/wp\/v2\/media\/26851"}],"wp:attachment":[{"href":"https:\/\/bergers-schlagerparadies.de\/index.php?rest_route=%2Fwp%2Fv2%2Fmedia&parent=26850"}],"wp:term":[{"taxonomy":"category","embeddable":true,"href":"https:\/\/bergers-schlagerparadies.de\/index.php?rest_route=%2Fwp%2Fv2%2Fcategories&post=26850"},{"taxonomy":"post_tag","embeddable":true,"href":"https:\/\/bergers-schlagerparadies.de\/index.php?rest_route=%2Fwp%2Fv2%2Ftags&post=26850"}],"curies":[{"name":"wp","href":"https:\/\/api.w.org\/{rel}","templated":true}]}}