{"id":26829,"date":"2024-06-30T10:30:55","date_gmt":"2024-06-30T08:30:55","guid":{"rendered":"https:\/\/bergers-schlagerparadies.de\/?p=26829"},"modified":"2024-07-03T21:18:37","modified_gmt":"2024-07-03T19:18:37","slug":"frank-galan-bella-ciao-mi-amor-%c2%b7-bergers-schlagerparadies","status":"publish","type":"post","link":"https:\/\/bergers-schlagerparadies.de\/?p=26829","title":{"rendered":"Frank Galan &#8211; Bella Ciao, Mi Amor \u00b7 Berger\u00b4s Schlagerparadies"},"content":{"rendered":"<p><span style=\"color: #800000;\"><strong><img loading=\"lazy\" decoding=\"async\" class=\"size-medium wp-image-26830 alignleft\" src=\"https:\/\/bergers-schlagerparadies.de\/wp-content\/uploads\/2024\/06\/Frank-Galan-Bella-Ciao-Mi-Amor-300x300.jpeg\" alt=\"\" width=\"300\" height=\"300\" srcset=\"https:\/\/bergers-schlagerparadies.de\/wp-content\/uploads\/2024\/06\/Frank-Galan-Bella-Ciao-Mi-Amor-300x300.jpeg 300w, https:\/\/bergers-schlagerparadies.de\/wp-content\/uploads\/2024\/06\/Frank-Galan-Bella-Ciao-Mi-Amor-1024x1024.jpeg 1024w, https:\/\/bergers-schlagerparadies.de\/wp-content\/uploads\/2024\/06\/Frank-Galan-Bella-Ciao-Mi-Amor-150x150.jpeg 150w, https:\/\/bergers-schlagerparadies.de\/wp-content\/uploads\/2024\/06\/Frank-Galan-Bella-Ciao-Mi-Amor-768x768.jpeg 768w, https:\/\/bergers-schlagerparadies.de\/wp-content\/uploads\/2024\/06\/Frank-Galan-Bella-Ciao-Mi-Amor-1536x1536.jpeg 1536w, https:\/\/bergers-schlagerparadies.de\/wp-content\/uploads\/2024\/06\/Frank-Galan-Bella-Ciao-Mi-Amor-2048x2048.jpeg 2048w, https:\/\/bergers-schlagerparadies.de\/wp-content\/uploads\/2024\/06\/Frank-Galan-Bella-Ciao-Mi-Amor-1200x1200.jpeg 1200w, https:\/\/bergers-schlagerparadies.de\/wp-content\/uploads\/2024\/06\/Frank-Galan-Bella-Ciao-Mi-Amor-1188x1188.jpeg 1188w, https:\/\/bergers-schlagerparadies.de\/wp-content\/uploads\/2024\/06\/Frank-Galan-Bella-Ciao-Mi-Amor-100x100.jpeg 100w\" sizes=\"auto, (max-width: 300px) 100vw, 300px\" \/><\/strong><\/span><\/p>\n<p>Frank Galans Lieder sind auf Deutsch und Spanisch und haben in den Niederlanden und Belgien gro\u00dfe Erfolge gefeiert. Nun hat er sich auf den Weg nach K\u00f6ln gemacht, um mit dem Musikverlag Fiesta Records seinen Durchbruch in Deutschland vorzubereiten. &#8222;Deutschland ist mir derzeit am wichtigsten,&#8220; betont der blau\u00e4ugige S\u00e4nger, der sich schon fr\u00fch von Frauenliebling Julio Iglesias inspirieren lie\u00df.In den Benelux-L\u00e4ndern z\u00e4hlt Frank Galan seit Jahren zu den gefragtesten K\u00fcnstlern. Zusammen mit seinen Produzenten hat er eine eing\u00e4ngige Melodie mit einem Mitsingtext kreiert \u2013 ein echter Ohrwurm, der die Tanzfl\u00e4chen f\u00fcllen wird.Frank Galan ist ein vielseitiger K\u00fcnstler, der in vielen Musikgenres zu Hause ist. Mit &#8222;Bella Ciao, Mi Amor&#8220; hat er sich f\u00fcr einen modernen Sound entschieden, der den Sommer musikalisch bereichert.Die Single wird vom Label Fiesta Records in K\u00f6ln ver\u00f6ffentlicht. Das Produktions- und Promotionteam setzt alles daran, Frank Galan wieder erfolgreich zu positionieren und ihm zu einem erfolgreichen Comeback zu verhelfen.Auch nach 35 Jahren begeistert Frank Galan weiterhin Fans im In- und Ausland. Sein vielseitiges Repertoire bietet f\u00fcr jeden Geschmack etwas, und er versteht es, verschiedene Musikstile gekonnt zu kombinieren. Mit &#8222;Bella Ciao, Mi Amor&#8220; bringt Frank Galan den Sp\u00e4tsommer zum Leuchten und garantiert einen sonnigen Soundtrack f\u00fcr die sch\u00f6nste Zeit des Jahres.<\/p>\n<p><span style=\"color: #800000;\"><strong>Quelle: Fiesta Records<\/strong><\/span><\/p>\n<p><span style=\"color: #800000;\"><strong>Dieser Song ist ab dem 05.07.2024 auf allen Download- und Streaming-Portalen erh\u00e4ltlich.<\/strong><\/span><\/p>\n<p><span style=\"color: #800000;\"><strong>Airdate (f\u00fcr Radiosender): 03.07.2024<\/strong><\/span><\/p>\n","protected":false},"excerpt":{"rendered":"<p>Frank Galans Lieder sind auf Deutsch und Spanisch und haben in den Niederlanden und Belgien gro\u00dfe Erfolge gefeiert. Nun hat er sich auf den Weg nach K\u00f6ln gemacht, um mit dem Musikverlag Fiesta Records seinen Durchbruch in Deutschland vorzubereiten. &#8222;Deutschland ist mir derzeit am wichtigsten,&#8220; betont der blau\u00e4ugige S\u00e4nger, der sich schon fr\u00fch von Frauenliebling Julio Iglesias inspirieren lie\u00df.In den Benelux-L\u00e4ndern z\u00e4hlt Frank Galan seit Jahren zu den gefragtesten K\u00fcnstlern. Zusammen mit seinen Produzenten hat er eine eing\u00e4ngige Melodie mit einem Mitsingtext kreiert \u2013 ein echter Ohrwurm, der die Tanzfl\u00e4chen f\u00fcllen wird.Frank Galan ist ein vielseitiger K\u00fcnstler, der in vielen Musikgenres zu Hause ist. Mit&#8230;<\/p>\n","protected":false},"author":1,"featured_media":26830,"comment_status":"open","ping_status":"open","sticky":false,"template":"","format":"standard","meta":{"footnotes":""},"categories":[2],"tags":[2794],"class_list":["post-26829","post","type-post","status-publish","format-standard","has-post-thumbnail","hentry","category-schlager","tag-frank-galan","wpcat-2-id"],"_links":{"self":[{"href":"https:\/\/bergers-schlagerparadies.de\/index.php?rest_route=\/wp\/v2\/posts\/26829","targetHints":{"allow":["GET"]}}],"collection":[{"href":"https:\/\/bergers-schlagerparadies.de\/index.php?rest_route=\/wp\/v2\/posts"}],"about":[{"href":"https:\/\/bergers-schlagerparadies.de\/index.php?rest_route=\/wp\/v2\/types\/post"}],"author":[{"embeddable":true,"href":"https:\/\/bergers-schlagerparadies.de\/index.php?rest_route=\/wp\/v2\/users\/1"}],"replies":[{"embeddable":true,"href":"https:\/\/bergers-schlagerparadies.de\/index.php?rest_route=%2Fwp%2Fv2%2Fcomments&post=26829"}],"version-history":[{"count":3,"href":"https:\/\/bergers-schlagerparadies.de\/index.php?rest_route=\/wp\/v2\/posts\/26829\/revisions"}],"predecessor-version":[{"id":26977,"href":"https:\/\/bergers-schlagerparadies.de\/index.php?rest_route=\/wp\/v2\/posts\/26829\/revisions\/26977"}],"wp:featuredmedia":[{"embeddable":true,"href":"https:\/\/bergers-schlagerparadies.de\/index.php?rest_route=\/wp\/v2\/media\/26830"}],"wp:attachment":[{"href":"https:\/\/bergers-schlagerparadies.de\/index.php?rest_route=%2Fwp%2Fv2%2Fmedia&parent=26829"}],"wp:term":[{"taxonomy":"category","embeddable":true,"href":"https:\/\/bergers-schlagerparadies.de\/index.php?rest_route=%2Fwp%2Fv2%2Fcategories&post=26829"},{"taxonomy":"post_tag","embeddable":true,"href":"https:\/\/bergers-schlagerparadies.de\/index.php?rest_route=%2Fwp%2Fv2%2Ftags&post=26829"}],"curies":[{"name":"wp","href":"https:\/\/api.w.org\/{rel}","templated":true}]}}