{"id":2679,"date":"2021-02-12T11:40:42","date_gmt":"2021-02-12T10:40:42","guid":{"rendered":"http:\/\/bergers-schlagerparadies.de\/?p=2679"},"modified":"2021-02-12T11:40:42","modified_gmt":"2021-02-12T10:40:42","slug":"sarah-carina-ich-vermisse-dich-rod-berry-remix-bergers-schlagerparadies","status":"publish","type":"post","link":"https:\/\/bergers-schlagerparadies.de\/?p=2679","title":{"rendered":"Sarah Carina &#8211; Ich vermisse dich (Rod Berry Remix) | Berger\u00b4s Schlagerparadies"},"content":{"rendered":"<p><img loading=\"lazy\" decoding=\"async\" class=\"size-medium wp-image-2681 alignleft\" src=\"https:\/\/bergers-schlagerparadies.de\/wp-content\/uploads\/2021\/02\/Sarah-Carina-Ich-vermisse-dich-Rod-Berry-Remix-300x300.jpg\" alt=\"\" width=\"300\" height=\"300\" srcset=\"https:\/\/bergers-schlagerparadies.de\/wp-content\/uploads\/2021\/02\/Sarah-Carina-Ich-vermisse-dich-Rod-Berry-Remix-300x300.jpg 300w, https:\/\/bergers-schlagerparadies.de\/wp-content\/uploads\/2021\/02\/Sarah-Carina-Ich-vermisse-dich-Rod-Berry-Remix-150x150.jpg 150w, https:\/\/bergers-schlagerparadies.de\/wp-content\/uploads\/2021\/02\/Sarah-Carina-Ich-vermisse-dich-Rod-Berry-Remix-100x100.jpg 100w, https:\/\/bergers-schlagerparadies.de\/wp-content\/uploads\/2021\/02\/Sarah-Carina-Ich-vermisse-dich-Rod-Berry-Remix.jpg 580w\" sizes=\"auto, (max-width: 300px) 100vw, 300px\" \/>Der neue Rod Berry Remix greift den erfolgreichen Song von Sarah Carina \u201eIch vermisse Dich\u201c aus dem Jahr 2015 auf.<\/p>\n<p>Dieser mitrei\u00dfende Song wurde urspr\u00fcnglich von Peter Schilling komponiert und dr\u00fcckt auch jetzt das aktuelle Zeitgeschehen aus.<\/p>\n<p>Frisch und modern produziert verlockt der Remix von \u201eIch vermisse Dich\u201c zum Mitsingen und Tanzen.<\/p>\n<table border=\"0\" width=\"100%\" cellspacing=\"0\" cellpadding=\"0\">\n<tbody>\n<tr>\n<td align=\"center\" valign=\"top\">\n<table border=\"0\" width=\"100%\" cellspacing=\"0\" cellpadding=\"0\">\n<tbody>\n<tr>\n<td align=\"left\">\n<div><strong>Dieser Song ist ab dem\u00a019.02.2021\u00a0in allen bekannten Onlineshops erh\u00e4ltlich!<\/strong><\/div>\n<\/td>\n<\/tr>\n<\/tbody>\n<\/table>\n<\/td>\n<\/tr>\n<\/tbody>\n<\/table>\n<p><iframe style=\"width: 120px; height: 240px;\" src=\"\/\/ws-eu.amazon-adsystem.com\/widgets\/q?ServiceVersion=20070822&amp;OneJS=1&amp;Operation=GetAdHtml&amp;MarketPlace=DE&amp;source=ss&amp;ref=as_ss_li_til&amp;ad_type=product_link&amp;tracking_id=bergers-21&amp;language=de_DE&amp;marketplace=amazon&amp;region=DE&amp;placement=B08VMLJBPR&amp;asins=B08VMLJBPR&amp;linkId=9d708dc3ff572122c10bb4d64fc1a7e2&amp;show_border=true&amp;link_opens_in_new_window=true\" frameborder=\"0\" marginwidth=\"0\" marginheight=\"0\" scrolling=\"no\"><\/iframe><\/p>\n","protected":false},"excerpt":{"rendered":"<p>Der neue Rod Berry Remix greift den erfolgreichen Song von Sarah Carina \u201eIch vermisse Dich\u201c aus dem Jahr 2015 auf. Dieser mitrei\u00dfende Song wurde urspr\u00fcnglich von Peter Schilling komponiert und dr\u00fcckt auch jetzt das aktuelle Zeitgeschehen aus. Frisch und modern produziert verlockt der Remix von \u201eIch vermisse Dich\u201c zum Mitsingen und Tanzen. Dieser Song ist ab dem\u00a019.02.2021\u00a0in allen bekannten Onlineshops erh\u00e4ltlich!<\/p>\n","protected":false},"author":1,"featured_media":2681,"comment_status":"open","ping_status":"open","sticky":false,"template":"","format":"standard","meta":{"footnotes":""},"categories":[2],"tags":[219],"class_list":["post-2679","post","type-post","status-publish","format-standard","has-post-thumbnail","hentry","category-schlager","tag-sarah-carina","wpcat-2-id"],"_links":{"self":[{"href":"https:\/\/bergers-schlagerparadies.de\/index.php?rest_route=\/wp\/v2\/posts\/2679","targetHints":{"allow":["GET"]}}],"collection":[{"href":"https:\/\/bergers-schlagerparadies.de\/index.php?rest_route=\/wp\/v2\/posts"}],"about":[{"href":"https:\/\/bergers-schlagerparadies.de\/index.php?rest_route=\/wp\/v2\/types\/post"}],"author":[{"embeddable":true,"href":"https:\/\/bergers-schlagerparadies.de\/index.php?rest_route=\/wp\/v2\/users\/1"}],"replies":[{"embeddable":true,"href":"https:\/\/bergers-schlagerparadies.de\/index.php?rest_route=%2Fwp%2Fv2%2Fcomments&post=2679"}],"version-history":[{"count":1,"href":"https:\/\/bergers-schlagerparadies.de\/index.php?rest_route=\/wp\/v2\/posts\/2679\/revisions"}],"predecessor-version":[{"id":2682,"href":"https:\/\/bergers-schlagerparadies.de\/index.php?rest_route=\/wp\/v2\/posts\/2679\/revisions\/2682"}],"wp:featuredmedia":[{"embeddable":true,"href":"https:\/\/bergers-schlagerparadies.de\/index.php?rest_route=\/wp\/v2\/media\/2681"}],"wp:attachment":[{"href":"https:\/\/bergers-schlagerparadies.de\/index.php?rest_route=%2Fwp%2Fv2%2Fmedia&parent=2679"}],"wp:term":[{"taxonomy":"category","embeddable":true,"href":"https:\/\/bergers-schlagerparadies.de\/index.php?rest_route=%2Fwp%2Fv2%2Fcategories&post=2679"},{"taxonomy":"post_tag","embeddable":true,"href":"https:\/\/bergers-schlagerparadies.de\/index.php?rest_route=%2Fwp%2Fv2%2Ftags&post=2679"}],"curies":[{"name":"wp","href":"https:\/\/api.w.org\/{rel}","templated":true}]}}