{"id":26780,"date":"2024-06-30T10:30:50","date_gmt":"2024-06-30T08:30:50","guid":{"rendered":"https:\/\/bergers-schlagerparadies.de\/?p=26780"},"modified":"2024-06-26T18:46:13","modified_gmt":"2024-06-26T16:46:13","slug":"peter-david-der-beste-tag-ever-%c2%b7-bergers-schlagerparadies","status":"publish","type":"post","link":"https:\/\/bergers-schlagerparadies.de\/?p=26780","title":{"rendered":"Peter David &#8211; Der beste Tag ever \u00b7 Berger\u00b4s Schlagerparadies"},"content":{"rendered":"<p><img loading=\"lazy\" decoding=\"async\" class=\"size-medium wp-image-26781 alignleft\" src=\"https:\/\/bergers-schlagerparadies.de\/wp-content\/uploads\/2024\/06\/Peter-David-Der-beste-Tag-ever_Cover3500-300x300.jpg\" alt=\"\" width=\"300\" height=\"300\" srcset=\"https:\/\/bergers-schlagerparadies.de\/wp-content\/uploads\/2024\/06\/Peter-David-Der-beste-Tag-ever_Cover3500-300x300.jpg 300w, https:\/\/bergers-schlagerparadies.de\/wp-content\/uploads\/2024\/06\/Peter-David-Der-beste-Tag-ever_Cover3500-1024x1024.jpg 1024w, https:\/\/bergers-schlagerparadies.de\/wp-content\/uploads\/2024\/06\/Peter-David-Der-beste-Tag-ever_Cover3500-150x150.jpg 150w, https:\/\/bergers-schlagerparadies.de\/wp-content\/uploads\/2024\/06\/Peter-David-Der-beste-Tag-ever_Cover3500-768x768.jpg 768w, https:\/\/bergers-schlagerparadies.de\/wp-content\/uploads\/2024\/06\/Peter-David-Der-beste-Tag-ever_Cover3500-1536x1536.jpg 1536w, https:\/\/bergers-schlagerparadies.de\/wp-content\/uploads\/2024\/06\/Peter-David-Der-beste-Tag-ever_Cover3500-2048x2048.jpg 2048w, https:\/\/bergers-schlagerparadies.de\/wp-content\/uploads\/2024\/06\/Peter-David-Der-beste-Tag-ever_Cover3500-1200x1200.jpg 1200w, https:\/\/bergers-schlagerparadies.de\/wp-content\/uploads\/2024\/06\/Peter-David-Der-beste-Tag-ever_Cover3500-1188x1188.jpg 1188w, https:\/\/bergers-schlagerparadies.de\/wp-content\/uploads\/2024\/06\/Peter-David-Der-beste-Tag-ever_Cover3500-100x100.jpg 100w\" sizes=\"auto, (max-width: 300px) 100vw, 300px\" \/>In enger Zusammenarbeit mit dem renommierten Musiklabel 2Base Records, meldet sich Peter David eindrucksvoll mit seiner Musik zur\u00fcck.\u201e Der beste Tag ever\u201c, so der Titel des neuen Tracks, l\u00e4sst schon beim H\u00f6render ersten Takte und dem Lesen des Titels erkennen, in welche Richtung es geht. Gute Laune, Sommerfeeling und ganz viel Liebe dr\u00fcckt sich in diesem Song aus. Eine Liebeserkl\u00e4rung, wie sie einfach, aber dennoch nicht ausdrucksst\u00e4rker sein kann. Und mit der einf\u00fchlsamen Stimme von Peter David ist hier ein Songentstanden, der jedes verliebte Herz h\u00f6her schlagen l\u00e4sst. Die Musik f\u00fcr diesen neuen Song wurde von Franca Ferraro komponiert, w\u00e4hrend Benedikt Plattner und Carsten Schabosky den Text verfassten. Die perfekte Umsetzung und das Arrangement des Songs stammen von Thomas Michael Lackmann, einem der f\u00fchrenden Hitproduzenten im deutschen Schlagerbereich. Heraus gekommen ist hier bei ein absoluter Ohrwurm, den niemand mehr aus dem Kopf bekommt.&#8220; Der beste Tag ever&#8220; von Peter David wird ab dem 05.07.2024 auf allen digitalen Streaming-und Download-Plattformen erh\u00e4ltlich sein.<\/p>\n<p><span style=\"color: #800000;\"><strong>Quelle: 2Base Publishing<\/strong><\/span><\/p>\n<p><span style=\"color: #800000;\"><strong>Dieser Song ist ab dem 05.07.2024 auf allen Download- und Streaming-Portalen erh\u00e4ltlich.<\/strong><\/span><\/p>\n<p><span style=\"color: #800000;\"><strong>Airdate (f\u00fcr Radiosender): 05.07.2024<\/strong><\/span><\/p>\n","protected":false},"excerpt":{"rendered":"<p>In enger Zusammenarbeit mit dem renommierten Musiklabel 2Base Records, meldet sich Peter David eindrucksvoll mit seiner Musik zur\u00fcck.\u201e Der beste Tag ever\u201c, so der Titel des neuen Tracks, l\u00e4sst schon beim H\u00f6render ersten Takte und dem Lesen des Titels erkennen, in welche Richtung es geht. Gute Laune, Sommerfeeling und ganz viel Liebe dr\u00fcckt sich in diesem Song aus. Eine Liebeserkl\u00e4rung, wie sie einfach, aber dennoch nicht ausdrucksst\u00e4rker sein kann. Und mit der einf\u00fchlsamen Stimme von Peter David ist hier ein Songentstanden, der jedes verliebte Herz h\u00f6her schlagen l\u00e4sst. Die Musik f\u00fcr diesen neuen Song wurde von Franca Ferraro komponiert, w\u00e4hrend Benedikt Plattner und Carsten Schabosky&#8230;<\/p>\n","protected":false},"author":1,"featured_media":26781,"comment_status":"open","ping_status":"open","sticky":false,"template":"","format":"standard","meta":{"footnotes":""},"categories":[2],"tags":[53],"class_list":["post-26780","post","type-post","status-publish","format-standard","has-post-thumbnail","hentry","category-schlager","tag-peter-david","wpcat-2-id"],"_links":{"self":[{"href":"https:\/\/bergers-schlagerparadies.de\/index.php?rest_route=\/wp\/v2\/posts\/26780","targetHints":{"allow":["GET"]}}],"collection":[{"href":"https:\/\/bergers-schlagerparadies.de\/index.php?rest_route=\/wp\/v2\/posts"}],"about":[{"href":"https:\/\/bergers-schlagerparadies.de\/index.php?rest_route=\/wp\/v2\/types\/post"}],"author":[{"embeddable":true,"href":"https:\/\/bergers-schlagerparadies.de\/index.php?rest_route=\/wp\/v2\/users\/1"}],"replies":[{"embeddable":true,"href":"https:\/\/bergers-schlagerparadies.de\/index.php?rest_route=%2Fwp%2Fv2%2Fcomments&post=26780"}],"version-history":[{"count":1,"href":"https:\/\/bergers-schlagerparadies.de\/index.php?rest_route=\/wp\/v2\/posts\/26780\/revisions"}],"predecessor-version":[{"id":26782,"href":"https:\/\/bergers-schlagerparadies.de\/index.php?rest_route=\/wp\/v2\/posts\/26780\/revisions\/26782"}],"wp:featuredmedia":[{"embeddable":true,"href":"https:\/\/bergers-schlagerparadies.de\/index.php?rest_route=\/wp\/v2\/media\/26781"}],"wp:attachment":[{"href":"https:\/\/bergers-schlagerparadies.de\/index.php?rest_route=%2Fwp%2Fv2%2Fmedia&parent=26780"}],"wp:term":[{"taxonomy":"category","embeddable":true,"href":"https:\/\/bergers-schlagerparadies.de\/index.php?rest_route=%2Fwp%2Fv2%2Fcategories&post=26780"},{"taxonomy":"post_tag","embeddable":true,"href":"https:\/\/bergers-schlagerparadies.de\/index.php?rest_route=%2Fwp%2Fv2%2Ftags&post=26780"}],"curies":[{"name":"wp","href":"https:\/\/api.w.org\/{rel}","templated":true}]}}