{"id":26754,"date":"2024-06-26T15:27:08","date_gmt":"2024-06-26T13:27:08","guid":{"rendered":"https:\/\/bergers-schlagerparadies.de\/?p=26754"},"modified":"2024-06-26T15:27:08","modified_gmt":"2024-06-26T13:27:08","slug":"mandy-monte-ze-noemen-mij-een-simp-%c2%b7-bergers-schlagerparadies","status":"publish","type":"post","link":"https:\/\/bergers-schlagerparadies.de\/?p=26754","title":{"rendered":"Mandy Mont\u00e9 &#8211; Ze noemen mij een Simp \u00b7 Berger\u00b4s Schlagerparadies"},"content":{"rendered":"<div dir=\"auto\"><img loading=\"lazy\" decoding=\"async\" class=\"size-medium wp-image-26756 alignleft\" src=\"https:\/\/bergers-schlagerparadies.de\/wp-content\/uploads\/2024\/06\/Mandy-Monte-Ze-noemen-mij-een-Simp-298x300.jpg\" alt=\"\" width=\"298\" height=\"300\" srcset=\"https:\/\/bergers-schlagerparadies.de\/wp-content\/uploads\/2024\/06\/Mandy-Monte-Ze-noemen-mij-een-Simp-298x300.jpg 298w, https:\/\/bergers-schlagerparadies.de\/wp-content\/uploads\/2024\/06\/Mandy-Monte-Ze-noemen-mij-een-Simp-1016x1024.jpg 1016w, https:\/\/bergers-schlagerparadies.de\/wp-content\/uploads\/2024\/06\/Mandy-Monte-Ze-noemen-mij-een-Simp-150x150.jpg 150w, https:\/\/bergers-schlagerparadies.de\/wp-content\/uploads\/2024\/06\/Mandy-Monte-Ze-noemen-mij-een-Simp-768x774.jpg 768w, https:\/\/bergers-schlagerparadies.de\/wp-content\/uploads\/2024\/06\/Mandy-Monte-Ze-noemen-mij-een-Simp-1524x1536.jpg 1524w, https:\/\/bergers-schlagerparadies.de\/wp-content\/uploads\/2024\/06\/Mandy-Monte-Ze-noemen-mij-een-Simp-1190x1200.jpg 1190w, https:\/\/bergers-schlagerparadies.de\/wp-content\/uploads\/2024\/06\/Mandy-Monte-Ze-noemen-mij-een-Simp-1188x1198.jpg 1188w, https:\/\/bergers-schlagerparadies.de\/wp-content\/uploads\/2024\/06\/Mandy-Monte-Ze-noemen-mij-een-Simp-100x100.jpg 100w, https:\/\/bergers-schlagerparadies.de\/wp-content\/uploads\/2024\/06\/Mandy-Monte-Ze-noemen-mij-een-Simp.jpg 1587w\" sizes=\"auto, (max-width: 298px) 100vw, 298px\" \/>Mandy &#8211; sie nennen mich einen Simp. S\u00e4ngerin Mandy Mont\u00e9 gab zum Start ihrer autobiografischen Deb\u00fctsingle &#8222;Ze noemen mij een simp&#8220; sagte bereits, dass sie mindestens zwei Songs pro Jahr ver\u00f6ffentlichen wolle. Ihre Gesangskarriere bekommt laut Ronald Visch vom Plattenlabel Rood-Hit-Blauw<\/div>\n<div dir=\"auto\">Mit ihrer neuen kontroversen Platte &#8222;They call me a Simp&#8220; definitiv ein Boost. Besonders in der Region Twente w\u00e4chst ihre Beliebtheit. Das liegt an der<\/div>\n<div dir=\"auto\">Zusammenarbeit mit dem Partys\u00e4nger Tom Linders der als Organisator von Veranstaltungen auf Niederl\u00e4ndisch. Mit dem nahenden Sommer ist Mandy mit mehreren Volksfeste zu bestaunen, u.a. das gr\u00f6\u00dfte Sommerfest von Twente, n\u00e4mlich<\/div>\n<div dir=\"auto\">der &#8218; Boeskool is L\u00f6s&#8216; in Oldenzaal. Au\u00dferdem teilt sie im Laufe des Jahres verschiedene Dinge<\/div>\n<div dir=\"auto\">Podiums mit Jannes, Tino Martin und Robert Pater. Kurz gesagt&#8230; Mandy Mont\u00e9 Tischler unterwegs. Mandy: &#8222;Ich bin in Kontakt \u00fcber das Caf\u00e9 De Wigwam in Enschede, wo ich fr\u00fcher gearbeitet habe, Kam mit Maarten de Groot. Der Besitzer dieser Kneipe sagte seinen Namen und das ist der Grund, warum ich diesen Produzenten bei M-Works Music Productions kontaktiert habe. Beim Interview stellte sich heraus, dass ihm ein Lied \u00fcber Er dachte, es w\u00fcrde mir passen. Die Melodie-Zeile aus &#8218;Sie nennen mich ein simp hat viel mit mir gesprochen, aber damals hatte ich noch keine Ahnung was f\u00fcr ein simp war. Es stellt sich also heraus, dass es jemand ist, der alles f\u00fcr jemand anderen tut. So jemand verzweifelt und besessen von der Person, die ihn oder sie dazu bringt, alles in der Schmeckt wie fallen. Auch wenn die Gef\u00fchle nicht auf Gegenseitigkeit stehen, sie werden es sein zum Spa\u00df benutzt und gespielt. Scheint Stra\u00dfensprache zu sein und die j\u00fcngere Generation so bin ich damit aufgewachsen. Mein 15 j\u00e4hriger \u00e4ltester Sohn lachte sofort als ich erz\u00e4hlt was das Thema meiner neuen Single war. Qua Timing ist so perfekt Teller. Es enth\u00e4lt sch\u00f6ne sommerliche Kl\u00e4nge, die gl\u00fccklich machen. Nat\u00fcrlich bin ich das Absicht, wieder eine gro\u00dfe Anzahl von Radiostationen zu besuchen oder telefonisch zu besuchen um ein Interview zu geben. Ich liebe es, dass viele Stationen mich markieren, wenn sie mein Bild sehen Drehen. So halten sie mich sch\u00f6n auf dem Laufenden. Das freut mich sehr. \u201e<\/div>\n<div dir=\"auto\">Die CD-Single &#8218;They call me a simp&#8216; ist ab dem 26.06.2024 erh\u00e4ltlich. Of Videoclip, aufgenommen von Gerrit Driessen, wird die neue Single promoten Verschiedene Fernsehsender und Youtube sind zu sehen. Mandy Monte&#8230; &#8222;Sie nennen mich einen Simp&#8220; Eine Rot-Hit-Blau-Produktion!<\/div>\n<div dir=\"auto\"><\/div>\n<div dir=\"auto\">\n<p><span style=\"color: #800000;\"><strong>Quelle: roodhitblauw.nl<\/strong><\/span><\/p>\n<p><span style=\"color: #800000;\"><strong>Dieser Song ist ab dem 26.06.2024 auf allen Download- und Streaming-Portalen erh\u00e4ltlich.<\/strong><\/span><\/p>\n<p><span style=\"color: #800000;\"><strong>Airdate (f\u00fcr Radiosender): 26.06.2024<\/strong><\/span><\/p>\n<\/div>\n","protected":false},"excerpt":{"rendered":"<p>Mandy &#8211; sie nennen mich einen Simp. S\u00e4ngerin Mandy Mont\u00e9 gab zum Start ihrer autobiografischen Deb\u00fctsingle &#8222;Ze noemen mij een simp&#8220; sagte bereits, dass sie mindestens zwei Songs pro Jahr ver\u00f6ffentlichen wolle. Ihre Gesangskarriere bekommt laut Ronald Visch vom Plattenlabel Rood-Hit-Blauw Mit ihrer neuen kontroversen Platte &#8222;They call me a Simp&#8220; definitiv ein Boost. Besonders in der Region Twente w\u00e4chst ihre Beliebtheit. Das liegt an der Zusammenarbeit mit dem Partys\u00e4nger Tom Linders der als Organisator von Veranstaltungen auf Niederl\u00e4ndisch. Mit dem nahenden Sommer ist Mandy mit mehreren Volksfeste zu bestaunen, u.a. das gr\u00f6\u00dfte Sommerfest von Twente, n\u00e4mlich der &#8218; Boeskool is L\u00f6s&#8216; in Oldenzaal. Au\u00dferdem&#8230;<\/p>\n","protected":false},"author":1,"featured_media":26756,"comment_status":"open","ping_status":"open","sticky":false,"template":"","format":"standard","meta":{"footnotes":""},"categories":[2],"tags":[2787],"class_list":["post-26754","post","type-post","status-publish","format-standard","has-post-thumbnail","hentry","category-schlager","tag-mandy-monte","wpcat-2-id"],"_links":{"self":[{"href":"https:\/\/bergers-schlagerparadies.de\/index.php?rest_route=\/wp\/v2\/posts\/26754","targetHints":{"allow":["GET"]}}],"collection":[{"href":"https:\/\/bergers-schlagerparadies.de\/index.php?rest_route=\/wp\/v2\/posts"}],"about":[{"href":"https:\/\/bergers-schlagerparadies.de\/index.php?rest_route=\/wp\/v2\/types\/post"}],"author":[{"embeddable":true,"href":"https:\/\/bergers-schlagerparadies.de\/index.php?rest_route=\/wp\/v2\/users\/1"}],"replies":[{"embeddable":true,"href":"https:\/\/bergers-schlagerparadies.de\/index.php?rest_route=%2Fwp%2Fv2%2Fcomments&post=26754"}],"version-history":[{"count":1,"href":"https:\/\/bergers-schlagerparadies.de\/index.php?rest_route=\/wp\/v2\/posts\/26754\/revisions"}],"predecessor-version":[{"id":26757,"href":"https:\/\/bergers-schlagerparadies.de\/index.php?rest_route=\/wp\/v2\/posts\/26754\/revisions\/26757"}],"wp:featuredmedia":[{"embeddable":true,"href":"https:\/\/bergers-schlagerparadies.de\/index.php?rest_route=\/wp\/v2\/media\/26756"}],"wp:attachment":[{"href":"https:\/\/bergers-schlagerparadies.de\/index.php?rest_route=%2Fwp%2Fv2%2Fmedia&parent=26754"}],"wp:term":[{"taxonomy":"category","embeddable":true,"href":"https:\/\/bergers-schlagerparadies.de\/index.php?rest_route=%2Fwp%2Fv2%2Fcategories&post=26754"},{"taxonomy":"post_tag","embeddable":true,"href":"https:\/\/bergers-schlagerparadies.de\/index.php?rest_route=%2Fwp%2Fv2%2Ftags&post=26754"}],"curies":[{"name":"wp","href":"https:\/\/api.w.org\/{rel}","templated":true}]}}