{"id":26656,"date":"2024-06-23T10:30:51","date_gmt":"2024-06-23T08:30:51","guid":{"rendered":"https:\/\/bergers-schlagerparadies.de\/?p=26656"},"modified":"2024-06-22T20:10:23","modified_gmt":"2024-06-22T18:10:23","slug":"john-davis-its-in-the-air-%c2%b7-bergers-schlagerparadies","status":"publish","type":"post","link":"https:\/\/bergers-schlagerparadies.de\/?p=26656","title":{"rendered":"John Davis &#8211; It&#8217;s in the air \u00b7 Berger\u00b4s Schlagerparadies"},"content":{"rendered":"<p><img loading=\"lazy\" decoding=\"async\" class=\"size-medium wp-image-26657 alignleft\" src=\"https:\/\/bergers-schlagerparadies.de\/wp-content\/uploads\/2024\/06\/John-Davis-Its-in-the-air-300x300.jpeg\" alt=\"\" width=\"300\" height=\"300\" srcset=\"https:\/\/bergers-schlagerparadies.de\/wp-content\/uploads\/2024\/06\/John-Davis-Its-in-the-air-300x300.jpeg 300w, https:\/\/bergers-schlagerparadies.de\/wp-content\/uploads\/2024\/06\/John-Davis-Its-in-the-air-1024x1024.jpeg 1024w, https:\/\/bergers-schlagerparadies.de\/wp-content\/uploads\/2024\/06\/John-Davis-Its-in-the-air-150x150.jpeg 150w, https:\/\/bergers-schlagerparadies.de\/wp-content\/uploads\/2024\/06\/John-Davis-Its-in-the-air-768x768.jpeg 768w, https:\/\/bergers-schlagerparadies.de\/wp-content\/uploads\/2024\/06\/John-Davis-Its-in-the-air-1536x1536.jpeg 1536w, https:\/\/bergers-schlagerparadies.de\/wp-content\/uploads\/2024\/06\/John-Davis-Its-in-the-air-2048x2048.jpeg 2048w, https:\/\/bergers-schlagerparadies.de\/wp-content\/uploads\/2024\/06\/John-Davis-Its-in-the-air-1200x1200.jpeg 1200w, https:\/\/bergers-schlagerparadies.de\/wp-content\/uploads\/2024\/06\/John-Davis-Its-in-the-air-1188x1188.jpeg 1188w, https:\/\/bergers-schlagerparadies.de\/wp-content\/uploads\/2024\/06\/John-Davis-Its-in-the-air-100x100.jpeg 100w\" sizes=\"auto, (max-width: 300px) 100vw, 300px\" \/>Die Musikwelt trauert um John Davis, den talentierten S\u00e4nger, der vielen als die echte Stimme hinter dem Ph\u00e4nomen Milli Vanilli bekannt war. John Davis, geboren am 31. August 1954 in Anderson, South Carolina, und verstorben am 24. Mai 2021 in N\u00fcrnberg, hinterlie\u00df ein bleibendes musikalisches Erbe. Nur kurz vor seinem \u00fcberraschenden Tod nahm Davis die Single &#8222;It&#8217;s in the Air&#8220; auf. Dieses Lied ist eine bewegende Hommage an sein Leben, sein Werk und seine unverwechselbare Pers\u00f6nlichkeit.<\/p>\n<p>John Davis&#8216; Karriere begann in den USA, doch seine Reise als Musiker f\u00fchrte ihn nach Deutschland, wo er eine zentrale Rolle im Erfolg von Milli Vanilli spielte. Trotz der Skandale um die Band blieb seine Stimme ein Symbol f\u00fcr Authentizit\u00e4t und musikalische Exzellenz. Mit &#8222;It&#8217;s in the Air&#8220; kehrt Davis noch einmal zu seinen Wurzeln zur\u00fcck und verbindet eindrucksvoll seine Vergangenheit mit einer Botschaft der Hoffnung und Inspiration.<\/p>\n<p>Das Lied &#8222;It&#8217;s in the Air&#8220; f\u00e4ngt die Essenz von John Davis ein \u2013 seine Leidenschaft f\u00fcr die Musik, seine Hingabe an seine Fans und seine F\u00e4higkeit, Emotionen durch seine Stimme zu vermitteln. Diese Single ist nicht nur ein Tribut an einen gro\u00dfen K\u00fcnstler, sondern auch ein Geschenk an alle, die seine Musik lieben und sein Erbe weiterleben lassen.<\/p>\n<p>John Davis wird immer in unseren Herzen weiterleben, und mit &#8222;It&#8217;s in the Air&#8220; bleibt ein letzter Gru\u00df eines wahren Musikers, dessen Stimme nie verstummen wird.<\/p>\n<p><span style=\"color: #800000;\"><strong>Quelle: Golden Temple Music<\/strong><\/span><\/p>\n<p><span style=\"color: #800000;\"><strong>Dieser Song ist ab dem 21.06.2024 auf allen Download- und Streaming-Portalen erh\u00e4ltlich.<\/strong><\/span><\/p>\n<p><span style=\"color: #800000;\"><strong>Airdate (f\u00fcr Radiosender): 21.06.2024<\/strong><\/span><\/p>\n","protected":false},"excerpt":{"rendered":"<p>Die Musikwelt trauert um John Davis, den talentierten S\u00e4nger, der vielen als die echte Stimme hinter dem Ph\u00e4nomen Milli Vanilli bekannt war. John Davis, geboren am 31. August 1954 in Anderson, South Carolina, und verstorben am 24. Mai 2021 in N\u00fcrnberg, hinterlie\u00df ein bleibendes musikalisches Erbe. Nur kurz vor seinem \u00fcberraschenden Tod nahm Davis die Single &#8222;It&#8217;s in the Air&#8220; auf. Dieses Lied ist eine bewegende Hommage an sein Leben, sein Werk und seine unverwechselbare Pers\u00f6nlichkeit. John Davis&#8216; Karriere begann in den USA, doch seine Reise als Musiker f\u00fchrte ihn nach Deutschland, wo er eine zentrale Rolle im Erfolg von Milli Vanilli spielte. Trotz der&#8230;<\/p>\n","protected":false},"author":1,"featured_media":26657,"comment_status":"open","ping_status":"open","sticky":false,"template":"","format":"standard","meta":{"footnotes":""},"categories":[2],"tags":[2770],"class_list":["post-26656","post","type-post","status-publish","format-standard","has-post-thumbnail","hentry","category-schlager","tag-john-davis","wpcat-2-id"],"_links":{"self":[{"href":"https:\/\/bergers-schlagerparadies.de\/index.php?rest_route=\/wp\/v2\/posts\/26656","targetHints":{"allow":["GET"]}}],"collection":[{"href":"https:\/\/bergers-schlagerparadies.de\/index.php?rest_route=\/wp\/v2\/posts"}],"about":[{"href":"https:\/\/bergers-schlagerparadies.de\/index.php?rest_route=\/wp\/v2\/types\/post"}],"author":[{"embeddable":true,"href":"https:\/\/bergers-schlagerparadies.de\/index.php?rest_route=\/wp\/v2\/users\/1"}],"replies":[{"embeddable":true,"href":"https:\/\/bergers-schlagerparadies.de\/index.php?rest_route=%2Fwp%2Fv2%2Fcomments&post=26656"}],"version-history":[{"count":1,"href":"https:\/\/bergers-schlagerparadies.de\/index.php?rest_route=\/wp\/v2\/posts\/26656\/revisions"}],"predecessor-version":[{"id":26659,"href":"https:\/\/bergers-schlagerparadies.de\/index.php?rest_route=\/wp\/v2\/posts\/26656\/revisions\/26659"}],"wp:featuredmedia":[{"embeddable":true,"href":"https:\/\/bergers-schlagerparadies.de\/index.php?rest_route=\/wp\/v2\/media\/26657"}],"wp:attachment":[{"href":"https:\/\/bergers-schlagerparadies.de\/index.php?rest_route=%2Fwp%2Fv2%2Fmedia&parent=26656"}],"wp:term":[{"taxonomy":"category","embeddable":true,"href":"https:\/\/bergers-schlagerparadies.de\/index.php?rest_route=%2Fwp%2Fv2%2Fcategories&post=26656"},{"taxonomy":"post_tag","embeddable":true,"href":"https:\/\/bergers-schlagerparadies.de\/index.php?rest_route=%2Fwp%2Fv2%2Ftags&post=26656"}],"curies":[{"name":"wp","href":"https:\/\/api.w.org\/{rel}","templated":true}]}}