{"id":26622,"date":"2024-06-21T13:53:04","date_gmt":"2024-06-21T11:53:04","guid":{"rendered":"https:\/\/bergers-schlagerparadies.de\/?p=26622"},"modified":"2024-06-21T13:53:04","modified_gmt":"2024-06-21T11:53:04","slug":"jay-khan-bauchgefuehl-%c2%b7-bergers-schlagerparadies","status":"publish","type":"post","link":"https:\/\/bergers-schlagerparadies.de\/?p=26622","title":{"rendered":"Jay Khan &#8211; Bauchgef\u00fchl \u00b7 Berger\u00b4s Schlagerparadies"},"content":{"rendered":"<p><img loading=\"lazy\" decoding=\"async\" class=\"size-medium wp-image-26623 alignleft\" src=\"https:\/\/bergers-schlagerparadies.de\/wp-content\/uploads\/2024\/06\/Jay-Khan-Bauchgefuehl-300x300.jpeg\" alt=\"\" width=\"300\" height=\"300\" srcset=\"https:\/\/bergers-schlagerparadies.de\/wp-content\/uploads\/2024\/06\/Jay-Khan-Bauchgefuehl-300x300.jpeg 300w, https:\/\/bergers-schlagerparadies.de\/wp-content\/uploads\/2024\/06\/Jay-Khan-Bauchgefuehl-1024x1024.jpeg 1024w, https:\/\/bergers-schlagerparadies.de\/wp-content\/uploads\/2024\/06\/Jay-Khan-Bauchgefuehl-150x150.jpeg 150w, https:\/\/bergers-schlagerparadies.de\/wp-content\/uploads\/2024\/06\/Jay-Khan-Bauchgefuehl-768x768.jpeg 768w, https:\/\/bergers-schlagerparadies.de\/wp-content\/uploads\/2024\/06\/Jay-Khan-Bauchgefuehl-1200x1200.jpeg 1200w, https:\/\/bergers-schlagerparadies.de\/wp-content\/uploads\/2024\/06\/Jay-Khan-Bauchgefuehl-1188x1188.jpeg 1188w, https:\/\/bergers-schlagerparadies.de\/wp-content\/uploads\/2024\/06\/Jay-Khan-Bauchgefuehl-100x100.jpeg 100w, https:\/\/bergers-schlagerparadies.de\/wp-content\/uploads\/2024\/06\/Jay-Khan-Bauchgefuehl.jpeg 1400w\" sizes=\"auto, (max-width: 300px) 100vw, 300px\" \/>Die zweite Single aus dem kommenden Solodeb\u00fct!<\/p>\n<p>++ ab 21. Juni im Stream++<\/p>\n<p>Wenige Tage nach seinem spektakul\u00e4ren Auftritt bei der gr\u00f6\u00dften TV-Open-Air-Show des Jahres (\u201eSchlagerbooom Open Air \u2013 Die Stadionshow\u201c), wo er die aktuelle Solo-Deb\u00fctsingle \u201eMein Stern\u201c erstmals live pr\u00e4sentieren konnte, z\u00fcndet Jay Khan auch schon die n\u00e4chste Stufe: Der zweite Albumvorbote \u201eBauchgef\u00fchl\u201c landet am 21. Juni auf den Playlisten!<\/p>\n<p>Mit den Hashtags #reset und #solo k\u00fcndigte Boygroup-Veteran Jay Khan den Start ins neue Solokapitel an \u2013 und nimmt seit ein paar Wochen offiziell Kurs aufs erste Soloalbum \u201eVerdammt!\u201c, das im kommenden Jahr erscheinen wird. Hatte er f\u00fcr die Auftaktsingle auf einen elektrisierenden Mix aus Klavier- und druckvollen EDM-Sounds gesetzt, f\u00fchrt der Weg auch dieses Mal auf den Dancefloor, wobei das Tempo etwas gedrosselter ist und die exakte Route nichts zur Sache tut: \u201eFolge deinem Herzen\/folge deinem Bauchgef\u00fchl\u201c, bringt er die zentrale Message schon im Intro auf den Punkt. Dazu zieht Jay Khan das Blut auch klanglich aus den Hirnwindungen ab und lenkt alle Lebenss\u00e4fte in Richtung H\u00fcften und Beine \u2013 denn es darf getanzt und gefeiert werden!<\/p>\n<p>\u201eKomm schon, beweg dich, heut tanzen wir ewig! Jetzt oder nie!\u201c<\/p>\n<p>Auch sommerliche Leichtigkeit beginnt im Kopf, den der sympathische Hitmaker wahlweise als \u201eLabyrinth\u201c oder als \u201edie Polizei der Lust\u201c abtut und stattdessen zu spontaner und intuitiver Sommernachts-Action aufruft: \u201e\u2026 ganz ohne Ziel und ohne Plan, lass\u2019 einfach los und mal sehen, wo es hingeht\u201c, hei\u00dft es in bester Roadtrip-Manier \u00fcber der Komposition von David Pfeffer, die Jay auch zusammen mit Sammy Naja selbst produziert hat. Das Auf und Ab des Lebens spiegelt sich in den gro\u00dfen Spannungsb\u00f6gen des Arrangements, das sich zum gro\u00dfen Finale immer weiter in die H\u00f6he schraubt.<\/p>\n<p>Geboren in London, zog Jay Khan noch vor der Einschulung mit seiner Familie nach Berlin. Dort konnte er schon als Teenager erste Kontakte in die Musikwelt kn\u00fcpfen \u2013 und da die ersten Erfolge als Songwriter nicht lange auf sich warten lie\u00dfen, wurde aus der angedachten Sportlerkarriere und dem Journalismus-Studium zum Gl\u00fcck doch nichts: Zum Platin-Deb\u00fctalbum der Boyband Overground steuerte Jay im Jahr 2003 allein sieben Songs bei.<\/p>\n<p>Sein eigener musikalischer Durchbruch gelang ihm schon zwei Jahre sp\u00e4ter als Bandmitglied der von Lou Pearlman (Backstreet Boys &amp; N\u2019Sync) gegr\u00fcndeten Boyband US5, die weltweit \u00fcber 12 Millionen Tontr\u00e4ger verkaufte und allein in Deutschland neun Top-10-Hits landen konnte. Jay Khan war dabei nicht nur Bandmitglied, sondern auch als Songwriter (u.a. die auch in den Staaten vergoldete #1-Single \u201eMaria)\u201c ma\u00dfgeblich am Erfolg vom US5 beteiligt.<\/p>\n<p>Nach der Aufl\u00f6sung von US5 entdeckte Jay Khan seine Liebe zum Schlager und konnte mit seinem eigenen Label Neuland Entertainment zahlreiche Top-10-Erfolge in den offiziellen konservativen Radio-Charts feiern. Dazu schrieb er weiterhin auch anderen K\u00fcnstler:innen Hits auf den Leib (z.B. Maite Kellys \u201eHeute Nacht f\u00fcr immer\u201c, 2018). Ins aktuelle Jahrzehnt startete er mit TEAM 5\u00dcNF, deren Alben \u201eF\u00fcr die Ewigkeit\u201c (#9, 2023) und \u201eEinmal Boyband und zur\u00fcck\u201c (#20, 2021) sich erfolgreich in den vorderen R\u00e4ngen der deutschen Albumcharts platzieren konnten. Mit der explosiven ersten Single \u201eMein Stern\u201c, die er \u00fcbrigens seiner Gro\u00dfmutter gewidmet hat, schlug Jay Khan zuletzt das aktuelle Solokapitel auf\u2026<\/p>\n<p>P\u00fcnktlich zum Sommeranfang hat \u201edas Schicksal (\u2026) uns alle zum Tanz geladen\u201c: Jay Khans zweite Solo-Single \u201eBauchgef\u00fchl\u201c erscheint am 21. Juni!<\/p>\n<p><span style=\"color: #800000;\"><strong>Quelle: Telamo<\/strong><\/span><\/p>\n<p><span style=\"color: #800000;\"><strong>Dieser Song ist ab dem 21.06.2024 auf allen Download- und Streaming-Portalen erh\u00e4ltlich.<\/strong><\/span><\/p>\n<p><span style=\"color: #800000;\"><strong>Airdate (f\u00fcr Radiosender): 21.06.2024<\/strong><\/span><\/p>\n","protected":false},"excerpt":{"rendered":"<p>Die zweite Single aus dem kommenden Solodeb\u00fct! ++ ab 21. Juni im Stream++ Wenige Tage nach seinem spektakul\u00e4ren Auftritt bei der gr\u00f6\u00dften TV-Open-Air-Show des Jahres (\u201eSchlagerbooom Open Air \u2013 Die Stadionshow\u201c), wo er die aktuelle Solo-Deb\u00fctsingle \u201eMein Stern\u201c erstmals live pr\u00e4sentieren konnte, z\u00fcndet Jay Khan auch schon die n\u00e4chste Stufe: Der zweite Albumvorbote \u201eBauchgef\u00fchl\u201c landet am 21. Juni auf den Playlisten! Mit den Hashtags #reset und #solo k\u00fcndigte Boygroup-Veteran Jay Khan den Start ins neue Solokapitel an \u2013 und nimmt seit ein paar Wochen offiziell Kurs aufs erste Soloalbum \u201eVerdammt!\u201c, das im kommenden Jahr erscheinen wird. Hatte er f\u00fcr die Auftaktsingle auf einen elektrisierenden Mix&#8230;<\/p>\n","protected":false},"author":1,"featured_media":26623,"comment_status":"open","ping_status":"open","sticky":false,"template":"","format":"standard","meta":{"footnotes":""},"categories":[2],"tags":[2727],"class_list":["post-26622","post","type-post","status-publish","format-standard","has-post-thumbnail","hentry","category-schlager","tag-jay-khan","wpcat-2-id"],"_links":{"self":[{"href":"https:\/\/bergers-schlagerparadies.de\/index.php?rest_route=\/wp\/v2\/posts\/26622","targetHints":{"allow":["GET"]}}],"collection":[{"href":"https:\/\/bergers-schlagerparadies.de\/index.php?rest_route=\/wp\/v2\/posts"}],"about":[{"href":"https:\/\/bergers-schlagerparadies.de\/index.php?rest_route=\/wp\/v2\/types\/post"}],"author":[{"embeddable":true,"href":"https:\/\/bergers-schlagerparadies.de\/index.php?rest_route=\/wp\/v2\/users\/1"}],"replies":[{"embeddable":true,"href":"https:\/\/bergers-schlagerparadies.de\/index.php?rest_route=%2Fwp%2Fv2%2Fcomments&post=26622"}],"version-history":[{"count":1,"href":"https:\/\/bergers-schlagerparadies.de\/index.php?rest_route=\/wp\/v2\/posts\/26622\/revisions"}],"predecessor-version":[{"id":26624,"href":"https:\/\/bergers-schlagerparadies.de\/index.php?rest_route=\/wp\/v2\/posts\/26622\/revisions\/26624"}],"wp:featuredmedia":[{"embeddable":true,"href":"https:\/\/bergers-schlagerparadies.de\/index.php?rest_route=\/wp\/v2\/media\/26623"}],"wp:attachment":[{"href":"https:\/\/bergers-schlagerparadies.de\/index.php?rest_route=%2Fwp%2Fv2%2Fmedia&parent=26622"}],"wp:term":[{"taxonomy":"category","embeddable":true,"href":"https:\/\/bergers-schlagerparadies.de\/index.php?rest_route=%2Fwp%2Fv2%2Fcategories&post=26622"},{"taxonomy":"post_tag","embeddable":true,"href":"https:\/\/bergers-schlagerparadies.de\/index.php?rest_route=%2Fwp%2Fv2%2Ftags&post=26622"}],"curies":[{"name":"wp","href":"https:\/\/api.w.org\/{rel}","templated":true}]}}