{"id":26596,"date":"2024-06-21T12:29:20","date_gmt":"2024-06-21T10:29:20","guid":{"rendered":"https:\/\/bergers-schlagerparadies.de\/?p=26596"},"modified":"2024-06-21T12:29:20","modified_gmt":"2024-06-21T10:29:20","slug":"allessa-nel-blu-dipinto-di-blu-%c2%b7-bergers-schlagerparadies","status":"publish","type":"post","link":"https:\/\/bergers-schlagerparadies.de\/?p=26596","title":{"rendered":"Allessa &#8211; Nel Blu Dipinto Di Blu \u00b7 Berger\u00b4s Schlagerparadies"},"content":{"rendered":"<p><img loading=\"lazy\" decoding=\"async\" class=\"size-medium wp-image-26597 alignleft\" src=\"https:\/\/bergers-schlagerparadies.de\/wp-content\/uploads\/2024\/06\/Allessa-Nel-Blu-Dipinto-Di-Blu-300x300.jpeg\" alt=\"\" width=\"300\" height=\"300\" srcset=\"https:\/\/bergers-schlagerparadies.de\/wp-content\/uploads\/2024\/06\/Allessa-Nel-Blu-Dipinto-Di-Blu-300x300.jpeg 300w, https:\/\/bergers-schlagerparadies.de\/wp-content\/uploads\/2024\/06\/Allessa-Nel-Blu-Dipinto-Di-Blu-1024x1024.jpeg 1024w, https:\/\/bergers-schlagerparadies.de\/wp-content\/uploads\/2024\/06\/Allessa-Nel-Blu-Dipinto-Di-Blu-150x150.jpeg 150w, https:\/\/bergers-schlagerparadies.de\/wp-content\/uploads\/2024\/06\/Allessa-Nel-Blu-Dipinto-Di-Blu-768x768.jpeg 768w, https:\/\/bergers-schlagerparadies.de\/wp-content\/uploads\/2024\/06\/Allessa-Nel-Blu-Dipinto-Di-Blu-1188x1188.jpeg 1188w, https:\/\/bergers-schlagerparadies.de\/wp-content\/uploads\/2024\/06\/Allessa-Nel-Blu-Dipinto-Di-Blu-100x100.jpeg 100w, https:\/\/bergers-schlagerparadies.de\/wp-content\/uploads\/2024\/06\/Allessa-Nel-Blu-Dipinto-Di-Blu.jpeg 1200w\" sizes=\"auto, (max-width: 300px) 100vw, 300px\" \/>Allessa kehrt in eurem neuen Song zu ihren Wurzeln zur\u00fcck: und ja, da spielt Italien eine gro\u00dfe Rolle!<\/p>\n<p>Nach der erfolgreichen Single \u201eEine Frau, ein Wort\u201c (V\u00d6: 03.11.23) mit der sie in \u00d6sterreich (Schlagerparade) auf #6 im Airplay landete, legt Super-Voice Allessa nun nach: \u201eNel Blu Dipinto Di Blu\u201c hei\u00dft die neue Single der vielseitigen S\u00e4ngerin.<br \/>\nSie verleiht dem italienischen Klassiker von Domenico Modugno den gewissen Allessa-Charakter und bringt uns mit ihrer sehr tanzbaren Neuauflage dem Sommeranfang wieder ein St\u00fcck n\u00e4her!<\/p>\n<p>\u201eNel Blu Dipinto Di Blu\u201c ist jedoch nicht Allessa\u2019s erste italienischsprachige Single. War es 2013 nur der Refrain von \u201eTe ne vai\u201c im Duett mit Bernhard Brink (der Song eroberte s\u00e4mtlichen Hitparaden und das dazugeh\u00f6rige Musikvideo z\u00e4hlt bis dato \u00fcber 3 Mio. Klicks auf YouTube) der in Italienisch gehalten war, singt Allessa nun komplett auf Italienisch und stellt somit abermals ihre Vielseitigkeit unter Beweis. Sommergef\u00fchle sind vorprogrammiert, also zur\u00fccklehnen und genie\u00dfen oder noch besser: tanzen!<\/p>\n<p>Hinter Allessa steht eine Frau, die ihrem Live-Publikum Staunen und gro\u00dfe Begeisterung entlockt, denn ihre Stimme besitzt Souver\u00e4nit\u00e4t, Wiedererkennungswert und vor allem: Herz &#8211; G\u00e4nsehaut inkludiert! Man darf sich also schon auf Allessa\u2018s Live-termine im Sommer freuen, wo sie ganz sicherlich ihren neuen Song \u201eNel Blu Dipinto Di Blu\u201c auch mit im Gep\u00e4ck hat!<\/p>\n<p>LIVE-Termine:<br \/>\nFr 14. Juni Mamamia, F\u00fcrstenfeld (A)<br \/>\nSa 29. Juni Forst\/Lausitz (D)<br \/>\nSa 13. Juli Sommerb\u00fchne Liezen (A)<br \/>\nFr 19. Juli Steiermark- tba (A)<br \/>\nSa 20. Juli Pinkafeld (A)<br \/>\nSa 7. September Lindau Bodensee-Klinik Prof. Mang (D)<br \/>\nSa 14. September Meck-Pomm (D) &#8211; TBA<br \/>\nSa 5. Oktober Krefeld (D)- Fest von Sonia Liebing<br \/>\nSa 12. Oktober Knittelfeld (A)<\/p>\n<p><span style=\"color: #800000;\"><strong>Quelle: ELE\/ Koch Universal Music Austria<\/strong><\/span><\/p>\n<p><span style=\"color: #800000;\"><strong>Dieser Song ist ab dem 21.06.2024 auf allen Download- und Streaming-Portalen erh\u00e4ltlich.<\/strong><\/span><\/p>\n<p><span style=\"color: #800000;\"><strong>Airdate (f\u00fcr Radiosender): 21.06.2024<\/strong><\/span><\/p>\n","protected":false},"excerpt":{"rendered":"<p>Allessa kehrt in eurem neuen Song zu ihren Wurzeln zur\u00fcck: und ja, da spielt Italien eine gro\u00dfe Rolle! Nach der erfolgreichen Single \u201eEine Frau, ein Wort\u201c (V\u00d6: 03.11.23) mit der sie in \u00d6sterreich (Schlagerparade) auf #6 im Airplay landete, legt Super-Voice Allessa nun nach: \u201eNel Blu Dipinto Di Blu\u201c hei\u00dft die neue Single der vielseitigen S\u00e4ngerin. Sie verleiht dem italienischen Klassiker von Domenico Modugno den gewissen Allessa-Charakter und bringt uns mit ihrer sehr tanzbaren Neuauflage dem Sommeranfang wieder ein St\u00fcck n\u00e4her! \u201eNel Blu Dipinto Di Blu\u201c ist jedoch nicht Allessa\u2019s erste italienischsprachige Single. War es 2013 nur der Refrain von \u201eTe ne vai\u201c im Duett&#8230;<\/p>\n","protected":false},"author":1,"featured_media":26597,"comment_status":"open","ping_status":"open","sticky":false,"template":"","format":"standard","meta":{"footnotes":""},"categories":[2],"tags":[1182],"class_list":["post-26596","post","type-post","status-publish","format-standard","has-post-thumbnail","hentry","category-schlager","tag-allessa","wpcat-2-id"],"_links":{"self":[{"href":"https:\/\/bergers-schlagerparadies.de\/index.php?rest_route=\/wp\/v2\/posts\/26596","targetHints":{"allow":["GET"]}}],"collection":[{"href":"https:\/\/bergers-schlagerparadies.de\/index.php?rest_route=\/wp\/v2\/posts"}],"about":[{"href":"https:\/\/bergers-schlagerparadies.de\/index.php?rest_route=\/wp\/v2\/types\/post"}],"author":[{"embeddable":true,"href":"https:\/\/bergers-schlagerparadies.de\/index.php?rest_route=\/wp\/v2\/users\/1"}],"replies":[{"embeddable":true,"href":"https:\/\/bergers-schlagerparadies.de\/index.php?rest_route=%2Fwp%2Fv2%2Fcomments&post=26596"}],"version-history":[{"count":1,"href":"https:\/\/bergers-schlagerparadies.de\/index.php?rest_route=\/wp\/v2\/posts\/26596\/revisions"}],"predecessor-version":[{"id":26598,"href":"https:\/\/bergers-schlagerparadies.de\/index.php?rest_route=\/wp\/v2\/posts\/26596\/revisions\/26598"}],"wp:featuredmedia":[{"embeddable":true,"href":"https:\/\/bergers-schlagerparadies.de\/index.php?rest_route=\/wp\/v2\/media\/26597"}],"wp:attachment":[{"href":"https:\/\/bergers-schlagerparadies.de\/index.php?rest_route=%2Fwp%2Fv2%2Fmedia&parent=26596"}],"wp:term":[{"taxonomy":"category","embeddable":true,"href":"https:\/\/bergers-schlagerparadies.de\/index.php?rest_route=%2Fwp%2Fv2%2Fcategories&post=26596"},{"taxonomy":"post_tag","embeddable":true,"href":"https:\/\/bergers-schlagerparadies.de\/index.php?rest_route=%2Fwp%2Fv2%2Ftags&post=26596"}],"curies":[{"name":"wp","href":"https:\/\/api.w.org\/{rel}","templated":true}]}}