{"id":26399,"date":"2024-06-16T10:30:56","date_gmt":"2024-06-16T08:30:56","guid":{"rendered":"https:\/\/bergers-schlagerparadies.de\/?p=26399"},"modified":"2024-06-14T09:12:20","modified_gmt":"2024-06-14T07:12:20","slug":"juna-weiss-schwerelos-verliebt-%c2%b7-bergers-schlagerparadies","status":"publish","type":"post","link":"https:\/\/bergers-schlagerparadies.de\/?p=26399","title":{"rendered":"Juna Weiss &#8211; Schwerelos verliebt \u00b7 Berger\u00b4s Schlagerparadies"},"content":{"rendered":"<p><img loading=\"lazy\" decoding=\"async\" class=\"size-medium wp-image-26400 alignleft\" src=\"https:\/\/bergers-schlagerparadies.de\/wp-content\/uploads\/2024\/06\/Juna-Weiss-Schwerelos-verliebt-300x300.jpeg\" alt=\"\" width=\"300\" height=\"300\" srcset=\"https:\/\/bergers-schlagerparadies.de\/wp-content\/uploads\/2024\/06\/Juna-Weiss-Schwerelos-verliebt-300x300.jpeg 300w, https:\/\/bergers-schlagerparadies.de\/wp-content\/uploads\/2024\/06\/Juna-Weiss-Schwerelos-verliebt-1024x1024.jpeg 1024w, https:\/\/bergers-schlagerparadies.de\/wp-content\/uploads\/2024\/06\/Juna-Weiss-Schwerelos-verliebt-150x150.jpeg 150w, https:\/\/bergers-schlagerparadies.de\/wp-content\/uploads\/2024\/06\/Juna-Weiss-Schwerelos-verliebt-768x768.jpeg 768w, https:\/\/bergers-schlagerparadies.de\/wp-content\/uploads\/2024\/06\/Juna-Weiss-Schwerelos-verliebt-1536x1536.jpeg 1536w, https:\/\/bergers-schlagerparadies.de\/wp-content\/uploads\/2024\/06\/Juna-Weiss-Schwerelos-verliebt-2048x2048.jpeg 2048w, https:\/\/bergers-schlagerparadies.de\/wp-content\/uploads\/2024\/06\/Juna-Weiss-Schwerelos-verliebt-1200x1200.jpeg 1200w, https:\/\/bergers-schlagerparadies.de\/wp-content\/uploads\/2024\/06\/Juna-Weiss-Schwerelos-verliebt-1188x1188.jpeg 1188w, https:\/\/bergers-schlagerparadies.de\/wp-content\/uploads\/2024\/06\/Juna-Weiss-Schwerelos-verliebt-100x100.jpeg 100w\" sizes=\"auto, (max-width: 300px) 100vw, 300px\" \/>Powervoll \u2013 so f\u00fchlt sich Popschlager von der Newcomerin Juna Weiss an.<\/p>\n<p>Ihr neuer Song \u201eSchwerelos verliebt\u201c erz\u00e4hlt von dem \u00fcberw\u00e4ltigenden Gef\u00fchl, wenn man sich das erste Mal von einer Sekunde auf die andere in einen Menschen verliebt.<\/p>\n<p>Juna Weiss hat den Songtext selbst geschrieben. \u201eIch m\u00f6chte den Menschen mit meiner Musik ein starkes, positives Lebensgef\u00fchl und vor allem Leichtigkeit geben. Hals \u00fcber Kopf verliebt zu sein ist wohl mit das Sch\u00f6nste, das man erleben und f\u00fchlen kann. \u201eHerz an \u2013 Kopf aus\u201c &#8211; dieser Moment hat Magie. Es hebt Dich. Du f\u00fchlst Dich schwerelos.\u201c<\/p>\n<p>Die K\u00fcnstlerin kommt aus der N\u00e4he von Hamburg. Sie \u00fcberzeugt durch lebensfrohes Charisma und ihre gef\u00fchlvolle, unique Stimme, die manchmal an Nena erinnert.<\/p>\n<p>\u201eSchwerelos verliebt\u201c hat sie gemeinsam mit dem Enrico Cibulka produziert.<br \/>\nSeine Komposition macht den Song mit Club-Beats zu einem Popschlager, der den Zeitgeist trifft und im Kopf bleibt. Beiden war es wichtig, die besondere Energie des Verliebtseins sp\u00fcrbar zu machen.<\/p>\n<p>Mit Enrico hat Juna einen erfahrenen Musikproduzenten an ihrer Seite. Enrico hatte seinen ersten eigenen Hit bereits mit 20 Jahren. Er hat Remix-Preise f\u00fcr Helene Fischer und Thomas Anders erhalten und produziert zahlreiche K\u00fcnstler u.a. Systems in Blue, die Originalch\u00f6re von Modern Talking. F\u00fcr die Background Vocals von \u201eSchwerelos verliebt\u201c konnte er Billy King gewinnen, der viele Schlagergr\u00f6\u00dfen auf B\u00fchnen begleitet, u.a. Roland Kaiser.<\/p>\n<p><span style=\"color: #800000;\"><strong>Quelle: Fiesta Records<\/strong><\/span><\/p>\n<p><span style=\"color: #800000;\"><strong>Dieser Song ist ab dem 21.06.2024 auf allen Download- und Streaming-Portalen erh\u00e4ltlich.<\/strong><\/span><\/p>\n<p><span style=\"color: #800000;\"><strong>Airdate (f\u00fcr Radiosender): 14.06.2024<\/strong><\/span><\/p>\n","protected":false},"excerpt":{"rendered":"<p>Powervoll \u2013 so f\u00fchlt sich Popschlager von der Newcomerin Juna Weiss an. Ihr neuer Song \u201eSchwerelos verliebt\u201c erz\u00e4hlt von dem \u00fcberw\u00e4ltigenden Gef\u00fchl, wenn man sich das erste Mal von einer Sekunde auf die andere in einen Menschen verliebt. Juna Weiss hat den Songtext selbst geschrieben. \u201eIch m\u00f6chte den Menschen mit meiner Musik ein starkes, positives Lebensgef\u00fchl und vor allem Leichtigkeit geben. Hals \u00fcber Kopf verliebt zu sein ist wohl mit das Sch\u00f6nste, das man erleben und f\u00fchlen kann. \u201eHerz an \u2013 Kopf aus\u201c &#8211; dieser Moment hat Magie. Es hebt Dich. Du f\u00fchlst Dich schwerelos.\u201c Die K\u00fcnstlerin kommt aus der N\u00e4he von Hamburg. Sie \u00fcberzeugt&#8230;<\/p>\n","protected":false},"author":1,"featured_media":26400,"comment_status":"open","ping_status":"open","sticky":false,"template":"","format":"standard","meta":{"footnotes":""},"categories":[2],"tags":[2744],"class_list":["post-26399","post","type-post","status-publish","format-standard","has-post-thumbnail","hentry","category-schlager","tag-juna-weiss","wpcat-2-id"],"_links":{"self":[{"href":"https:\/\/bergers-schlagerparadies.de\/index.php?rest_route=\/wp\/v2\/posts\/26399","targetHints":{"allow":["GET"]}}],"collection":[{"href":"https:\/\/bergers-schlagerparadies.de\/index.php?rest_route=\/wp\/v2\/posts"}],"about":[{"href":"https:\/\/bergers-schlagerparadies.de\/index.php?rest_route=\/wp\/v2\/types\/post"}],"author":[{"embeddable":true,"href":"https:\/\/bergers-schlagerparadies.de\/index.php?rest_route=\/wp\/v2\/users\/1"}],"replies":[{"embeddable":true,"href":"https:\/\/bergers-schlagerparadies.de\/index.php?rest_route=%2Fwp%2Fv2%2Fcomments&post=26399"}],"version-history":[{"count":1,"href":"https:\/\/bergers-schlagerparadies.de\/index.php?rest_route=\/wp\/v2\/posts\/26399\/revisions"}],"predecessor-version":[{"id":26401,"href":"https:\/\/bergers-schlagerparadies.de\/index.php?rest_route=\/wp\/v2\/posts\/26399\/revisions\/26401"}],"wp:featuredmedia":[{"embeddable":true,"href":"https:\/\/bergers-schlagerparadies.de\/index.php?rest_route=\/wp\/v2\/media\/26400"}],"wp:attachment":[{"href":"https:\/\/bergers-schlagerparadies.de\/index.php?rest_route=%2Fwp%2Fv2%2Fmedia&parent=26399"}],"wp:term":[{"taxonomy":"category","embeddable":true,"href":"https:\/\/bergers-schlagerparadies.de\/index.php?rest_route=%2Fwp%2Fv2%2Fcategories&post=26399"},{"taxonomy":"post_tag","embeddable":true,"href":"https:\/\/bergers-schlagerparadies.de\/index.php?rest_route=%2Fwp%2Fv2%2Ftags&post=26399"}],"curies":[{"name":"wp","href":"https:\/\/api.w.org\/{rel}","templated":true}]}}