{"id":26379,"date":"2024-06-16T10:30:59","date_gmt":"2024-06-16T08:30:59","guid":{"rendered":"https:\/\/bergers-schlagerparadies.de\/?p=26379"},"modified":"2024-06-14T08:49:25","modified_gmt":"2024-06-14T06:49:25","slug":"adiama-kopf-und-kragen-%c2%b7-bergers-schlagerparadies","status":"publish","type":"post","link":"https:\/\/bergers-schlagerparadies.de\/?p=26379","title":{"rendered":"Adiama &#8211; Kopf und Kragen \u00b7 Berger\u00b4s Schlagerparadies"},"content":{"rendered":"<p><img loading=\"lazy\" decoding=\"async\" class=\"size-medium wp-image-26380 alignleft\" src=\"https:\/\/bergers-schlagerparadies.de\/wp-content\/uploads\/2024\/06\/Adiama-Kopf-und-Kragen-300x300.jpeg\" alt=\"\" width=\"300\" height=\"300\" srcset=\"https:\/\/bergers-schlagerparadies.de\/wp-content\/uploads\/2024\/06\/Adiama-Kopf-und-Kragen-300x300.jpeg 300w, https:\/\/bergers-schlagerparadies.de\/wp-content\/uploads\/2024\/06\/Adiama-Kopf-und-Kragen-1024x1024.jpeg 1024w, https:\/\/bergers-schlagerparadies.de\/wp-content\/uploads\/2024\/06\/Adiama-Kopf-und-Kragen-150x150.jpeg 150w, https:\/\/bergers-schlagerparadies.de\/wp-content\/uploads\/2024\/06\/Adiama-Kopf-und-Kragen-768x768.jpeg 768w, https:\/\/bergers-schlagerparadies.de\/wp-content\/uploads\/2024\/06\/Adiama-Kopf-und-Kragen-1536x1536.jpeg 1536w, https:\/\/bergers-schlagerparadies.de\/wp-content\/uploads\/2024\/06\/Adiama-Kopf-und-Kragen-2048x2048.jpeg 2048w, https:\/\/bergers-schlagerparadies.de\/wp-content\/uploads\/2024\/06\/Adiama-Kopf-und-Kragen-1200x1200.jpeg 1200w, https:\/\/bergers-schlagerparadies.de\/wp-content\/uploads\/2024\/06\/Adiama-Kopf-und-Kragen-1188x1188.jpeg 1188w, https:\/\/bergers-schlagerparadies.de\/wp-content\/uploads\/2024\/06\/Adiama-Kopf-und-Kragen-100x100.jpeg 100w\" sizes=\"auto, (max-width: 300px) 100vw, 300px\" \/>Die aufstrebende Schlagers\u00e4ngerin ADIAMA freut sich, ihren neuesten Song &#8222;Kopf und Kragen&#8220; anzuk\u00fcndigen. Der mit Spannung erwartete Titel wird (voraussichtlich) am 14. Juni 2024 ver\u00f6ffentlicht und ist dann auf allen g\u00e4ngigen Streaming-Plattformen verf\u00fcgbar.<\/p>\n<p>&#8222;Kopf und Kragen&#8220; verspricht, ein weiterer Meilenstein in ADIAMAs beeindruckender Karriere zu werden. Der Song vereint eine mitrei\u00dfende Melodie aus Schlagerelementen mit modernen Motown-Popeinfl\u00fcssen und einem zutreffenden Text, der das Leben und die Liebe in den Mittelpunkt stellt. ADIAMAs kraftvolle Stimme, ihre emotionale und Freude bringende Darbietung machen diesen Titel zu einem unvergesslichen Erlebnis f\u00fcr alle Schlagerfans.<\/p>\n<p>&#8222;Dieser Song ist mir besonders wichtig&#8220;, erkl\u00e4rt ADIAMA. &#8222;Nach &#8222;Serpentinen&#8220; und &#8222;PSMLK&#8220; geht diese bedeutungsvolle Reise weiter. Er handelt davon, Risiken einzugehen und mutig zu sein, selbst wenn es bedeutet, Kopf und Kragen zu riskieren. Es geht darum, das Leben in vollen Z\u00fcgen zu genie\u00dfen und keine Angst davor zu haben, auch mal einen Fettnapf mitzunehmen.&#8220;<\/p>\n<p>&#8222;Kopf und Kragen&#8220; stammt wie auch Serpentinen aus der erfolgreichen Zusammenarbeit mit den Jungs von Marquess und dem Erfolgsproduzenten Alex Wende. Die Produktion spiegelt die hohe Qualit\u00e4t und das Engagement wider, das ADIAMA in jedes ihrer Projekte einbringt.<\/p>\n<p>Mit &#8222;Kopf und Kragen&#8220; setzt ADIAMA ihre Erfolgsgeschichte fort, die mit ihren vorherigen Ver\u00f6ffentlichungen bereits eine eigene Fangemeinde gewonnen hat.<\/p>\n<p><span style=\"color: #800000;\"><strong>Quelle: Mirabella<\/strong><\/span><\/p>\n<p><span style=\"color: #800000;\"><strong>Dieser Song ist ab dem 21.06.2024 auf allen Download- und Streaming-Portalen erh\u00e4ltlich.<\/strong><\/span><\/p>\n<p><span style=\"color: #800000;\"><strong>Airdate (f\u00fcr Radiosender): 21.06.2024<\/strong><\/span><\/p>\n","protected":false},"excerpt":{"rendered":"<p>Die aufstrebende Schlagers\u00e4ngerin ADIAMA freut sich, ihren neuesten Song &#8222;Kopf und Kragen&#8220; anzuk\u00fcndigen. Der mit Spannung erwartete Titel wird (voraussichtlich) am 14. Juni 2024 ver\u00f6ffentlicht und ist dann auf allen g\u00e4ngigen Streaming-Plattformen verf\u00fcgbar. &#8222;Kopf und Kragen&#8220; verspricht, ein weiterer Meilenstein in ADIAMAs beeindruckender Karriere zu werden. Der Song vereint eine mitrei\u00dfende Melodie aus Schlagerelementen mit modernen Motown-Popeinfl\u00fcssen und einem zutreffenden Text, der das Leben und die Liebe in den Mittelpunkt stellt. ADIAMAs kraftvolle Stimme, ihre emotionale und Freude bringende Darbietung machen diesen Titel zu einem unvergesslichen Erlebnis f\u00fcr alle Schlagerfans. &#8222;Dieser Song ist mir besonders wichtig&#8220;, erkl\u00e4rt ADIAMA. &#8222;Nach &#8222;Serpentinen&#8220; und &#8222;PSMLK&#8220; geht diese bedeutungsvolle&#8230;<\/p>\n","protected":false},"author":1,"featured_media":26380,"comment_status":"open","ping_status":"open","sticky":false,"template":"","format":"standard","meta":{"footnotes":""},"categories":[2],"tags":[1378],"class_list":["post-26379","post","type-post","status-publish","format-standard","has-post-thumbnail","hentry","category-schlager","tag-adiama","wpcat-2-id"],"_links":{"self":[{"href":"https:\/\/bergers-schlagerparadies.de\/index.php?rest_route=\/wp\/v2\/posts\/26379","targetHints":{"allow":["GET"]}}],"collection":[{"href":"https:\/\/bergers-schlagerparadies.de\/index.php?rest_route=\/wp\/v2\/posts"}],"about":[{"href":"https:\/\/bergers-schlagerparadies.de\/index.php?rest_route=\/wp\/v2\/types\/post"}],"author":[{"embeddable":true,"href":"https:\/\/bergers-schlagerparadies.de\/index.php?rest_route=\/wp\/v2\/users\/1"}],"replies":[{"embeddable":true,"href":"https:\/\/bergers-schlagerparadies.de\/index.php?rest_route=%2Fwp%2Fv2%2Fcomments&post=26379"}],"version-history":[{"count":1,"href":"https:\/\/bergers-schlagerparadies.de\/index.php?rest_route=\/wp\/v2\/posts\/26379\/revisions"}],"predecessor-version":[{"id":26381,"href":"https:\/\/bergers-schlagerparadies.de\/index.php?rest_route=\/wp\/v2\/posts\/26379\/revisions\/26381"}],"wp:featuredmedia":[{"embeddable":true,"href":"https:\/\/bergers-schlagerparadies.de\/index.php?rest_route=\/wp\/v2\/media\/26380"}],"wp:attachment":[{"href":"https:\/\/bergers-schlagerparadies.de\/index.php?rest_route=%2Fwp%2Fv2%2Fmedia&parent=26379"}],"wp:term":[{"taxonomy":"category","embeddable":true,"href":"https:\/\/bergers-schlagerparadies.de\/index.php?rest_route=%2Fwp%2Fv2%2Fcategories&post=26379"},{"taxonomy":"post_tag","embeddable":true,"href":"https:\/\/bergers-schlagerparadies.de\/index.php?rest_route=%2Fwp%2Fv2%2Ftags&post=26379"}],"curies":[{"name":"wp","href":"https:\/\/api.w.org\/{rel}","templated":true}]}}