{"id":26360,"date":"2024-06-13T21:49:18","date_gmt":"2024-06-13T19:49:18","guid":{"rendered":"https:\/\/bergers-schlagerparadies.de\/?p=26360"},"modified":"2024-06-13T21:49:18","modified_gmt":"2024-06-13T19:49:18","slug":"oliver-bernd-glaub-an-dich-album-%c2%b7-bergers-schlagerparadies","status":"publish","type":"post","link":"https:\/\/bergers-schlagerparadies.de\/?p=26360","title":{"rendered":"Oliver Bernd &#8211; Glaub an Dich (Album) \u00b7 Berger\u00b4s Schlagerparadies"},"content":{"rendered":"<p><img loading=\"lazy\" decoding=\"async\" class=\"size-medium wp-image-26361 alignleft\" src=\"https:\/\/bergers-schlagerparadies.de\/wp-content\/uploads\/2024\/06\/Oliver-Bernd-Glaub-an-Dich-300x300.jpg\" alt=\"\" width=\"300\" height=\"300\" srcset=\"https:\/\/bergers-schlagerparadies.de\/wp-content\/uploads\/2024\/06\/Oliver-Bernd-Glaub-an-Dich-300x300.jpg 300w, https:\/\/bergers-schlagerparadies.de\/wp-content\/uploads\/2024\/06\/Oliver-Bernd-Glaub-an-Dich-1024x1024.jpg 1024w, https:\/\/bergers-schlagerparadies.de\/wp-content\/uploads\/2024\/06\/Oliver-Bernd-Glaub-an-Dich-150x150.jpg 150w, https:\/\/bergers-schlagerparadies.de\/wp-content\/uploads\/2024\/06\/Oliver-Bernd-Glaub-an-Dich-768x768.jpg 768w, https:\/\/bergers-schlagerparadies.de\/wp-content\/uploads\/2024\/06\/Oliver-Bernd-Glaub-an-Dich-1536x1536.jpg 1536w, https:\/\/bergers-schlagerparadies.de\/wp-content\/uploads\/2024\/06\/Oliver-Bernd-Glaub-an-Dich-2048x2048.jpg 2048w, https:\/\/bergers-schlagerparadies.de\/wp-content\/uploads\/2024\/06\/Oliver-Bernd-Glaub-an-Dich-1200x1200.jpg 1200w, https:\/\/bergers-schlagerparadies.de\/wp-content\/uploads\/2024\/06\/Oliver-Bernd-Glaub-an-Dich-1188x1188.jpg 1188w, https:\/\/bergers-schlagerparadies.de\/wp-content\/uploads\/2024\/06\/Oliver-Bernd-Glaub-an-Dich-100x100.jpg 100w\" sizes=\"auto, (max-width: 300px) 100vw, 300px\" \/>Der talentierte S\u00e4nger Oliver Bernd wird\u00a0 sein erstes Album &#8222;Glaub an dich&#8220; ver\u00f6ffentlichen. Mit starken Titeln wie &#8222;Er ist nicht gut f\u00fcr dich&#8220;, &#8222;Glaub an dich&#8220;, &#8222;Ich werd die Ketten sprengen&#8220;, &#8222;Jede Nacht&#8220;, &#8222;Wir sind Bereit&#8220; und &#8222;Seit dem du nicht mehr da bist&#8220; pr\u00e4sentiert Oliver Bernd eine eindrucksvolle Sammlung von Songs, die tief ber\u00fchren und zum Nachdenken anregen.<\/p>\n<p>&#8222;Die Texte auf diesem Album sind sehr pers\u00f6nlich und spiegeln meine eigenen Erfahrungen und Gedanken wider. Ich hoffe, dass sie auch anderen Menschen Mut machen und sie dazu inspirieren, an sich selbst zu glauben&#8220;, sagt Oliver Bernd \u00fcber sein neues Album.<\/p>\n<p>Mit seiner einzigartigen\u00a0 und einf\u00fchlsamen Stimme hat sich Oliver Bernd bereits einen Namen in der Musikszene gemacht. Seine Songs zeichnen sich durch emotionale Tiefe und aufrichtige Ehrlichkeit aus, die die Zuh\u00f6rer direkt ber\u00fchren, aber auch gleichzeitig zum Tanzen einladen.<\/p>\n<p>&#8222;Glaub an dich&#8220; ist ab dem 14.06.2024 auf allen g\u00e4ngigen Streaming-Plattformen verf\u00fcgbar und verspricht ein intensives H\u00f6rerlebnis f\u00fcr alle Fans von ehrlicher und authentischer Musik.<\/p>\n<p><span style=\"color: #800000;\"><strong>Quelle: Fiesta Records<\/strong><\/span><\/p>\n<p><span style=\"color: #800000;\"><strong>Dieses Album ist ab dem 14.06.2024 auf allen Download- und Streaming-Portalen erh\u00e4ltlich.<\/strong><\/span><\/p>\n<p><span style=\"color: #800000;\"><strong>Airdate (f\u00fcr Radiosender): 14.06.2024<\/strong><\/span><\/p>\n","protected":false},"excerpt":{"rendered":"<p>Der talentierte S\u00e4nger Oliver Bernd wird\u00a0 sein erstes Album &#8222;Glaub an dich&#8220; ver\u00f6ffentlichen. Mit starken Titeln wie &#8222;Er ist nicht gut f\u00fcr dich&#8220;, &#8222;Glaub an dich&#8220;, &#8222;Ich werd die Ketten sprengen&#8220;, &#8222;Jede Nacht&#8220;, &#8222;Wir sind Bereit&#8220; und &#8222;Seit dem du nicht mehr da bist&#8220; pr\u00e4sentiert Oliver Bernd eine eindrucksvolle Sammlung von Songs, die tief ber\u00fchren und zum Nachdenken anregen. &#8222;Die Texte auf diesem Album sind sehr pers\u00f6nlich und spiegeln meine eigenen Erfahrungen und Gedanken wider. Ich hoffe, dass sie auch anderen Menschen Mut machen und sie dazu inspirieren, an sich selbst zu glauben&#8220;, sagt Oliver Bernd \u00fcber sein neues Album. Mit seiner einzigartigen\u00a0 und einf\u00fchlsamen&#8230;<\/p>\n","protected":false},"author":1,"featured_media":26361,"comment_status":"open","ping_status":"open","sticky":false,"template":"","format":"standard","meta":{"footnotes":""},"categories":[2],"tags":[64],"class_list":["post-26360","post","type-post","status-publish","format-standard","has-post-thumbnail","hentry","category-schlager","tag-oliver-bernd","wpcat-2-id"],"_links":{"self":[{"href":"https:\/\/bergers-schlagerparadies.de\/index.php?rest_route=\/wp\/v2\/posts\/26360","targetHints":{"allow":["GET"]}}],"collection":[{"href":"https:\/\/bergers-schlagerparadies.de\/index.php?rest_route=\/wp\/v2\/posts"}],"about":[{"href":"https:\/\/bergers-schlagerparadies.de\/index.php?rest_route=\/wp\/v2\/types\/post"}],"author":[{"embeddable":true,"href":"https:\/\/bergers-schlagerparadies.de\/index.php?rest_route=\/wp\/v2\/users\/1"}],"replies":[{"embeddable":true,"href":"https:\/\/bergers-schlagerparadies.de\/index.php?rest_route=%2Fwp%2Fv2%2Fcomments&post=26360"}],"version-history":[{"count":1,"href":"https:\/\/bergers-schlagerparadies.de\/index.php?rest_route=\/wp\/v2\/posts\/26360\/revisions"}],"predecessor-version":[{"id":26362,"href":"https:\/\/bergers-schlagerparadies.de\/index.php?rest_route=\/wp\/v2\/posts\/26360\/revisions\/26362"}],"wp:featuredmedia":[{"embeddable":true,"href":"https:\/\/bergers-schlagerparadies.de\/index.php?rest_route=\/wp\/v2\/media\/26361"}],"wp:attachment":[{"href":"https:\/\/bergers-schlagerparadies.de\/index.php?rest_route=%2Fwp%2Fv2%2Fmedia&parent=26360"}],"wp:term":[{"taxonomy":"category","embeddable":true,"href":"https:\/\/bergers-schlagerparadies.de\/index.php?rest_route=%2Fwp%2Fv2%2Fcategories&post=26360"},{"taxonomy":"post_tag","embeddable":true,"href":"https:\/\/bergers-schlagerparadies.de\/index.php?rest_route=%2Fwp%2Fv2%2Ftags&post=26360"}],"curies":[{"name":"wp","href":"https:\/\/api.w.org\/{rel}","templated":true}]}}