{"id":26335,"date":"2024-06-13T07:30:05","date_gmt":"2024-06-13T05:30:05","guid":{"rendered":"https:\/\/bergers-schlagerparadies.de\/?p=26335"},"modified":"2024-06-13T07:30:05","modified_gmt":"2024-06-13T05:30:05","slug":"tommy-steiner-das-leben-ist-schoen-%c2%b7-bergers-schlagerparadies","status":"publish","type":"post","link":"https:\/\/bergers-schlagerparadies.de\/?p=26335","title":{"rendered":"Tommy Steiner &#8211; Das Leben ist sch\u00f6n \u00b7 Berger\u00b4s Schlagerparadies"},"content":{"rendered":"<p><img loading=\"lazy\" decoding=\"async\" class=\"size-medium wp-image-26336 alignleft\" src=\"https:\/\/bergers-schlagerparadies.de\/wp-content\/uploads\/2024\/06\/Tommy-Steiner-Das-Leben-ist-schoen-300x300.jpg\" alt=\"\" width=\"300\" height=\"300\" srcset=\"https:\/\/bergers-schlagerparadies.de\/wp-content\/uploads\/2024\/06\/Tommy-Steiner-Das-Leben-ist-schoen-300x300.jpg 300w, https:\/\/bergers-schlagerparadies.de\/wp-content\/uploads\/2024\/06\/Tommy-Steiner-Das-Leben-ist-schoen-1024x1024.jpg 1024w, https:\/\/bergers-schlagerparadies.de\/wp-content\/uploads\/2024\/06\/Tommy-Steiner-Das-Leben-ist-schoen-150x150.jpg 150w, https:\/\/bergers-schlagerparadies.de\/wp-content\/uploads\/2024\/06\/Tommy-Steiner-Das-Leben-ist-schoen-768x768.jpg 768w, https:\/\/bergers-schlagerparadies.de\/wp-content\/uploads\/2024\/06\/Tommy-Steiner-Das-Leben-ist-schoen-1536x1536.jpg 1536w, https:\/\/bergers-schlagerparadies.de\/wp-content\/uploads\/2024\/06\/Tommy-Steiner-Das-Leben-ist-schoen-2048x2048.jpg 2048w, https:\/\/bergers-schlagerparadies.de\/wp-content\/uploads\/2024\/06\/Tommy-Steiner-Das-Leben-ist-schoen-1200x1200.jpg 1200w, https:\/\/bergers-schlagerparadies.de\/wp-content\/uploads\/2024\/06\/Tommy-Steiner-Das-Leben-ist-schoen-1188x1188.jpg 1188w, https:\/\/bergers-schlagerparadies.de\/wp-content\/uploads\/2024\/06\/Tommy-Steiner-Das-Leben-ist-schoen-100x100.jpg 100w\" sizes=\"auto, (max-width: 300px) 100vw, 300px\" \/>\u201eEin Urgestein des Deutschen Schlagers\u201c. So bezeichnete ihn k\u00fcrzlich ein Journalist. Tatsache und Anerkennung zugleich.<\/p>\n<p>Tommy startete seine Bilderbuch-Karriere 1983 mit Top-Platzierungen in den Hitparaden, sang sich in die Herzen von Millionen \u2013 und ist seitdem aus der Schlagerszene nicht mehr wegzudenken.<\/p>\n<p>Was der sympathische, ausdrucksstarke K\u00fcnstler seit Beginn seiner langj\u00e4hrigen Karriere auch macht, einerseits als S\u00e4nger, Komponist, Texter, Produzent und andererseits als Schauspieler \u2013 mit Stars wie George Hamilton, Morgan Fairchild, Hans Clarin, Jochen Busse &#8211; erntet nicht nur Begeisterung vom Publikum, sondern auch h\u00f6chstes Lob von den Kritikern.<\/p>\n<p>Die neue Single\u00a0<strong>\u201eDas Leben ist sch\u00f6n\u201c<\/strong><\/p>\n<p>\u201eDieses positive Lebensgef\u00fchl muss man in die Welt schreien!\u201c, meint Tommy. In der kubanischen Heimat seiner Freundin hat er immer wieder erfahren, wie die Menschen mit Optimismus, Hoffnung und Liebe f\u00fcr das Leben, mit Salsa, Merengue und Bachata allen Widrigkeiten trotzen.<br \/>\nInspiriert von Land, Leute und Musik entstand<\/p>\n<p><strong>\u201eDas Leben ist sch\u00f6n\u201c<\/strong><\/p>\n<p>Der etwas andere (und doch typisch) Tommy Steiner Song.<\/p>\n<p><span style=\"color: #800000;\"><strong>Quelle: KLONDIKE Records &amp; Songs\u00a0<\/strong><\/span><\/p>\n<p><span style=\"color: #800000;\"><strong>Dieser Song ist ab dem 14.06.2024 auf allen Download- und Streaming-Portalen erh\u00e4ltlich.\u00a0<\/strong><\/span><\/p>\n<p><span style=\"color: #800000;\"><strong>Airdate (f\u00fcr Radiosender): 14.06.2024<\/strong><\/span><\/p>\n","protected":false},"excerpt":{"rendered":"<p>\u201eEin Urgestein des Deutschen Schlagers\u201c. So bezeichnete ihn k\u00fcrzlich ein Journalist. Tatsache und Anerkennung zugleich. Tommy startete seine Bilderbuch-Karriere 1983 mit Top-Platzierungen in den Hitparaden, sang sich in die Herzen von Millionen \u2013 und ist seitdem aus der Schlagerszene nicht mehr wegzudenken. Was der sympathische, ausdrucksstarke K\u00fcnstler seit Beginn seiner langj\u00e4hrigen Karriere auch macht, einerseits als S\u00e4nger, Komponist, Texter, Produzent und andererseits als Schauspieler \u2013 mit Stars wie George Hamilton, Morgan Fairchild, Hans Clarin, Jochen Busse &#8211; erntet nicht nur Begeisterung vom Publikum, sondern auch h\u00f6chstes Lob von den Kritikern. Die neue Single\u00a0\u201eDas Leben ist sch\u00f6n\u201c \u201eDieses positive Lebensgef\u00fchl muss man in die Welt schreien!\u201c,&#8230;<\/p>\n","protected":false},"author":1,"featured_media":26336,"comment_status":"open","ping_status":"open","sticky":false,"template":"","format":"standard","meta":{"footnotes":""},"categories":[2],"tags":[2739],"class_list":["post-26335","post","type-post","status-publish","format-standard","has-post-thumbnail","hentry","category-schlager","tag-tommy-steiner","wpcat-2-id"],"_links":{"self":[{"href":"https:\/\/bergers-schlagerparadies.de\/index.php?rest_route=\/wp\/v2\/posts\/26335","targetHints":{"allow":["GET"]}}],"collection":[{"href":"https:\/\/bergers-schlagerparadies.de\/index.php?rest_route=\/wp\/v2\/posts"}],"about":[{"href":"https:\/\/bergers-schlagerparadies.de\/index.php?rest_route=\/wp\/v2\/types\/post"}],"author":[{"embeddable":true,"href":"https:\/\/bergers-schlagerparadies.de\/index.php?rest_route=\/wp\/v2\/users\/1"}],"replies":[{"embeddable":true,"href":"https:\/\/bergers-schlagerparadies.de\/index.php?rest_route=%2Fwp%2Fv2%2Fcomments&post=26335"}],"version-history":[{"count":1,"href":"https:\/\/bergers-schlagerparadies.de\/index.php?rest_route=\/wp\/v2\/posts\/26335\/revisions"}],"predecessor-version":[{"id":26337,"href":"https:\/\/bergers-schlagerparadies.de\/index.php?rest_route=\/wp\/v2\/posts\/26335\/revisions\/26337"}],"wp:featuredmedia":[{"embeddable":true,"href":"https:\/\/bergers-schlagerparadies.de\/index.php?rest_route=\/wp\/v2\/media\/26336"}],"wp:attachment":[{"href":"https:\/\/bergers-schlagerparadies.de\/index.php?rest_route=%2Fwp%2Fv2%2Fmedia&parent=26335"}],"wp:term":[{"taxonomy":"category","embeddable":true,"href":"https:\/\/bergers-schlagerparadies.de\/index.php?rest_route=%2Fwp%2Fv2%2Fcategories&post=26335"},{"taxonomy":"post_tag","embeddable":true,"href":"https:\/\/bergers-schlagerparadies.de\/index.php?rest_route=%2Fwp%2Fv2%2Ftags&post=26335"}],"curies":[{"name":"wp","href":"https:\/\/api.w.org\/{rel}","templated":true}]}}