{"id":2629,"date":"2021-02-04T13:59:24","date_gmt":"2021-02-04T12:59:24","guid":{"rendered":"http:\/\/bergers-schlagerparadies.de\/?p=2629"},"modified":"2021-02-04T13:59:24","modified_gmt":"2021-02-04T12:59:24","slug":"frank-marin-du-ich-bergers-schlagerparadies","status":"publish","type":"post","link":"https:\/\/bergers-schlagerparadies.de\/?p=2629","title":{"rendered":"Frank Marin &#8211; Du &#038; Ich | Berger\u00b4s Schlagerparadies"},"content":{"rendered":"<table border=\"0\" width=\"100%\" cellspacing=\"0\" cellpadding=\"0\">\n<tbody>\n<tr>\n<td align=\"left\">\n<div>\n<p><img loading=\"lazy\" decoding=\"async\" class=\"size-medium wp-image-2631 alignleft\" src=\"https:\/\/bergers-schlagerparadies.de\/wp-content\/uploads\/2021\/02\/Frank-Marin-Du-Ich-300x300.jpg\" alt=\"\" width=\"300\" height=\"300\" srcset=\"https:\/\/bergers-schlagerparadies.de\/wp-content\/uploads\/2021\/02\/Frank-Marin-Du-Ich-300x300.jpg 300w, https:\/\/bergers-schlagerparadies.de\/wp-content\/uploads\/2021\/02\/Frank-Marin-Du-Ich-150x150.jpg 150w, https:\/\/bergers-schlagerparadies.de\/wp-content\/uploads\/2021\/02\/Frank-Marin-Du-Ich-100x100.jpg 100w, https:\/\/bergers-schlagerparadies.de\/wp-content\/uploads\/2021\/02\/Frank-Marin-Du-Ich.jpg 580w\" sizes=\"auto, (max-width: 300px) 100vw, 300px\" \/>Du &amp; Ich\u201c, mit diesem Song startet Frank Marin musikalisch ins Jahr 2021.<\/p>\n<p>Schwierige Zeiten liegen hinter uns, und einiges auch sicherlich noch vor uns. Umso wichtiger ist es dem K\u00fcnstler aus dem Ruhrgebiet, gerade in diesen schwierigen Zeiten gute Laune zu verbreiten. Also war schnell klar, dass der neue Song von Frank weder d\u00fcster noch schwer sein sollte. Sondern einfach nur Gute Laune verbreitend und tanzbar, nicht mehr und nicht weniger.<\/p>\n<p>Ein Song f\u00fcr und \u00fcber die Liebe. F\u00fcr Dich, f\u00fcr mich, f\u00fcr jeden. &#8222;Du und ich, zwei Herzen im gleichen Takt &#8222;. Mehr muss man nicht sagen, wenn man liebt.<\/p>\n<p>Weil es sich in der Vergangenheit schon bew\u00e4hrt hatte, wurde auch hier wieder Wert auf eine gute Produktion gelegt. Und so hat Jack Price, wie schon zuvor, auch diesen Song produziert. Text und Musik stammen von Bernd Havixbeck, der mittlerweile, neben seinem eigenen Projekt Bailando Beat, auch f\u00fcr zahlreiche andere K\u00fcnstlerinnen und K\u00fcnstler zu Blatt und Stift greift.<\/p>\n<\/div>\n<\/td>\n<\/tr>\n<\/tbody>\n<\/table>\n<p><iframe style=\"width: 120px; height: 240px;\" src=\"\/\/ws-eu.amazon-adsystem.com\/widgets\/q?ServiceVersion=20070822&amp;OneJS=1&amp;Operation=GetAdHtml&amp;MarketPlace=DE&amp;source=ss&amp;ref=as_ss_li_til&amp;ad_type=product_link&amp;tracking_id=bergers-21&amp;language=de_DE&amp;marketplace=amazon&amp;region=DE&amp;placement=B08V4SBH25&amp;asins=B08V4SBH25&amp;linkId=e5705116b902731bc265492880191cbd&amp;show_border=true&amp;link_opens_in_new_window=true\" frameborder=\"0\" marginwidth=\"0\" marginheight=\"0\" scrolling=\"no\"><\/iframe><\/p>\n","protected":false},"excerpt":{"rendered":"<p>Du &amp; Ich\u201c, mit diesem Song startet Frank Marin musikalisch ins Jahr 2021. Schwierige Zeiten liegen hinter uns, und einiges auch sicherlich noch vor uns. Umso wichtiger ist es dem K\u00fcnstler aus dem Ruhrgebiet, gerade in diesen schwierigen Zeiten gute Laune zu verbreiten. Also war schnell klar, dass der neue Song von Frank weder d\u00fcster noch schwer sein sollte. Sondern einfach nur Gute Laune verbreitend und tanzbar, nicht mehr und nicht weniger. Ein Song f\u00fcr und \u00fcber die Liebe. F\u00fcr Dich, f\u00fcr mich, f\u00fcr jeden. &#8222;Du und ich, zwei Herzen im gleichen Takt &#8222;. Mehr muss man nicht sagen, wenn man liebt. Weil es sich&#8230;<\/p>\n","protected":false},"author":1,"featured_media":2631,"comment_status":"open","ping_status":"open","sticky":false,"template":"","format":"standard","meta":{"footnotes":""},"categories":[2],"tags":[362],"class_list":["post-2629","post","type-post","status-publish","format-standard","has-post-thumbnail","hentry","category-schlager","tag-frank-marin","wpcat-2-id"],"_links":{"self":[{"href":"https:\/\/bergers-schlagerparadies.de\/index.php?rest_route=\/wp\/v2\/posts\/2629","targetHints":{"allow":["GET"]}}],"collection":[{"href":"https:\/\/bergers-schlagerparadies.de\/index.php?rest_route=\/wp\/v2\/posts"}],"about":[{"href":"https:\/\/bergers-schlagerparadies.de\/index.php?rest_route=\/wp\/v2\/types\/post"}],"author":[{"embeddable":true,"href":"https:\/\/bergers-schlagerparadies.de\/index.php?rest_route=\/wp\/v2\/users\/1"}],"replies":[{"embeddable":true,"href":"https:\/\/bergers-schlagerparadies.de\/index.php?rest_route=%2Fwp%2Fv2%2Fcomments&post=2629"}],"version-history":[{"count":1,"href":"https:\/\/bergers-schlagerparadies.de\/index.php?rest_route=\/wp\/v2\/posts\/2629\/revisions"}],"predecessor-version":[{"id":2632,"href":"https:\/\/bergers-schlagerparadies.de\/index.php?rest_route=\/wp\/v2\/posts\/2629\/revisions\/2632"}],"wp:featuredmedia":[{"embeddable":true,"href":"https:\/\/bergers-schlagerparadies.de\/index.php?rest_route=\/wp\/v2\/media\/2631"}],"wp:attachment":[{"href":"https:\/\/bergers-schlagerparadies.de\/index.php?rest_route=%2Fwp%2Fv2%2Fmedia&parent=2629"}],"wp:term":[{"taxonomy":"category","embeddable":true,"href":"https:\/\/bergers-schlagerparadies.de\/index.php?rest_route=%2Fwp%2Fv2%2Fcategories&post=2629"},{"taxonomy":"post_tag","embeddable":true,"href":"https:\/\/bergers-schlagerparadies.de\/index.php?rest_route=%2Fwp%2Fv2%2Ftags&post=2629"}],"curies":[{"name":"wp","href":"https:\/\/api.w.org\/{rel}","templated":true}]}}