{"id":26086,"date":"2024-06-02T19:48:16","date_gmt":"2024-06-02T17:48:16","guid":{"rendered":"https:\/\/bergers-schlagerparadies.de\/?p=26086"},"modified":"2024-06-02T19:56:27","modified_gmt":"2024-06-02T17:56:27","slug":"a-herrmann-erwachsen-ist-man-frueh-genug-%c2%b7-bergers-schlagerparadies","status":"publish","type":"post","link":"https:\/\/bergers-schlagerparadies.de\/?p=26086","title":{"rendered":"A.HerrMann &#8211; Erwachsen ist man fr\u00fch genug \u00b7 Berger\u00b4s Schlagerparadies"},"content":{"rendered":"<p><img loading=\"lazy\" decoding=\"async\" class=\"size-medium wp-image-26087 alignleft\" src=\"https:\/\/bergers-schlagerparadies.de\/wp-content\/uploads\/2024\/06\/A.HerrMann-Erwachsen-ist-man-frueh-genug-300x300.jpeg\" alt=\"\" width=\"300\" height=\"300\" srcset=\"https:\/\/bergers-schlagerparadies.de\/wp-content\/uploads\/2024\/06\/A.HerrMann-Erwachsen-ist-man-frueh-genug-300x300.jpeg 300w, https:\/\/bergers-schlagerparadies.de\/wp-content\/uploads\/2024\/06\/A.HerrMann-Erwachsen-ist-man-frueh-genug-1024x1024.jpeg 1024w, https:\/\/bergers-schlagerparadies.de\/wp-content\/uploads\/2024\/06\/A.HerrMann-Erwachsen-ist-man-frueh-genug-150x150.jpeg 150w, https:\/\/bergers-schlagerparadies.de\/wp-content\/uploads\/2024\/06\/A.HerrMann-Erwachsen-ist-man-frueh-genug-768x768.jpeg 768w, https:\/\/bergers-schlagerparadies.de\/wp-content\/uploads\/2024\/06\/A.HerrMann-Erwachsen-ist-man-frueh-genug-1536x1536.jpeg 1536w, https:\/\/bergers-schlagerparadies.de\/wp-content\/uploads\/2024\/06\/A.HerrMann-Erwachsen-ist-man-frueh-genug-2048x2048.jpeg 2048w, https:\/\/bergers-schlagerparadies.de\/wp-content\/uploads\/2024\/06\/A.HerrMann-Erwachsen-ist-man-frueh-genug-1200x1200.jpeg 1200w, https:\/\/bergers-schlagerparadies.de\/wp-content\/uploads\/2024\/06\/A.HerrMann-Erwachsen-ist-man-frueh-genug-1188x1188.jpeg 1188w, https:\/\/bergers-schlagerparadies.de\/wp-content\/uploads\/2024\/06\/A.HerrMann-Erwachsen-ist-man-frueh-genug-100x100.jpeg 100w\" sizes=\"auto, (max-width: 300px) 100vw, 300px\" \/>A.HerrMann lebt an der Ostsee in Timmendorfer Strand und erz\u00e4hlt Geschichten &#8211; von sich und aus dem Leben.<\/p>\n<p>Musik macht er seit seinem 16. Lebensjahr, stammt aus L\u00fcbeck und wurde in seiner Jugend nat\u00fcrlich von dieser wunderbaren Stadt mit Travem\u00fcnde und seiner kleinen Halbinsel Priwall an der Ostsee gepr\u00e4gt. Besonders die N\u00e4he zum Meer und die intensiven Menschen an der K\u00fcste waren es, die A.HerrMann immer wieder zur\u00fcckgebracht haben, zur\u00fcck zu seiner Ostsee, die immer da ist &#8211; manchmal kabbelig aber selten b\u00f6se.<\/p>\n<p>Vor wenigen Monaten hat A.HerrMann sein erstes Album herausgebracht. Es hei\u00dft \u201eLebenslieder &#8211; Acht bis neun ehrliche Lieder -\u201c.<\/p>\n<p>Jetzt, im Juni 2024 kommt seine erste Single: Erwachsen ist man fr\u00fch genug.<\/p>\n<p>Eigentlich sollte ich ein Kinderlied schreiben. Auftrag von meiner Frau Billy: &#8222;Mal etwas lustiges, so wie Brausepulver zum Fr\u00fchst\u00fcck, Luftballons beim Baden oder Barfuss um die Hecke traben usw, mal was f\u00fcr unsere Enkelin&#8230;!&#8220;<br \/>\nNun, ein Kinderlied wurde es nicht, aber die ersten drei Textzeilen habe ich dann doch verwandt!<\/p>\n<p>A.HerrMann ist der Interpret, Komponist und Texter und hier ist auch meine liebe Billy, auch als Co-Texterin beteiligt!<br \/>\nAber richtige Lieder entstanden erst durch die Zusammenarbeit mit und durch das Arrangement von Kai Beller. Er wusste, welchen Sound und welche Instrumente und Musiker gebraucht werden, um es wirklich rund zu machen. Und bei diesem Song ist er auch als Komponist beteiligt und das h\u00f6rt man auch&#8230;<\/p>\n<p>Im Juni 2024<\/p>\n<p><span style=\"color: #800000;\"><strong>Quelle: Frautz Management GmbH<\/strong><\/span><\/p>\n<p><span style=\"color: #800000;\"><strong>Dieser Song ist ab dem 31.05.2024 auf allen Download- und Streaming-Portalen erh\u00e4ltlich.\u00a0<\/strong><\/span><\/p>\n<p><span style=\"color: #800000;\"><strong>Airdate (f\u00fcr Radiosender): 31.05.2024<\/strong><\/span><\/p>\n","protected":false},"excerpt":{"rendered":"<p>A.HerrMann lebt an der Ostsee in Timmendorfer Strand und erz\u00e4hlt Geschichten &#8211; von sich und aus dem Leben. Musik macht er seit seinem 16. Lebensjahr, stammt aus L\u00fcbeck und wurde in seiner Jugend nat\u00fcrlich von dieser wunderbaren Stadt mit Travem\u00fcnde und seiner kleinen Halbinsel Priwall an der Ostsee gepr\u00e4gt. Besonders die N\u00e4he zum Meer und die intensiven Menschen an der K\u00fcste waren es, die A.HerrMann immer wieder zur\u00fcckgebracht haben, zur\u00fcck zu seiner Ostsee, die immer da ist &#8211; manchmal kabbelig aber selten b\u00f6se. Vor wenigen Monaten hat A.HerrMann sein erstes Album herausgebracht. Es hei\u00dft \u201eLebenslieder &#8211; Acht bis neun ehrliche Lieder -\u201c. Jetzt, im Juni&#8230;<\/p>\n","protected":false},"author":1,"featured_media":26087,"comment_status":"open","ping_status":"open","sticky":false,"template":"","format":"standard","meta":{"footnotes":""},"categories":[2],"tags":[2717],"class_list":["post-26086","post","type-post","status-publish","format-standard","has-post-thumbnail","hentry","category-schlager","tag-a-herrmann","wpcat-2-id"],"_links":{"self":[{"href":"https:\/\/bergers-schlagerparadies.de\/index.php?rest_route=\/wp\/v2\/posts\/26086","targetHints":{"allow":["GET"]}}],"collection":[{"href":"https:\/\/bergers-schlagerparadies.de\/index.php?rest_route=\/wp\/v2\/posts"}],"about":[{"href":"https:\/\/bergers-schlagerparadies.de\/index.php?rest_route=\/wp\/v2\/types\/post"}],"author":[{"embeddable":true,"href":"https:\/\/bergers-schlagerparadies.de\/index.php?rest_route=\/wp\/v2\/users\/1"}],"replies":[{"embeddable":true,"href":"https:\/\/bergers-schlagerparadies.de\/index.php?rest_route=%2Fwp%2Fv2%2Fcomments&post=26086"}],"version-history":[{"count":1,"href":"https:\/\/bergers-schlagerparadies.de\/index.php?rest_route=\/wp\/v2\/posts\/26086\/revisions"}],"predecessor-version":[{"id":26088,"href":"https:\/\/bergers-schlagerparadies.de\/index.php?rest_route=\/wp\/v2\/posts\/26086\/revisions\/26088"}],"wp:featuredmedia":[{"embeddable":true,"href":"https:\/\/bergers-schlagerparadies.de\/index.php?rest_route=\/wp\/v2\/media\/26087"}],"wp:attachment":[{"href":"https:\/\/bergers-schlagerparadies.de\/index.php?rest_route=%2Fwp%2Fv2%2Fmedia&parent=26086"}],"wp:term":[{"taxonomy":"category","embeddable":true,"href":"https:\/\/bergers-schlagerparadies.de\/index.php?rest_route=%2Fwp%2Fv2%2Fcategories&post=26086"},{"taxonomy":"post_tag","embeddable":true,"href":"https:\/\/bergers-schlagerparadies.de\/index.php?rest_route=%2Fwp%2Fv2%2Ftags&post=26086"}],"curies":[{"name":"wp","href":"https:\/\/api.w.org\/{rel}","templated":true}]}}