{"id":25912,"date":"2024-05-28T20:46:36","date_gmt":"2024-05-28T18:46:36","guid":{"rendered":"https:\/\/bergers-schlagerparadies.de\/?p=25912"},"modified":"2024-05-28T20:54:58","modified_gmt":"2024-05-28T18:54:58","slug":"rico-sanchez-mas-que-antes-%c2%b7-bergers-schlagerparadies","status":"publish","type":"post","link":"https:\/\/bergers-schlagerparadies.de\/?p=25912","title":{"rendered":"RICO SANCHEZ &#8211; Mas Que Antes \u00b7 Berger\u00b4s Schlagerparadies"},"content":{"rendered":"<p><img loading=\"lazy\" decoding=\"async\" class=\"size-medium wp-image-25913 alignleft\" src=\"https:\/\/bergers-schlagerparadies.de\/wp-content\/uploads\/2024\/05\/RICO-SANCHEZ-Mas-Que-Antes-300x300.jpg\" alt=\"\" width=\"300\" height=\"300\" srcset=\"https:\/\/bergers-schlagerparadies.de\/wp-content\/uploads\/2024\/05\/RICO-SANCHEZ-Mas-Que-Antes-300x300.jpg 300w, https:\/\/bergers-schlagerparadies.de\/wp-content\/uploads\/2024\/05\/RICO-SANCHEZ-Mas-Que-Antes-1024x1024.jpg 1024w, https:\/\/bergers-schlagerparadies.de\/wp-content\/uploads\/2024\/05\/RICO-SANCHEZ-Mas-Que-Antes-150x150.jpg 150w, https:\/\/bergers-schlagerparadies.de\/wp-content\/uploads\/2024\/05\/RICO-SANCHEZ-Mas-Que-Antes-768x768.jpg 768w, https:\/\/bergers-schlagerparadies.de\/wp-content\/uploads\/2024\/05\/RICO-SANCHEZ-Mas-Que-Antes-1188x1188.jpg 1188w, https:\/\/bergers-schlagerparadies.de\/wp-content\/uploads\/2024\/05\/RICO-SANCHEZ-Mas-Que-Antes-100x100.jpg 100w, https:\/\/bergers-schlagerparadies.de\/wp-content\/uploads\/2024\/05\/RICO-SANCHEZ-Mas-Que-Antes.jpg 1200w\" sizes=\"auto, (max-width: 300px) 100vw, 300px\" \/>Rico Sanchez wurde am 30. Juli 1959 in Skopje, Jugoslawien, geboren. Schon als kleiner 4-j\u00e4hriger Junge spielte Ljupco mit einem kleinen Besen, der f\u00fcr eine Gitarre stand und sang dazu Volkslieder. Er war beliebt und gesund in der Nachbarschaft bekannt und jeder wusste, dass eines Tages dieser Gesang Junge w\u00fcrde seine Leidenschaft zum Beruf machen.<\/p>\n<p>Mit 14 Jahren wurde er j\u00fcngstes Mitglied des Folk-Ensembles &#8222;Mirce Acev&#8220;, mit dieser Gruppe ging er auf seine erste gro\u00dfe Deutschlandtournee, Schweiz, Italien und Frankreich. Gemeinsam mit dem Orchester und 40 Als T\u00e4nzer traten sie auf internationalen Volksfestivals auf, u.a. in Nizza Cuori und Kassel.<\/p>\n<p>Ljupcos Traum, eine eigene Band zu gr\u00fcnden, erf\u00fcllte sich bereits im Alter von 17 Jahren mit dem Namen &#8222;Tartif&#8220;, als S\u00e4nger und Bassist schrieb er seine ersten eigenen Songs.<\/p>\n<p>Gerade vollj\u00e4hrig feiert Ljupco bereits seine ersten Erfolge mit dem Band. Erste Studioaufnahmen folgen. Bald erhielt er seine ersten professionellen Engagements in Stockholm, wo er 3 Monate blieb. Aufgrund seiner verlorenen Zeit im Geographiestudium reiste er zu seiner Schwester nach Melbourne, Australien und trat in angesagten Clubs in Victoria und Melbourne auf. Seine ersten Bekanntschaften machte er mit internationalen Musikern wie Collin Hay, Wendy Stappelton, Little River Band und vielen mehr. Er kehrt nach Hause zur\u00fcck und schlie\u00dft im Alter von 27 Jahren sein Studium der Geographie an der Universit\u00e4t Kiril i Metodi in Skopje erfolgreich als Lehrer ab.<\/p>\n<p>In der Zwischenzeit entwickelt er sich zum professionellen Musiker und hat bereits eine Solokarriere im Sinn. Er spielt in Nachtclubs in \u00d6sterreich, der Schweiz und Deutschland mit der Band &#8222;Fullmoon&#8220;.<\/p>\n<p>Bei einem zuf\u00e4lligen Besuch in einer spanischen Bar in der D\u00fcsseldorfer Altstadt h\u00f6rt Musik aus den Lautsprechern, was ihn sofort begeistert. Er fragte sofort die Mitarbeiter, um welche Band es sich handelte, und so lernte Ljupco die &#8222;Gipsy Kings&#8220; kennen. Von diesem Schl\u00fcsselmoment an \u00e4nderte sich Ljupcos Leben und seine musikalische Richtung und er komponierte und sang ausschlie\u00dflich auf Spanisch. Der Erfolg lie\u00df nicht lange auf sich warten und es ging bergauf, dank seiner markanten und schnell erkennbaren Stimme erh\u00e4lt er 1994 sein erstes Angebot, eine eigene CD bei ASS-Records in Tirol aufzunehmen.<\/p>\n<p>Diese Erstproduktion &#8222;UN DESEO&#8220;, die in Mazedonien ein echter Hit war (Single &#8222;De Quien Eres&#8220; hielt sich acht Wochen lang auf Platz 1 der Charts), hat viele TV-Auftritte, Interviews und eine gro\u00dfe Tournee mit sich gebracht. 1999 folgt das zweite Soloalbum mit dem Titel &#8222;FIESTA&#8220;.<\/p>\n<p>Es folgte die Teilnahme in Estland auf der gr\u00f6\u00dften Sommerfestival &#8222;TERE P\u00c4RNU SUVI&#8220;, zusammen mit internationalen Stars wie GAZEBO,IN-GRID, Performances mit J\u00dcRGEN DREWS bei der &#8222;CHALLENGE MEGA PARTY 2005&#8220; in Offenburg, Vorsilvesterparty 2005 in Friedberg (mit DJ \u00d6TZI,URBAN EGO), Auftritt beim Weltwirtschaftsforum in St. Petersburg Petersburg (mit AL DI MEOLA, BONNY-M, KELLY FAMILY, ROBIN GIBB, LONDON BEAT), Auftritte beim Donauinselfest (auf der Radio Arabella-B\u00fchne), 2008 beim HANSI HINTERSEER Konzert Open Air in Kitzb\u00fchel, \u00fcbertragen von ORF und ARD (8 Mio. Zuschauer), Auff\u00fchrung in Puerto Cervo-Sardinien mit ROBBIE WILLIAMS, CARLA BRUNI und ANDREA BOCELLI. Ein gro\u00dfer Erfolg war das Zigeunerfest in Ciechocienek, Polen 2005 in vor 30 000 Besuchern mit LIVE-\u00dcbertragung im polnischen Fernsehen (10 Millionen Zuschauer).<\/p>\n<p>Rico war mit seiner Band Rico Sanchez &amp; The Gypsies zu Gast bei unz\u00e4hligen Fernsehsendungen wie JAKA TO MELODIA im Zweiten Polnischen Fernsehen (\u00fcber 20 Millionen Zuschauer), Auftritt in der Silvestersendung VECERNY. KVARTAL, organisiert vom derzeitigen ukrainischen Pr\u00e4sidenten, auf Inter TV &#8211; Ukraine (25 Millionen Zuschauer).<\/p>\n<p>Die Covid-19-Pandemie hat Rico die M\u00f6glichkeit gegeben, neue Songs wie Mi Amor, De Nuevo Otra Vez, Ederlezi und die neueste Single Por Un Amor.<\/p>\n<p><span style=\"color: #800000;\"><strong>Quelle: 12800<\/strong><\/span><\/p>\n<p><span style=\"color: #800000;\"><strong>Dieser Song ist ab dem 27.05.2024 auf allen Download- und Streaming-Portalen erh\u00e4ltlich!<\/strong><\/span><\/p>\n<p><span style=\"color: #800000;\"><strong>Airdate (f\u00fcr Radiosender): 27.05.2024<\/strong><\/span><\/p>\n","protected":false},"excerpt":{"rendered":"<p>Rico Sanchez wurde am 30. Juli 1959 in Skopje, Jugoslawien, geboren. Schon als kleiner 4-j\u00e4hriger Junge spielte Ljupco mit einem kleinen Besen, der f\u00fcr eine Gitarre stand und sang dazu Volkslieder. Er war beliebt und gesund in der Nachbarschaft bekannt und jeder wusste, dass eines Tages dieser Gesang Junge w\u00fcrde seine Leidenschaft zum Beruf machen. Mit 14 Jahren wurde er j\u00fcngstes Mitglied des Folk-Ensembles &#8222;Mirce Acev&#8220;, mit dieser Gruppe ging er auf seine erste gro\u00dfe Deutschlandtournee, Schweiz, Italien und Frankreich. Gemeinsam mit dem Orchester und 40 Als T\u00e4nzer traten sie auf internationalen Volksfestivals auf, u.a. in Nizza Cuori und Kassel. Ljupcos Traum, eine eigene Band&#8230;<\/p>\n","protected":false},"author":1,"featured_media":25913,"comment_status":"open","ping_status":"open","sticky":false,"template":"","format":"standard","meta":{"footnotes":""},"categories":[2],"tags":[2702],"class_list":["post-25912","post","type-post","status-publish","format-standard","has-post-thumbnail","hentry","category-schlager","tag-rico-sanchez","wpcat-2-id"],"_links":{"self":[{"href":"https:\/\/bergers-schlagerparadies.de\/index.php?rest_route=\/wp\/v2\/posts\/25912","targetHints":{"allow":["GET"]}}],"collection":[{"href":"https:\/\/bergers-schlagerparadies.de\/index.php?rest_route=\/wp\/v2\/posts"}],"about":[{"href":"https:\/\/bergers-schlagerparadies.de\/index.php?rest_route=\/wp\/v2\/types\/post"}],"author":[{"embeddable":true,"href":"https:\/\/bergers-schlagerparadies.de\/index.php?rest_route=\/wp\/v2\/users\/1"}],"replies":[{"embeddable":true,"href":"https:\/\/bergers-schlagerparadies.de\/index.php?rest_route=%2Fwp%2Fv2%2Fcomments&post=25912"}],"version-history":[{"count":2,"href":"https:\/\/bergers-schlagerparadies.de\/index.php?rest_route=\/wp\/v2\/posts\/25912\/revisions"}],"predecessor-version":[{"id":25915,"href":"https:\/\/bergers-schlagerparadies.de\/index.php?rest_route=\/wp\/v2\/posts\/25912\/revisions\/25915"}],"wp:featuredmedia":[{"embeddable":true,"href":"https:\/\/bergers-schlagerparadies.de\/index.php?rest_route=\/wp\/v2\/media\/25913"}],"wp:attachment":[{"href":"https:\/\/bergers-schlagerparadies.de\/index.php?rest_route=%2Fwp%2Fv2%2Fmedia&parent=25912"}],"wp:term":[{"taxonomy":"category","embeddable":true,"href":"https:\/\/bergers-schlagerparadies.de\/index.php?rest_route=%2Fwp%2Fv2%2Fcategories&post=25912"},{"taxonomy":"post_tag","embeddable":true,"href":"https:\/\/bergers-schlagerparadies.de\/index.php?rest_route=%2Fwp%2Fv2%2Ftags&post=25912"}],"curies":[{"name":"wp","href":"https:\/\/api.w.org\/{rel}","templated":true}]}}