{"id":2591,"date":"2021-01-31T14:38:46","date_gmt":"2021-01-31T13:38:46","guid":{"rendered":"http:\/\/bergers-schlagerparadies.de\/?p=2591"},"modified":"2021-01-31T14:38:46","modified_gmt":"2021-01-31T13:38:46","slug":"daniela-urich-und-von-gruendorf-du-gehst-fort-bergers-schlagerparadies","status":"publish","type":"post","link":"https:\/\/bergers-schlagerparadies.de\/?p=2591","title":{"rendered":"Daniela Urich und von Gr\u00fcndorf &#8211; Du gehst fort | Berger\u00b4s Schlagerparadies"},"content":{"rendered":"<p><img loading=\"lazy\" decoding=\"async\" class=\"size-medium wp-image-2593 alignleft\" src=\"https:\/\/bergers-schlagerparadies.de\/wp-content\/uploads\/2021\/01\/Daniela-Urich-und-von-Gruendorf-Du-gehst-fort-300x300.jpg\" alt=\"\" width=\"300\" height=\"300\" srcset=\"https:\/\/bergers-schlagerparadies.de\/wp-content\/uploads\/2021\/01\/Daniela-Urich-und-von-Gruendorf-Du-gehst-fort-300x300.jpg 300w, https:\/\/bergers-schlagerparadies.de\/wp-content\/uploads\/2021\/01\/Daniela-Urich-und-von-Gruendorf-Du-gehst-fort-150x150.jpg 150w, https:\/\/bergers-schlagerparadies.de\/wp-content\/uploads\/2021\/01\/Daniela-Urich-und-von-Gruendorf-Du-gehst-fort-768x768.jpg 768w, https:\/\/bergers-schlagerparadies.de\/wp-content\/uploads\/2021\/01\/Daniela-Urich-und-von-Gruendorf-Du-gehst-fort-100x100.jpg 100w, https:\/\/bergers-schlagerparadies.de\/wp-content\/uploads\/2021\/01\/Daniela-Urich-und-von-Gruendorf-Du-gehst-fort.jpg 960w\" sizes=\"auto, (max-width: 300px) 100vw, 300px\" \/>Daniela Urich<\/p>\n<p>In den Medien und Presseberichten wird sie als Multitalent und Powerfrau<br \/>\nzugleich bezeichnet. Nicht nur das sie ihr liebstes Hobby dem Singen,<br \/>\nl\u00e4ngst \u00a0schon als Berufung sieht, betreibt sie auch seit 31 Jahren in ihrer<br \/>\nHeimat Schwanenstadt sehr erfolgreich einen Friseursalon. Mit ihrem Team<br \/>\nwurde sie \u00a06x in Folge unter den 10 besten Intercoiffure Salons \u00d6sterreichs<br \/>\nausgezeichnet. Zus\u00e4tzlich betreibt sie mit ihrem Mann Hansi seit 12 Jahren<br \/>\nnoch ein sehr feines &#8222;Hotel Garni&#8220;, eine eigene &#8222;Boutique&#8220; und \u00a0ein<br \/>\nFriseurkaffee. Privat ist sie seit \u00fcber 29 Jahren gl\u00fccklich verheiratet und<br \/>\nleidenschaftliche Mutter von 6 Kinder. In ihrer 21 j\u00e4hrigen Musikkarriere<br \/>\nver\u00f6ffentlicht sie bereits 5 Alben und 2 DVDs, und ist mehrfache<br \/>\nHitparadensiegerin \u00a0im In -u. Ausland. Sogar \u00a0in D\u00e4nemark konnte sie mit<br \/>\nihrem \u00a0Titel &#8222;Ciao, ciao Amor&#8220; einen 1. Platz erzielen. \u00a0Weitere<br \/>\nmusikalische H\u00f6hepunkte war eine Finalteilnahme beim S\u00fcdtiroler Alpen Grand<br \/>\nPrix in Meran und sie ist Gewinnerin des deutschen Showpreises in der<br \/>\nKategorie &#8222;Gesang&#8220;. Auch als Veranstalterin, Organisatorin u. Moderatorin<br \/>\nihres \u00fcberaus beliebten Musi-Stadl, macht sie sich bereits seit Jahren \u00fcber<br \/>\ndie Grenzen von \u00d6sterreich hinaus einen Namen. Die N\u00e4he zum Publikum zu<br \/>\nihren Fans und die Zufriedenheit der Veranstalter ist Daniela Urich<br \/>\nbesonders wichtig!!! Von TV und den Medien zur &#8222;Kaiserin des Schlagers &#8220;<br \/>\ngekr\u00f6nt&#8220;, freut sie sich auf gro\u00dfe Herausforderungen, wie im August 2014<br \/>\nihr erstes gro\u00dfes Daniela Urich`s \u00a0Musi-Stadl \u00a0Open-Air am historischen<br \/>\nStadtplatz in V\u00f6cklabruck (A) und setzte damit einen weiteren gro\u00dfen<br \/>\nMeilenstein in ihrer musikalischen Karriere. Im November 2016 machte sie \u00a0in<br \/>\nihrer Heimatgemeinde das erste gro\u00dfe Benefiz Kirchenkonzert zu Gunsten der<br \/>\nSchmetterlingskinder, und zeigt wiederum mit der gro\u00dfen Charity<br \/>\nSchlagernacht 2017 f\u00fcr Emily, dass sie ein ganz besonderes gro\u00dfes Herz f\u00fcr beeindr\u00e4chtigte<br \/>\nKinder hat. Mit Star- Treff unterwegs die gro\u00dfe TV Musikshow das erste Mal<br \/>\nin ihrer Heimatstadt Schwanenstadt als Open Air \u00a0am Stadtplatz , erf\u00fchlt sie sich als Organisatorin<br \/>\nVeranstalterin und S\u00e4ngerin direkt an ihrem Geburtstag 12.08.2018 einen<br \/>\nweiteren Herzenswunsch !! 2019 schloss sie sich an einem \u00a0gro\u00dfen Projekt \u201eSchilling<\/p>\n<p>f\u00fcr Shilling\u201c f\u00fcr die \u00e4rmsten der Armen in Kenia an, dass sie mit Benefizveranstaltungen, wie zuletzt<\/p>\n<p>ihrer gro\u00dfen Jubil\u00e4umsfeier 40 Jahre Beruf 30 Jahre Selbstst\u00e4ndigkeit 10 Jahre Hotel Garni\u00a0 mit voller \u00dcberzeugung tatkr\u00e4ftig unterst\u00fctzte!!<\/p>\n","protected":false},"excerpt":{"rendered":"<p>Daniela Urich In den Medien und Presseberichten wird sie als Multitalent und Powerfrau zugleich bezeichnet. Nicht nur das sie ihr liebstes Hobby dem Singen, l\u00e4ngst \u00a0schon als Berufung sieht, betreibt sie auch seit 31 Jahren in ihrer Heimat Schwanenstadt sehr erfolgreich einen Friseursalon. Mit ihrem Team wurde sie \u00a06x in Folge unter den 10 besten Intercoiffure Salons \u00d6sterreichs ausgezeichnet. Zus\u00e4tzlich betreibt sie mit ihrem Mann Hansi seit 12 Jahren noch ein sehr feines &#8222;Hotel Garni&#8220;, eine eigene &#8222;Boutique&#8220; und \u00a0ein Friseurkaffee. Privat ist sie seit \u00fcber 29 Jahren gl\u00fccklich verheiratet und leidenschaftliche Mutter von 6 Kinder. In ihrer 21 j\u00e4hrigen Musikkarriere ver\u00f6ffentlicht sie bereits 5&#8230;<\/p>\n","protected":false},"author":1,"featured_media":2593,"comment_status":"open","ping_status":"open","sticky":false,"template":"","format":"standard","meta":{"footnotes":""},"categories":[2],"tags":[358],"class_list":["post-2591","post","type-post","status-publish","format-standard","has-post-thumbnail","hentry","category-schlager","tag-daniela-urich-und-von-gruendorf","wpcat-2-id"],"_links":{"self":[{"href":"https:\/\/bergers-schlagerparadies.de\/index.php?rest_route=\/wp\/v2\/posts\/2591","targetHints":{"allow":["GET"]}}],"collection":[{"href":"https:\/\/bergers-schlagerparadies.de\/index.php?rest_route=\/wp\/v2\/posts"}],"about":[{"href":"https:\/\/bergers-schlagerparadies.de\/index.php?rest_route=\/wp\/v2\/types\/post"}],"author":[{"embeddable":true,"href":"https:\/\/bergers-schlagerparadies.de\/index.php?rest_route=\/wp\/v2\/users\/1"}],"replies":[{"embeddable":true,"href":"https:\/\/bergers-schlagerparadies.de\/index.php?rest_route=%2Fwp%2Fv2%2Fcomments&post=2591"}],"version-history":[{"count":1,"href":"https:\/\/bergers-schlagerparadies.de\/index.php?rest_route=\/wp\/v2\/posts\/2591\/revisions"}],"predecessor-version":[{"id":2594,"href":"https:\/\/bergers-schlagerparadies.de\/index.php?rest_route=\/wp\/v2\/posts\/2591\/revisions\/2594"}],"wp:featuredmedia":[{"embeddable":true,"href":"https:\/\/bergers-schlagerparadies.de\/index.php?rest_route=\/wp\/v2\/media\/2593"}],"wp:attachment":[{"href":"https:\/\/bergers-schlagerparadies.de\/index.php?rest_route=%2Fwp%2Fv2%2Fmedia&parent=2591"}],"wp:term":[{"taxonomy":"category","embeddable":true,"href":"https:\/\/bergers-schlagerparadies.de\/index.php?rest_route=%2Fwp%2Fv2%2Fcategories&post=2591"},{"taxonomy":"post_tag","embeddable":true,"href":"https:\/\/bergers-schlagerparadies.de\/index.php?rest_route=%2Fwp%2Fv2%2Ftags&post=2591"}],"curies":[{"name":"wp","href":"https:\/\/api.w.org\/{rel}","templated":true}]}}